{"id":14033,"date":"2021-08-14T22:30:54","date_gmt":"2021-08-14T22:30:54","guid":{"rendered":"https:\/\/www.cordoba.gob.ar\/?p=12112"},"modified":"2021-08-14T22:30:54","modified_gmt":"2021-08-14T22:30:54","slug":"la-municipalidad-de-cordoba-participo-en-la-presentacion-del-libro-reiniciar-y-reinventar-la-escuela-el-aprendizaje-en-los-tiempos-de-covid-y-mas-alla","status":"publish","type":"post","link":"http:\/\/cordobadirecto.com\/index.php\/2021\/08\/14\/la-municipalidad-de-cordoba-participo-en-la-presentacion-del-libro-reiniciar-y-reinventar-la-escuela-el-aprendizaje-en-los-tiempos-de-covid-y-mas-alla\/","title":{"rendered":"La Municipalidad de C\u00f3rdoba particip\u00f3 en la presentaci\u00f3n del libro \u201cReiniciar y reinventar la escuela: el aprendizaje en los tiempos de Covid y m\u00e1s all\u00e1\u201d"},"content":{"rendered":"<div><img src=\"http:\/\/cordobadirecto.com\/wp-content\/uploads\/2021\/08\/la-municipalidad-de-cordoba-participo-en-la-presentacion-del-libro-reiniciar-y-reinventar-la-escuela-el-aprendizaje-en-los-tiempos-de-covid-y-mas-alla.jpg\" class=\"ff-og-image-inserted\"><\/div>\n<ul>\n<li><strong><strong>El secretario de Educaci\u00f3n, Horacio Ferreyra, en representaci\u00f3n del municipio fue convocado a participar de la presentaci\u00f3n organizada por la Fundaci\u00f3n global Varkey, Tu clase, Tu pa\u00eds y la Comunidad Educativa RIL.<\/strong><\/strong><br \/>\n<hr>\n<\/li>\n<\/ul>\n<p>La Municipalidad de C\u00f3rdoba particip\u00f3 en la presentaci\u00f3n del libro \u201cReiniciar y reinventar la escuela: El aprendizaje en los tiempos de COVID y m\u00e1s all\u00e1\u201d. El documento recoge la evidencia de las ciencias de la educaci\u00f3n y las ciencias sociales, para proponer un marco de dise\u00f1o e implementaci\u00f3n para el reinicio de la educaci\u00f3n escolar que mire hacia el futuro, que escape de la l\u00f3gica del d\u00e9ficit y las p\u00e9rdidas, y, en cambio, proponga estrategias para acelerar y profundizar el aprendizaje de todos los estudiantes.<\/p>\n<p>En este marco, el secretario de Educaci\u00f3n, Horacio Ferreyra expres\u00f3 que \u201c<em>el v\u00ednculo escuela-municipio se vio fortalecido y, como funcionarios, tuvimos que des-aprender para aprender a adaptarnos a esta nueva realidad. Como lo afirma nuestro intendente Martin Llaryora, todo se esta reinventando, las escuelas y los jardines tambi\u00e9n, est\u00e1n haciendo extraordinario lo cotidiano, por eso desde el municipio hablamos de una Escuela Posible, esa instituci\u00f3n que est\u00e1 siendo, desde una perspectiva situada, contextualizada. Desde la pol\u00edtica municipal trabajamos para ense\u00f1ar m\u00e1s y mejor, ocup\u00e1ndonos en estos tiempos de lo esencial, de lo m\u00e1s pertinente y relevante. Adem\u00e1s, apostamos a la continuidad de las trayectorias educativas de nuestros estudiantes con o sin el uso de las tecnolog\u00edas. Los docentes trabajaron y trabajan construyendo entornos integrados de aprendizaje, primando en las decisiones la justicia educativa<\/em>\u201d.<\/p>\n<p>Adem\u00e1s, valor\u00f3 la actividad de los docentes \u201c<em>como mediadores de la ampliaci\u00f3n de los horizontes culturas<\/em>\u201d, destac\u00f3 el compromiso que asumimos desde el municipio con su formaci\u00f3n y la gran inversi\u00f3n que implic\u00f3 la entrega de equipamiento tecnol\u00f3gico para todas las Escuelas y Jardines municipales, mejorando la conectividad y potenciando el acceso a las tecnolog\u00edas, la programaci\u00f3n y la rob\u00f3tica, lenguajes estos el futuro.<\/p>\n<p>En la presentaci\u00f3n del libro han estado presente Eugenio Severin (acad\u00e9mico), Mariela Guadagnoli (docente), Silvia Bacher (periodista) y Agust\u00edn Porres (moderador).<\/p>\n<p>El libro \u201cReiniciar y reinventar la escuela\u201d, fue elaborado por la acad\u00e9mica y experta educativa Linda Darling-Hammond y su equipo del Learning Policy Institute, fue originalmente publicado en Estados Unidos, como una forma de apoyar y acompa\u00f1ar la toma de decisiones de autoridades pol\u00edticas y educadores en el retorno a las aulas despu\u00e9s de la crisis sanitaria. Para la versi\u00f3n en espa\u00f1ol de este informe, se ha incorporado datos y algunos ejemplos de Latinoam\u00e9rica, y as\u00ed reconocer que las recomendaciones y caminos propuestos son perfectamente abordables con nuestras particularidades y contextos.<\/p>\n<p>Link de acceso al libro: <a href=\"https:\/\/bit.ly\/3iLQqR6\">https:\/\/bit.ly\/3iLQqR6<\/a><\/p>\n<p>Acceso a la presentaci\u00f3n: <a href=\"https:\/\/www.youtube.com\/watch?v=QXspuupebqM\">https:\/\/www.youtube.com\/watch?v=QXspuupebqM<\/a><\/p>\n","protected":false},"excerpt":{"rendered":"<p>El secretario de Educaci\u00f3n, Horacio Ferreyra, en representaci\u00f3n del municipio fue convocado a participar de la presentaci\u00f3n organizada por la Fundaci\u00f3n global Varkey, Tu clase, Tu pa\u00eds y la Comunidad Educativa RIL. La Municipalidad de C\u00f3rdoba particip\u00f3 en la presentaci\u00f3n del libro \u201cReiniciar y reinventar la escuela: El aprendizaje en los tiempos de COVID y [&hellip;]<\/p>\n","protected":false},"author":1,"featured_media":14034,"comment_status":"closed","ping_status":"closed","sticky":false,"template":"","format":"standard","meta":[],"categories":[44],"tags":[],"_links":{"self":[{"href":"http:\/\/cordobadirecto.com\/index.php\/wp-json\/wp\/v2\/posts\/14033"}],"collection":[{"href":"http:\/\/cordobadirecto.com\/index.php\/wp-json\/wp\/v2\/posts"}],"about":[{"href":"http:\/\/cordobadirecto.com\/index.php\/wp-json\/wp\/v2\/types\/post"}],"author":[{"embeddable":true,"href":"http:\/\/cordobadirecto.com\/index.php\/wp-json\/wp\/v2\/users\/1"}],"replies":[{"embeddable":true,"href":"http:\/\/cordobadirecto.com\/index.php\/wp-json\/wp\/v2\/comments?post=14033"}],"version-history":[{"count":0,"href":"http:\/\/cordobadirecto.com\/index.php\/wp-json\/wp\/v2\/posts\/14033\/revisions"}],"wp:featuredmedia":[{"embeddable":true,"href":"http:\/\/cordobadirecto.com\/index.php\/wp-json\/wp\/v2\/media\/14034"}],"wp:attachment":[{"href":"http:\/\/cordobadirecto.com\/index.php\/wp-json\/wp\/v2\/media?parent=14033"}],"wp:term":[{"taxonomy":"category","embeddable":true,"href":"http:\/\/cordobadirecto.com\/index.php\/wp-json\/wp\/v2\/categories?post=14033"},{"taxonomy":"post_tag","embeddable":true,"href":"http:\/\/cordobadirecto.com\/index.php\/wp-json\/wp\/v2\/tags?post=14033"}],"curies":[{"name":"wp","href":"https:\/\/api.w.org\/{rel}","templated":true}]}}