{"id":14036,"date":"2021-08-13T12:19:56","date_gmt":"2021-08-13T12:19:56","guid":{"rendered":"https:\/\/cordoba.gob.ar\/?p=12076"},"modified":"2021-08-13T12:19:56","modified_gmt":"2021-08-13T12:19:56","slug":"el-intendente-inauguro-un-seminario-de-educacion-orientado-a-la-formacion-en-el-desarrollo-sostenible","status":"publish","type":"post","link":"http:\/\/cordobadirecto.com\/index.php\/2021\/08\/13\/el-intendente-inauguro-un-seminario-de-educacion-orientado-a-la-formacion-en-el-desarrollo-sostenible\/","title":{"rendered":"El Intendente inaugur\u00f3 un seminario de educaci\u00f3n orientado a la formaci\u00f3n en el desarrollo sostenible"},"content":{"rendered":"<div><img src=\"http:\/\/cordobadirecto.com\/wp-content\/uploads\/2021\/08\/el-intendente-inauguro-un-seminario-de-educacion-orientado-a-la-formacion-en-el-desarrollo-sostenible.jpg\" class=\"ff-og-image-inserted\"><\/div>\n<ul>\n<li><strong>La propuesta del seminario incluye webinars de paneles de especialistas y referentes de experiencias en las diferentes tem\u00e1ticas fundamentales de la educaci\u00f3n social hacia un mundo con desarrollo sostenible.<\/strong><\/li>\n<li><strong>Para participar es requisito inscribirse y completar los datos en el siguiente <a href=\"https:\/\/bit.ly\/375bxH8\">formulario<\/a>.<\/strong><\/li>\n<\/ul>\n<hr>\n<p>El intendente Mart\u00edn Llaryora dio inicio este jueves al seminario de formaci\u00f3n \u201cTransformando ciudades. Encuentros por una educaci\u00f3n para el Desarrollo Sostenible\u201d, llevado adelante por la Secretar\u00eda de Educaci\u00f3n, a trav\u00e9s de la Direcci\u00f3n de Parques Educativos, en colaboraci\u00f3n con las distintas secretar\u00edas y entes descentralizados de la Municipalidad de C\u00f3rdoba.<\/p>\n<p>La iniciativa est\u00e1 destinada a funcionarios municipales, provinciales y nacionales, miembros de equipos t\u00e9cnicos, docentes, directivos, profesionales, personal municipal y p\u00fablico en general interesado.<\/p>\n<p>La conferencia inaugural fue dictada por Romina Kassman y Cristian Bravo, ambos de UNESCO Chile, y coordinada por la secretaria de Planeamiento y Relaciones Internacionales, Alejandra Torres.<\/p>\n<p>\u201cHoy nuestras acciones vinculadas al modelo de ciudad van ajust\u00e1ndose a esta idea de desarrollo sostenible, nosotros nos vamos a hacer responsables de nuestro momento hist\u00f3rico junto a los aqu\u00ed presentes. Vamos a construir el cambio que ayuda al mundo desde las transformaciones educativas hacia un desarrollo sustentable, a favor del ambiente, para mejorar la calidad de nuestras ciudades\u201d, manifest\u00f3 el Intendente Llaryora.<\/p>\n<p>Por su parte, el secretario de Educaci\u00f3n, Horacio Ferreyra, sostuvo al respecto: \u201cla educaci\u00f3n como todos sabemos y nuestro intendente sostiene, es el pilar fundamental de la sociedad, por eso este seminario nos viene a dar herramientas para poder pensar, para poner de pie a nuestra ciudad en su diversidad\u201d.<\/p>\n<p>La propuesta del seminario incluye webinars de paneles de especialistas y referentes de experiencias en las diferentes tem\u00e1ticas fundamentales de la educaci\u00f3n social hacia un mundo con desarrollo sostenible. Estas instancias son coordinadas junto a cada secretar\u00eda del gabinete municipal seg\u00fan tema: educaci\u00f3n; Bienestar, salud y alimentaci\u00f3n; Ambiente y consumo responsable; Comunidad, convivencia e inclusi\u00f3n; Educaci\u00f3n, g\u00e9nero e igualdad; Ciudad y comunidades sostenibles.<\/p>\n<p>Estos espacios formativos se proponen desde una mirada plural para aportar a debates sobre el presente y para el futuro, con \u00e9nfasis en la planificaci\u00f3n y desarrollo de acciones que recuperen la construcci\u00f3n de saberes y conocimientos, fortalezcan procesos de organizaci\u00f3n territorial, mejoren la prestaci\u00f3n de servicios a la comunidad y motoricen espacios de participaci\u00f3n y acci\u00f3n.<\/p>\n<p>Los encuentros se desarrollar\u00e1n en 6 oportunidades en los meses de agosto, septiembre y octubre del 2021.<\/p>\n<p>La asistencia ser\u00e1 certificada. En el caso de los docentes del sistema municipal, la certificaci\u00f3n tendr\u00e1 validez ante los organismos de valoraci\u00f3n de antecedentes.<\/p>\n<p>Para participar es requisito inscribirse y completar los datos en el siguiente <a href=\"https:\/\/bit.ly\/375bxH8\">formulario.<\/a><\/p>\n<p>M\u00e1s informaci\u00f3n sobre la propuesta en este <a href=\"https:\/\/bit.ly\/3fqCauR\">link<\/a>.<\/p>\n","protected":false},"excerpt":{"rendered":"<p>La propuesta del seminario incluye webinars de paneles de especialistas y referentes de experiencias en las diferentes tem\u00e1ticas fundamentales de la educaci\u00f3n social hacia un mundo con desarrollo sostenible. Para participar es requisito inscribirse y completar los datos en el siguiente formulario. El intendente Mart\u00edn Llaryora dio inicio este jueves al seminario de formaci\u00f3n \u201cTransformando [&hellip;]<\/p>\n","protected":false},"author":1,"featured_media":14037,"comment_status":"closed","ping_status":"closed","sticky":false,"template":"","format":"standard","meta":[],"categories":[44],"tags":[],"_links":{"self":[{"href":"http:\/\/cordobadirecto.com\/index.php\/wp-json\/wp\/v2\/posts\/14036"}],"collection":[{"href":"http:\/\/cordobadirecto.com\/index.php\/wp-json\/wp\/v2\/posts"}],"about":[{"href":"http:\/\/cordobadirecto.com\/index.php\/wp-json\/wp\/v2\/types\/post"}],"author":[{"embeddable":true,"href":"http:\/\/cordobadirecto.com\/index.php\/wp-json\/wp\/v2\/users\/1"}],"replies":[{"embeddable":true,"href":"http:\/\/cordobadirecto.com\/index.php\/wp-json\/wp\/v2\/comments?post=14036"}],"version-history":[{"count":0,"href":"http:\/\/cordobadirecto.com\/index.php\/wp-json\/wp\/v2\/posts\/14036\/revisions"}],"wp:featuredmedia":[{"embeddable":true,"href":"http:\/\/cordobadirecto.com\/index.php\/wp-json\/wp\/v2\/media\/14037"}],"wp:attachment":[{"href":"http:\/\/cordobadirecto.com\/index.php\/wp-json\/wp\/v2\/media?parent=14036"}],"wp:term":[{"taxonomy":"category","embeddable":true,"href":"http:\/\/cordobadirecto.com\/index.php\/wp-json\/wp\/v2\/categories?post=14036"},{"taxonomy":"post_tag","embeddable":true,"href":"http:\/\/cordobadirecto.com\/index.php\/wp-json\/wp\/v2\/tags?post=14036"}],"curies":[{"name":"wp","href":"https:\/\/api.w.org\/{rel}","templated":true}]}}