{"id":14042,"date":"2021-08-14T15:39:00","date_gmt":"2021-08-14T15:39:00","guid":{"rendered":"http:\/\/cordobadirecto.com\/index.php\/2021\/08\/14\/pase-sanitario-un-debate-que-crece-en-europa-y-se-extiende-en-el-mundo\/"},"modified":"2021-08-14T15:39:00","modified_gmt":"2021-08-14T15:39:00","slug":"pase-sanitario-un-debate-que-crece-en-europa-y-se-extiende-en-el-mundo","status":"publish","type":"post","link":"http:\/\/cordobadirecto.com\/index.php\/2021\/08\/14\/pase-sanitario-un-debate-que-crece-en-europa-y-se-extiende-en-el-mundo\/","title":{"rendered":"Pase sanitario: un debate que crece en Europa y se extiende en el mundo"},"content":{"rendered":"<div class=\"image\" id=\"image\" readability=\"8\"> <img src=\"http:\/\/cordobadirecto.com\/wp-content\/uploads\/2021\/08\/pase-sanitario-un-debate-que-crece-en-europa-y-se-extiende-en-el-mundo.jpg\" alt=\"Varios pa\u00edses ya avanzan con la obligatoriedad de vacunarse para trabajadores sanitarios y empleados p\u00fablicos. (foto AFP)\" title=\"Varios pa\u00edses ya avanzan con la obligatoriedad de vacunarse para trabajadores sanitarios y empleados p\u00fablicos. (foto AFP)\"><\/p>\n<p>Varios pa\u00edses ya avanzan con la obligatoriedad de vacunarse para trabajadores sanitarios y empleados p\u00fablicos. (foto AFP)<\/p>\n<\/div>\n<p><strong>Tildado de &#8220;ilegal&#8221; por grupos antivacunas y de ultraderecha y defendido con argumentos epidemiol\u00f3gicos y econ\u00f3micos por gobiernos y organizaciones de la sociedad civil<\/strong>, el pase sanitario contra el coronavirus ya es una realidad en varios pa\u00edses de Europa y <strong>su implementaci\u00f3n promete ser tema de debate en otras latitudes a medida que avanzan las campa\u00f1as de inmunizaci\u00f3n<\/strong>.<\/p>\n<p>Surgido en principio para facilitar el viaje entre miembros de la Uni\u00f3n Europea (UE) y para habilitar el ingreso a espacios p\u00fablicos como restaurantes y espect\u00e1culos, en un intento de reflotar el turismo y la econom\u00eda golpeados por la pandemia, el uso de este tipo de certificados se extendi\u00f3 hasta el transporte y las instituciones educativas.<\/p>\n<p>Aunque <strong>los contagios vuelven a expandirse por la variante Delta<\/strong>, un heterog\u00e9neo sector de la poblaci\u00f3n que incluye antivacunas, libertarios y grupos de ultraderecha se oponen a su utilizaci\u00f3n con argumentos que van desde el ataque a las libertades civiles, discriminaci\u00f3n y la filtraci\u00f3n de datos personales, entre otros.<\/p>\n<blockquote readability=\"6\">\n<p>&#8220;Las vacunas protegen no solo a quienes las reciben, sino tambi\u00e9n a quienes los rodean\u201d<span class=\"comilla\">\u201d<\/span><\/p>\n<p><span>Orsolya Reich<\/span><\/p>\n<\/blockquote>\n<p><strong>Orsolya Reich, representante de la ONG Civil Liberties Union for Europe<\/strong>, piensa lo contrario: \u201c<strong>En sociedades democr\u00e1ticas puede ser necesario restringir la libertad de una persona para asegurarse de que se respeten los derechos de todos<\/strong>. En consecuencia, bajo ciertas circunstancias, puede ser legal no permitir que personas no vacunadas ingresen a ciertos lugares\u201d.<\/p>\n<p>\u201cEl Estado tiene el deber de proteger el derecho a la salud de todos los ciudadanos. Las vacunas protegen no solo a quienes las reciben, sino tambi\u00e9n a quienes los rodean\u201d, a\u00f1adi\u00f3 en declaraciones a T\u00e9lam el oficial de la organizaci\u00f3n con sede en Berl\u00edn.<\/p>\n<div class=\"image\" id=\"image\" readability=\"8\"> <img src=\"http:\/\/cordobadirecto.com\/wp-content\/uploads\/2021\/08\/pase-sanitario-un-debate-que-crece-en-europa-y-se-extiende-en-el-mundo-1.jpg\" alt=\"El certificado es tildado de &quot;ilegal&quot; por grupos antivacunas y de ultraderecha y defendido por gobiernos y organizaciones. (foto AFP)\" title=\"El certificado es tildado de &quot;ilegal&quot; por grupos antivacunas y de ultraderecha y defendido por gobiernos y organizaciones. (foto AFP)\"><\/p>\n<p>El certificado es tildado de &#8220;ilegal&#8221; por grupos antivacunas y de ultraderecha y defendido por gobiernos y organizaciones. (foto AFP)<\/p>\n<\/div>\n<p><strong>El Consejo Constitucional de Francia, la m\u00e1xima autoridad judicial en el tema, lo entendi\u00f3 as\u00ed al avalar la legalidad de la ley impulsada por el presidente Emmanuel Macron<\/strong> y aprobada por el Congreso, por la que desde el lunes pasado hay que presentar el certificado para entrar a bares, restaurantes, cines, teatros, hospitales y tambi\u00e9n para realizar trayectos largos en avi\u00f3n, tren o micro.<\/p>\n<p>Sin embargo, <strong>esta medida<\/strong>, que incluye adem\u00e1s la vacunaci\u00f3n obligatoria para el personal sanitario, <strong>encontr\u00f3 la resistencia de multitudinarias marchas que desde hace cuatro s\u00e1bados inundan las principales ciudades francesas<\/strong> con consignas a favor de la \u201clibertad\u201d y en contra de la \u201cdiscriminaci\u00f3n\u201d ante la &#8220;imposici\u00f3n&#8221; de un pase que consideran \u201cilegal\u201d.<\/p>\n<p>Este tipo de protestas se replicaron en Italia, Reino Unido y Alemania y, aunque en muchos casos fueron numerosas, representan a un sector minoritario de la sociedad si se toma en cuenta que el porcentaje de adultos inmunizados con al menos una dosis en esos pa\u00edses tiene un piso de 75% y llega hasta el 89% entre la poblaci\u00f3n brit\u00e1nica.<\/p>\n<blockquote readability=\"12\">\n<p>El certificado sanitario est\u00e1 vigente tambi\u00e9n con matices en Dinamarca, Grecia, Portugal, Irlanda, B\u00e9lgica y, fuera de Europa, existe en Israel y China<span class=\"comilla\">\u201d<\/span><\/p>\n<\/blockquote>\n<p>El certificado sanitario est\u00e1 vigente tambi\u00e9n con matices en Dinamarca, Grecia, Portugal, Irlanda, B\u00e9lgica y, fuera de Europa, existe en Israel y China, mientras que la ciudad de Nueva York y la provincia canadiense de Quebec pondr\u00e1n en marcha una iniciativa similar, al igual que la provincia de Buenos Aires en la que existe una norma que ampl\u00eda el aforo de establecimientos para vacunados.<\/p>\n<p>\u201cLa pregunta que los legisladores deben responder antes de prohibir que quienes no est\u00e9n dispuestos a vacunarse ingresen a ciertos espacios es si existen otras formas, menos infractoras de derechos, a trav\u00e9s de las cuales se puede lograr el mismo objetivo y si las restricciones son proporcionales. Para comprender qu\u00e9 es proporcionado y qu\u00e9 es necesario, los pol\u00edticos deben confiar en la ciencia, consultar a cient\u00edficos y expertos en salud p\u00fablica\u201d, indic\u00f3 Reich.<\/p>\n<p>En la mayor\u00eda de los ejemplos europeos, adem\u00e1s de la vacunaci\u00f3n, el poseedor del certificado a\u00fan puede ingresar a un determinado lugar si prueba que super\u00f3 la enfermedad y tiene anticuerpos o si dio negativo en un test PCR reciente, lo que acall\u00f3 algunas cr\u00edticas ante las preocupaciones \u00e9ticas de crear un documento divisorio de derechos.<\/p>\n<div class=\"image\" id=\"image\" readability=\"9\"> <img src=\"http:\/\/cordobadirecto.com\/wp-content\/uploads\/2021\/08\/pase-sanitario-un-debate-que-crece-en-europa-y-se-extiende-en-el-mundo-2.jpg\" alt=\"El Tribunal Europeo de Derechos Humanos dictamin\u00f3 en abril que la vacunaci\u00f3n obligatoria es &quot;necesaria en una sociedad democr\u00e1tica&quot;,\" title=\"El Tribunal Europeo de Derechos Humanos dictamin\u00f3 en abril que la vacunaci\u00f3n obligatoria es &quot;necesaria en una sociedad democr\u00e1tica&quot;,\"><\/p>\n<p>El Tribunal Europeo de Derechos Humanos dictamin\u00f3 en abril que la vacunaci\u00f3n obligatoria es &#8220;necesaria en una sociedad democr\u00e1tica&#8221;,<\/p>\n<\/div>\n<p>\u201cAunque estos pases pueden incentivar a la vacunaci\u00f3n, es crucial que no est\u00e1n dise\u00f1ados, implementados ni utilizados como un privilegio para quienes tienen acceso a vacunas y pruebas, sino m\u00e1s bien como una forma de crear un entorno epidemiol\u00f3gicamente m\u00e1s seguro para todos\u201d, indic\u00f3 en ese sentido un comunicado conjunto de dos comit\u00e9s de la Unesco que se encargan de \u00e9tica de la ciencia y bio\u00e9tica.<\/p>\n<p>A medida que los inmunizantes y testeos son accesibles para todos, por lo menos en Europa y Estados Unidos donde existe una mayor reserva de suministros contra el coronavirus, el argumento de la elecci\u00f3n de inocularse o no qued\u00f3 atr\u00e1s y varios pa\u00edses ya avanzan con la obligatoriedad de vacunarse, por lo menos para ciertos sectores como trabajadores sanitarios y empleados p\u00fablicos.<\/p>\n<p>Esta medida tambi\u00e9n tiene un respaldo legal: el Tribunal Europeo de Derechos Humanos dictamin\u00f3 en abril que la vacunaci\u00f3n obligatoria es &#8220;necesaria en una sociedad democr\u00e1tica&#8221;, en una sentencia pronunciada en un caso solicitado por padres de ni\u00f1os rechazados por guarder\u00edas en Rep\u00fablica Checa por no estar vacunados. <\/p>\n","protected":false},"excerpt":{"rendered":"<p>Varios pa\u00edses ya avanzan con la obligatoriedad de vacunarse para trabajadores sanitarios y empleados p\u00fablicos. (foto AFP) Tildado de &#8220;ilegal&#8221; por grupos antivacunas y de ultraderecha y defendido con argumentos epidemiol\u00f3gicos y econ\u00f3micos por gobiernos y organizaciones de la sociedad civil, el pase sanitario contra el coronavirus ya es una realidad en varios pa\u00edses de [&hellip;]<\/p>\n","protected":false},"author":1,"featured_media":14043,"comment_status":"closed","ping_status":"closed","sticky":false,"template":"","format":"standard","meta":[],"categories":[24],"tags":[],"_links":{"self":[{"href":"http:\/\/cordobadirecto.com\/index.php\/wp-json\/wp\/v2\/posts\/14042"}],"collection":[{"href":"http:\/\/cordobadirecto.com\/index.php\/wp-json\/wp\/v2\/posts"}],"about":[{"href":"http:\/\/cordobadirecto.com\/index.php\/wp-json\/wp\/v2\/types\/post"}],"author":[{"embeddable":true,"href":"http:\/\/cordobadirecto.com\/index.php\/wp-json\/wp\/v2\/users\/1"}],"replies":[{"embeddable":true,"href":"http:\/\/cordobadirecto.com\/index.php\/wp-json\/wp\/v2\/comments?post=14042"}],"version-history":[{"count":0,"href":"http:\/\/cordobadirecto.com\/index.php\/wp-json\/wp\/v2\/posts\/14042\/revisions"}],"wp:featuredmedia":[{"embeddable":true,"href":"http:\/\/cordobadirecto.com\/index.php\/wp-json\/wp\/v2\/media\/14043"}],"wp:attachment":[{"href":"http:\/\/cordobadirecto.com\/index.php\/wp-json\/wp\/v2\/media?parent=14042"}],"wp:term":[{"taxonomy":"category","embeddable":true,"href":"http:\/\/cordobadirecto.com\/index.php\/wp-json\/wp\/v2\/categories?post=14042"},{"taxonomy":"post_tag","embeddable":true,"href":"http:\/\/cordobadirecto.com\/index.php\/wp-json\/wp\/v2\/tags?post=14042"}],"curies":[{"name":"wp","href":"https:\/\/api.w.org\/{rel}","templated":true}]}}