{"id":14058,"date":"2021-08-15T18:27:46","date_gmt":"2021-08-15T18:27:46","guid":{"rendered":"https:\/\/www.bbc.com\/mundo\/noticias-internacional-58221075"},"modified":"2021-08-15T18:27:46","modified_gmt":"2021-08-15T18:27:46","slug":"afganistan-el-taliban-entra-a-kabul-y-el-presidente-ghani-abandona-el-pais","status":"publish","type":"post","link":"http:\/\/cordobadirecto.com\/index.php\/2021\/08\/15\/afganistan-el-taliban-entra-a-kabul-y-el-presidente-ghani-abandona-el-pais\/","title":{"rendered":"Afganist\u00e1n: el Talib\u00e1n entra a Kabul y el presidente Ghani abandona el pa\u00eds"},"content":{"rendered":"<div dir=\"ltr\" class=\"e1j2237y5 bbc-q4ibpr e57qer20\">\n<div class=\"bbc-1atl7vu e1c9i7u14\">\n<ul role=\"list\" class=\"bbc-cdrraw e1c9i7u12\">\n<li role=\"listitem\" class=\"bbc-1a3w4ok e1c9i7u11\">Redacci\u00f3n <\/li>\n<li role=\"listitem\" class=\"bbc-1p92jtu e1c9i7u10\">BBC News Mundo<\/li>\n<\/ul>\n<\/div>\n<\/div>\n<div dir=\"ltr\" class=\"e1j2237y6 bbc-q4ibpr e57qer20\"><time datetime=\"2021-08-15\" class=\"bbc-14xtggo e4zesg50\">15 agosto 2021, 10:55 GMT<\/time><\/p>\n<p><time datetime=\"2021-08-15\" class=\"bbc-14xtggo e4zesg50\">Actualizado 2 horas<\/time><\/p>\n<\/div>\n<div dir=\"ltr\" class=\"bbc-1ka88fa e57qer20\">\n<figure class=\"bbc-1qdcvv9 e6bmn90\">\n<div dir=\"ltr\" class=\"bbc-172p16q e57qer20\">\n<div dir=\"ltr\" class=\"bbc-189y18v e57qer20\" readability=\"6.5\">\n<div data-e2e=\"image-placeholder\" class=\"bbc-1k5hvrj e1whu0\" readability=\"8\"><img srcset=\"http:\/\/cordobadirecto.com\/wp-content\/uploads\/2021\/08\/afganistan-el-taliban-entra-a-kabul-y-el-presidente-ghani-abandona-el-pais-7.jpg 240w, http:\/\/cordobadirecto.com\/wp-content\/uploads\/2021\/08\/afganistan-el-taliban-entra-a-kabul-y-el-presidente-ghani-abandona-el-pais-8.jpg 320w, http:\/\/cordobadirecto.com\/wp-content\/uploads\/2021\/08\/afganistan-el-taliban-entra-a-kabul-y-el-presidente-ghani-abandona-el-pais-9.jpg 480w, http:\/\/cordobadirecto.com\/wp-content\/uploads\/2021\/08\/afganistan-el-taliban-entra-a-kabul-y-el-presidente-ghani-abandona-el-pais-10.jpg 624w, http:\/\/cordobadirecto.com\/wp-content\/uploads\/2021\/08\/afganistan-el-taliban-entra-a-kabul-y-el-presidente-ghani-abandona-el-pais-11.jpg 800w\" alt=\"Talibanes el 15 de agosto.\" src=\"http:\/\/cordobadirecto.com\/wp-content\/uploads\/2021\/08\/afganistan-el-taliban-entra-a-kabul-y-el-presidente-ghani-abandona-el-pais.jpg\" width=\"976\" class=\"bbc-fat2bc e1enwo3v0\"><\/p>\n<p role=\"text\" class=\"bbc-1s1cxbv etq3yw90\"><span class=\"bbc-1gnhmg2 e1yt7oin0\">Fuente de la imagen, <\/span><span lang=\"en-GB\">Getty Images<\/span><\/p>\n<\/div>\n<\/div>\n<div dir=\"ltr\" class=\"bbc-3edg7g e57qer20\" readability=\"6\"><figcaption dir=\"ltr\" class=\"bbc-1t9zlwf eede9f50\" readability=\"2\"><span class=\"bbc-1gnhmg2 e1yt7oin0\">Pie de foto, <\/span><\/p>\n<p>El Talib\u00e1n inform\u00f3 que tom\u00f3 control de varios distritos de Kabul en la tarde de este domingo.<\/p>\n<\/figcaption><\/div>\n<\/div>\n<\/figure>\n<\/div>\n<div dir=\"ltr\" class=\"bbc-19j92fr e57qer20\" readability=\"10\">\n<p dir=\"ltr\" class=\"bbc-bm53ic e1cc2ql70\"><b>Voceros del Talib\u00e1n informaron este domingo que controlan varios distritos de la capital Kabul, que pronto van a declarar el Emirato Isl\u00e1mico de Afganist\u00e1n y de ese modo retomar el control del pa\u00eds 20 a\u00f1os despu\u00e9s de perder el poder tras una invasi\u00f3n liderada por EE.UU. <\/b><\/p>\n<\/div>\n<div dir=\"ltr\" class=\"bbc-19j92fr e57qer20\" readability=\"11\">\n<p dir=\"ltr\" class=\"bbc-bm53ic e1cc2ql70\">Tras tomar posesi\u00f3n de casi la totalidad del pa\u00eds, los talibanes han ordenado a sus combatientes que se abstengan de protagonizar incidente violentos y <b>permitan el paso seguro a cualquiera que quiera irse <\/b>del capital mientras negocian con representantes del actual gobierno una transici\u00f3n de poder.<\/p>\n<\/div>\n<div dir=\"ltr\" class=\"bbc-19j92fr e57qer20\" readability=\"13\">\n<p dir=\"ltr\" class=\"bbc-bm53ic e1cc2ql70\">En este marco, varias informaciones que citan a funcionarios afganos, afirman que el presidente Ashraf Ghani ha abandonado el pa\u00eds, junto con el vicepresidente Amrullah Saleh, sin que se conozca a\u00fan hacia d\u00f3nde se dirigen ahora. <\/p>\n<\/div>\n<div dir=\"ltr\" class=\"bbc-19j92fr e57qer20\" readability=\"9\">\n<p dir=\"ltr\" class=\"bbc-bm53ic e1cc2ql70\">Ghani se ha visto sometido a una presi\u00f3n cada vez mayor para que presentara su dimisi\u00f3n despu\u00e9s de que las principales ciudades de <b>Afganist\u00e1n hayan ca\u00eddo en manos de los militantes talibanes en menos de 10 d\u00edas.<\/b><\/p>\n<\/div>\n<div dir=\"ltr\" class=\"bbc-1ka88fa e57qer20\">\n<figure class=\"bbc-1qdcvv9 e6bmn90\">\n<div dir=\"ltr\" class=\"bbc-172p16q e57qer20\">\n<div dir=\"ltr\" class=\"bbc-189y18v e57qer20\" readability=\"6.5\">\n<div data-e2e=\"image-placeholder\" class=\"bbc-1k5hvrj e1whu0\" readability=\"8\"><noscript><img srcset=\"http:\/\/cordobadirecto.com\/wp-content\/uploads\/2021\/08\/afganistan-el-taliban-entra-a-kabul-y-el-presidente-ghani-abandona-el-pais-12.jpg 240w, http:\/\/cordobadirecto.com\/wp-content\/uploads\/2021\/08\/afganistan-el-taliban-entra-a-kabul-y-el-presidente-ghani-abandona-el-pais-13.jpg 320w, http:\/\/cordobadirecto.com\/wp-content\/uploads\/2021\/08\/afganistan-el-taliban-entra-a-kabul-y-el-presidente-ghani-abandona-el-pais-14.jpg 480w, http:\/\/cordobadirecto.com\/wp-content\/uploads\/2021\/08\/afganistan-el-taliban-entra-a-kabul-y-el-presidente-ghani-abandona-el-pais-15.jpg 624w, http:\/\/cordobadirecto.com\/wp-content\/uploads\/2021\/08\/afganistan-el-taliban-entra-a-kabul-y-el-presidente-ghani-abandona-el-pais-16.jpg 800w\" alt=\"Los talibanes est\u00e1n a las puertas de Kabul\" src=\"http:\/\/cordobadirecto.com\/wp-content\/uploads\/2021\/08\/afganistan-el-taliban-entra-a-kabul-y-el-presidente-ghani-abandona-el-pais-1.jpg\" width=\"976\" class=\"bbc-fat2bc e1enwo3v0\"><\/noscript><\/p>\n<p role=\"text\" class=\"bbc-1s1cxbv etq3yw90\"><span class=\"bbc-1gnhmg2 e1yt7oin0\">Fuente de la imagen, <\/span><span lang=\"en-GB\">Getty Images<\/span><\/p>\n<\/div>\n<\/div>\n<\/div>\n<\/figure>\n<\/div>\n<div dir=\"ltr\" class=\"bbc-19j92fr e57qer20\" readability=\"8\">\n<p dir=\"ltr\" class=\"bbc-bm53ic e1cc2ql70\">Un portavoz de los talibanes le dijo a Yalda Hakim de la BBC que en la captura de Kabul &#8220;no habr\u00e1 venganza&#8221; contra el pueblo afgano.<\/p>\n<\/div>\n<div dir=\"ltr\" class=\"bbc-19j92fr e57qer20\" readability=\"12\">\n<p dir=\"ltr\" class=\"bbc-bm53ic e1cc2ql70\">&#8220;Le aseguramos a la gente en Afganist\u00e1n, particularmente en la ciudad de Kabul, que sus propiedades y sus vidas est\u00e1n a salvo, <b>no habr\u00e1 venganza contra nadie<\/b>&#8220;, dijo Suhail Shaheen a la BBC.<\/p>\n<\/div>\n<div dir=\"ltr\" class=\"bbc-19j92fr e57qer20\" readability=\"11\">\n<p dir=\"ltr\" class=\"bbc-bm53ic e1cc2ql70\">&#8220;Somos los servidores del pueblo y de este pa\u00eds&#8221;.&#8221;Nuestro l\u00edderes han dado instrucciones a nuestras fuerzas para que <b>permanezcan a las puerta de Kabul<\/b>, sin entrar en la ciudad. Estamos esperando una transferencia pac\u00edfica del poder&#8221;, a\u00f1adi\u00f3.<\/p>\n<\/div>\n<div dir=\"ltr\" class=\"bbc-1ka88fa e57qer20\">\n<figure class=\"bbc-1qdcvv9 e6bmn90\">\n<div dir=\"ltr\" class=\"bbc-172p16q e57qer20\">\n<div dir=\"ltr\" class=\"bbc-189y18v e57qer20\" readability=\"6.5\">\n<div data-e2e=\"image-placeholder\" class=\"bbc-1k5hvrj e1whu0\" readability=\"8\"><noscript><img srcset=\"http:\/\/cordobadirecto.com\/wp-content\/uploads\/2021\/08\/afganistan-el-taliban-entra-a-kabul-y-el-presidente-ghani-abandona-el-pais-17.jpg 240w, http:\/\/cordobadirecto.com\/wp-content\/uploads\/2021\/08\/afganistan-el-taliban-entra-a-kabul-y-el-presidente-ghani-abandona-el-pais-18.jpg 320w, http:\/\/cordobadirecto.com\/wp-content\/uploads\/2021\/08\/afganistan-el-taliban-entra-a-kabul-y-el-presidente-ghani-abandona-el-pais-19.jpg 480w, http:\/\/cordobadirecto.com\/wp-content\/uploads\/2021\/08\/afganistan-el-taliban-entra-a-kabul-y-el-presidente-ghani-abandona-el-pais-20.jpg 624w, http:\/\/cordobadirecto.com\/wp-content\/uploads\/2021\/08\/afganistan-el-taliban-entra-a-kabul-y-el-presidente-ghani-abandona-el-pais-21.jpg 800w\" alt=\"Una mujer afgana con su hijo en brazos\" src=\"http:\/\/cordobadirecto.com\/wp-content\/uploads\/2021\/08\/afganistan-el-taliban-entra-a-kabul-y-el-presidente-ghani-abandona-el-pais-2.jpg\" width=\"976\" class=\"bbc-fat2bc e1enwo3v0\"><\/noscript><\/p>\n<p role=\"text\" class=\"bbc-1s1cxbv etq3yw90\"><span class=\"bbc-1gnhmg2 e1yt7oin0\">Fuente de la imagen, <\/span><span lang=\"en-GB\">Getty Images<\/span><\/p>\n<\/div>\n<\/div>\n<\/div>\n<\/figure>\n<\/div>\n<p><h2 id=\"Avance-sin-resistencia\" tabindex=\"-1\" class=\"bbc-l3e97o e14hemmw0\">Avance sin resistencia<\/h2>\n<\/p>\n<div dir=\"ltr\" class=\"bbc-19j92fr e57qer20\" readability=\"9\">\n<p dir=\"ltr\" class=\"bbc-bm53ic e1cc2ql70\">Todos los informes apuntan a que <b>los militantes encontraron poca resistencia <\/b>en su avance hacia la capital en el que fue clave la ca\u00edda de la ciudad oriental de Jalalabad y ahora esperan a las puertas de Kabul.<\/p>\n<\/div>\n<div dir=\"ltr\" class=\"bbc-19j92fr e57qer20\" readability=\"9\">\n<p dir=\"ltr\" class=\"bbc-bm53ic e1cc2ql70\">La ofensiva talib\u00e1n se produce en medio de la <b>retirada de las tropas estadounidenses y extranjeras despu\u00e9s de 20 a\u00f1os<\/b> de operaciones militares que no esperaban el r\u00e1pido colapso de las fuerzas gubernamentales.<\/p>\n<\/div>\n<div dir=\"ltr\" class=\"bbc-19j92fr e57qer20\" readability=\"11\">\n<p dir=\"ltr\" class=\"bbc-bm53ic e1cc2ql70\">Los talibanes<b> fueron derrocados del poder en 2001<\/b>, tras una incursi\u00f3n militar liderada por Estados Unidos, pero poco a poco el grupo islamista ha ido retomando fuerza a lo largo y ancho de Afganist\u00e1n.<\/p>\n<\/div>\n<div dir=\"ltr\" class=\"bbc-19j92fr e57qer20\" readability=\"8\">\n<p dir=\"ltr\" class=\"bbc-bm53ic e1cc2ql70\">La ONU pidi\u00f3 a los pa\u00edses vecinos de Afganist\u00e1n que mantengan sus fronteras abiertas a medida que aumenta el n\u00famero de civiles que se desplazan en el territorio.<\/p>\n<\/div>\n<div dir=\"ltr\" class=\"bbc-19j92fr e57qer20\" readability=\"9\">\n<p dir=\"ltr\" class=\"bbc-bm53ic e1cc2ql70\">Los talibanes <b>controlan ahora todas las carreteras <\/b><b>que llevan a <\/b><b>Pakist\u00e1n<\/b>, el pa\u00eds vecino que ya alberga a m\u00e1s de tres millones de refugiados afganos.<\/p>\n<\/div>\n<div dir=\"ltr\" class=\"bbc-1ka88fa e57qer20\">\n<figure class=\"bbc-1qdcvv9 e6bmn90\">\n<div dir=\"ltr\" class=\"bbc-172p16q e57qer20\">\n<div dir=\"ltr\" class=\"bbc-189y18v e57qer20\" readability=\"6.5\">\n<div data-e2e=\"image-placeholder\" class=\"bbc-1k5hvrj e1whu0\" readability=\"8\"><noscript><img srcset=\"http:\/\/cordobadirecto.com\/wp-content\/uploads\/2021\/08\/afganistan-el-taliban-entra-a-kabul-y-el-presidente-ghani-abandona-el-pais-22.jpg 240w, http:\/\/cordobadirecto.com\/wp-content\/uploads\/2021\/08\/afganistan-el-taliban-entra-a-kabul-y-el-presidente-ghani-abandona-el-pais-23.jpg 320w, http:\/\/cordobadirecto.com\/wp-content\/uploads\/2021\/08\/afganistan-el-taliban-entra-a-kabul-y-el-presidente-ghani-abandona-el-pais-24.jpg 480w, http:\/\/cordobadirecto.com\/wp-content\/uploads\/2021\/08\/afganistan-el-taliban-entra-a-kabul-y-el-presidente-ghani-abandona-el-pais-25.jpg 624w, http:\/\/cordobadirecto.com\/wp-content\/uploads\/2021\/08\/afganistan-el-taliban-entra-a-kabul-y-el-presidente-ghani-abandona-el-pais-26.jpg 800w\" alt=\"Police in Kabul check vehicles\" src=\"http:\/\/cordobadirecto.com\/wp-content\/uploads\/2021\/08\/afganistan-el-taliban-entra-a-kabul-y-el-presidente-ghani-abandona-el-pais-3.jpg\" width=\"976\" class=\"bbc-fat2bc e1enwo3v0\"><\/noscript><\/p>\n<p role=\"text\" class=\"bbc-1s1cxbv etq3yw90\"><span class=\"bbc-1gnhmg2 e1yt7oin0\">Fuente de la imagen, <\/span><span lang=\"en-GB\">Getty Images<\/span><\/p>\n<\/div>\n<\/div>\n<\/div>\n<\/figure>\n<\/div>\n<div dir=\"ltr\" class=\"bbc-19j92fr e57qer20\" readability=\"12\">\n<p dir=\"ltr\" class=\"bbc-bm53ic e1cc2ql70\">El ej\u00e9rcito afgano no pudo contener la r\u00e1pida ofensiva y en este contexto, el ministro del Interior afgano en funciones apareci\u00f3 en un video, transmitido por el medio local Tolo TV, diciendo que habr\u00eda<b> una &#8220;transferencia pac\u00edfica del poder&#8221;<\/b> a un gobierno de transici\u00f3n. <\/p>\n<\/div>\n<div dir=\"ltr\" class=\"bbc-19j92fr e57qer20\" readability=\"7\">\n<p dir=\"ltr\" class=\"bbc-bm53ic e1cc2ql70\">Y recalc\u00f3 que <b>Kabul no ser\u00eda atacada.<\/b><\/p>\n<\/div>\n<div dir=\"ltr\" class=\"bbc-19j92fr e57qer20\" readability=\"9\">\n<p dir=\"ltr\" class=\"bbc-bm53ic e1cc2ql70\">Sin embargo, las calles de la capital han sido testigos del p\u00e1nico y el miedo de la poblaci\u00f3n que trata de escapar por diversas vias. <\/p>\n<\/div>\n<div dir=\"ltr\" class=\"bbc-19j92fr e57qer20\" readability=\"8\">\n<p dir=\"ltr\" class=\"bbc-bm53ic e1cc2ql70\">Se han formado largas colas de coches a medida que la gente intenta encontrar una salida de la ciudad.<\/p>\n<\/div>\n<div dir=\"ltr\" class=\"bbc-19j92fr e57qer20\" readability=\"7\">\n<p dir=\"ltr\" class=\"bbc-bm53ic e1cc2ql70\">Tambi\u00e9n se han visto largas colas en los bancos de personas que intentan retirar sus ahorros.<\/p>\n<\/div>\n<div dir=\"ltr\" class=\"bbc-1ka88fa e57qer20\">\n<figure class=\"bbc-1qdcvv9 e6bmn90\">\n<div dir=\"ltr\" class=\"bbc-172p16q e57qer20\">\n<div dir=\"ltr\" class=\"bbc-189y18v e57qer20\" readability=\"6.5\">\n<div data-e2e=\"image-placeholder\" class=\"bbc-1k5hvrj e1whu0\" readability=\"8\"><noscript><img srcset=\"http:\/\/cordobadirecto.com\/wp-content\/uploads\/2021\/08\/afganistan-el-taliban-entra-a-kabul-y-el-presidente-ghani-abandona-el-pais-27.jpg 240w, http:\/\/cordobadirecto.com\/wp-content\/uploads\/2021\/08\/afganistan-el-taliban-entra-a-kabul-y-el-presidente-ghani-abandona-el-pais-28.jpg 320w, http:\/\/cordobadirecto.com\/wp-content\/uploads\/2021\/08\/afganistan-el-taliban-entra-a-kabul-y-el-presidente-ghani-abandona-el-pais-29.jpg 480w, http:\/\/cordobadirecto.com\/wp-content\/uploads\/2021\/08\/afganistan-el-taliban-entra-a-kabul-y-el-presidente-ghani-abandona-el-pais-30.jpg 624w, http:\/\/cordobadirecto.com\/wp-content\/uploads\/2021\/08\/afganistan-el-taliban-entra-a-kabul-y-el-presidente-ghani-abandona-el-pais-31.jpg 800w\" alt=\"Gente huyendo\" src=\"http:\/\/cordobadirecto.com\/wp-content\/uploads\/2021\/08\/afganistan-el-taliban-entra-a-kabul-y-el-presidente-ghani-abandona-el-pais-4.jpg\" width=\"976\" class=\"bbc-fat2bc e1enwo3v0\"><\/noscript><\/p>\n<p role=\"text\" class=\"bbc-1s1cxbv etq3yw90\"><span class=\"bbc-1gnhmg2 e1yt7oin0\">Fuente de la imagen, <\/span><span lang=\"en-GB\">Getty Images<\/span><\/p>\n<\/div>\n<\/div>\n<div dir=\"ltr\" class=\"bbc-3edg7g e57qer20\" readability=\"6\"><figcaption dir=\"ltr\" class=\"bbc-1t9zlwf eede9f50\" readability=\"2\"><span class=\"bbc-1gnhmg2 e1yt7oin0\">Pie de foto, <\/span><\/p>\n<p>En un video de BBC se pueden ver algunas carreteras colapsadas.<\/p>\n<\/figcaption><\/div>\n<\/div>\n<\/figure>\n<\/div>\n<div dir=\"ltr\" class=\"bbc-19j92fr e57qer20\" readability=\"9\">\n<p dir=\"ltr\" class=\"bbc-bm53ic e1cc2ql70\">&#8220;Desde mi casa veo como la gente trata de huir&#8221;, describi\u00f3 para BBC la diputada afgana Farzana Kochai.<\/p>\n<\/div>\n<div dir=\"ltr\" class=\"bbc-19j92fr e57qer20\" readability=\"8\">\n<p dir=\"ltr\" class=\"bbc-bm53ic e1cc2ql70\">Un colega le dijo al periodista de la BBC Ethirajan Anbarasan que algunas <b>oficinas gubernamentales ya han sido evacuadas<\/b> y que se hab\u00edan cerrado multitud de tiendas. <\/p>\n<\/div>\n<div dir=\"ltr\" class=\"bbc-19j92fr e57qer20\" readability=\"11\">\n<p dir=\"ltr\" class=\"bbc-bm53ic e1cc2ql70\">Varios pa\u00edses, entre ellos Estados Unidos, Italia o Reino Unido, ha intensificado los esfuerzos de evacuaci\u00f3n de los miembros del personal de su embajada.<\/p>\n<\/div>\n<div dir=\"ltr\" class=\"bbc-19j92fr e57qer20\" readability=\"9\">\n<p dir=\"ltr\" class=\"bbc-bm53ic e1cc2ql70\">De hecho, el gobierno de EE.UU. confirm\u00f3 el cierre de su embajada en Kabul una vez haya terminado la evacuaci\u00f3n de su personal. <\/p>\n<\/div>\n<div dir=\"ltr\" class=\"bbc-1ka88fa e57qer20\">\n<figure class=\"bbc-1qdcvv9 e6bmn90\">\n<div dir=\"ltr\" class=\"bbc-172p16q e57qer20\">\n<div dir=\"ltr\" class=\"bbc-189y18v e57qer20\" readability=\"6.5\">\n<div data-e2e=\"image-placeholder\" class=\"bbc-1k5hvrj e1whu0\" readability=\"8\"><noscript><img srcset=\"http:\/\/cordobadirecto.com\/wp-content\/uploads\/2021\/08\/afganistan-el-taliban-entra-a-kabul-y-el-presidente-ghani-abandona-el-pais-32.jpg 240w, http:\/\/cordobadirecto.com\/wp-content\/uploads\/2021\/08\/afganistan-el-taliban-entra-a-kabul-y-el-presidente-ghani-abandona-el-pais-33.jpg 320w, http:\/\/cordobadirecto.com\/wp-content\/uploads\/2021\/08\/afganistan-el-taliban-entra-a-kabul-y-el-presidente-ghani-abandona-el-pais-34.jpg 480w, http:\/\/cordobadirecto.com\/wp-content\/uploads\/2021\/08\/afganistan-el-taliban-entra-a-kabul-y-el-presidente-ghani-abandona-el-pais-35.jpg 624w, http:\/\/cordobadirecto.com\/wp-content\/uploads\/2021\/08\/afganistan-el-taliban-entra-a-kabul-y-el-presidente-ghani-abandona-el-pais-36.jpg 800w\" alt=\"Hombres haciendo cola para una visa\" src=\"http:\/\/cordobadirecto.com\/wp-content\/uploads\/2021\/08\/afganistan-el-taliban-entra-a-kabul-y-el-presidente-ghani-abandona-el-pais-5.jpg\" width=\"976\" class=\"bbc-fat2bc e1enwo3v0\"><\/noscript><\/p>\n<p role=\"text\" class=\"bbc-1s1cxbv etq3yw90\"><span class=\"bbc-1gnhmg2 e1yt7oin0\">Fuente de la imagen, <\/span><span lang=\"en-GB\">Getty Images<\/span><\/p>\n<\/div>\n<\/div>\n<div dir=\"ltr\" class=\"bbc-3edg7g e57qer20\" readability=\"6\"><figcaption dir=\"ltr\" class=\"bbc-1t9zlwf eede9f50\" readability=\"2\"><span class=\"bbc-1gnhmg2 e1yt7oin0\">Pie de foto, <\/span><\/p>\n<p>La gente trata desesperadamente de huir.<\/p>\n<\/figcaption><\/div>\n<\/div>\n<\/figure>\n<\/div>\n<div dir=\"ltr\" class=\"bbc-1ka88fa e57qer20\">\n<figure class=\"bbc-1qdcvv9 e6bmn90\">\n<div dir=\"ltr\" class=\"bbc-172p16q e57qer20\">\n<div dir=\"ltr\" class=\"bbc-189y18v e57qer20\">\n<div data-e2e=\"image-placeholder\" class=\"bbc-uhmmqj e1whu0\"><noscript><img srcset=\"http:\/\/cordobadirecto.com\/wp-content\/uploads\/2021\/08\/afganistan-el-taliban-entra-a-kabul-y-el-presidente-ghani-abandona-el-pais.png 240w, http:\/\/cordobadirecto.com\/wp-content\/uploads\/2021\/08\/afganistan-el-taliban-entra-a-kabul-y-el-presidente-ghani-abandona-el-pais.png 320w, http:\/\/cordobadirecto.com\/wp-content\/uploads\/2021\/08\/afganistan-el-taliban-entra-a-kabul-y-el-presidente-ghani-abandona-el-pais.png 480w, http:\/\/cordobadirecto.com\/wp-content\/uploads\/2021\/08\/afganistan-el-taliban-entra-a-kabul-y-el-presidente-ghani-abandona-el-pais.png 624w\" alt=\"line\" src=\"http:\/\/cordobadirecto.com\/wp-content\/uploads\/2021\/08\/afganistan-el-taliban-entra-a-kabul-y-el-presidente-ghani-abandona-el-pais.png\" width=\"624\" class=\"bbc-fat2bc e1enwo3v0\"><\/noscript><\/div>\n<\/div>\n<\/div>\n<\/figure>\n<\/div>\n<p><h2 id=\"An\u00e1lisis-de-Ethirajan-Anbarasan-BBC-World-Service\" tabindex=\"-1\" class=\"bbc-l3e97o e14hemmw0\">An\u00e1lisis de Ethirajan Anbarasan, BBC World Service<\/h2>\n<\/p>\n<div dir=\"ltr\" class=\"bbc-19j92fr e57qer20\" readability=\"7\">\n<p dir=\"ltr\" class=\"bbc-bm53ic e1cc2ql70\">Los talibanes est\u00e1n preparados para tomar Kabul.<\/p>\n<\/div>\n<div dir=\"ltr\" class=\"bbc-19j92fr e57qer20\" readability=\"8\">\n<p dir=\"ltr\" class=\"bbc-bm53ic e1cc2ql70\">A estas alturas es posible que muchos de sus combatientes se hayan infiltrado o tambi\u00e9n est\u00e9n viviendo dentro de la ciudad.<\/p>\n<\/div>\n<div dir=\"ltr\" class=\"bbc-19j92fr e57qer20\" readability=\"9\">\n<p dir=\"ltr\" class=\"bbc-bm53ic e1cc2ql70\">Pero son conscientes de que cualquier batalla por Kabul dejar\u00e1 un gran n\u00famero de v\u00edctimas civiles y <b>quieren enviar un mensaje a la comunidad internacional <\/b>de que los talibanes 2.0 son diferentes de su anterior versi\u00f3n.<\/p>\n<\/div>\n<div dir=\"ltr\" class=\"bbc-19j92fr e57qer20\" readability=\"9\">\n<p dir=\"ltr\" class=\"bbc-bm53ic e1cc2ql70\">En su avance hacia la capital, han dejado pasar a la mayor\u00eda de los soldados y funcionarios gubernamentales que se han rendido en otras provincias.<\/p>\n<\/div>\n<div dir=\"ltr\" class=\"bbc-19j92fr e57qer20\" readability=\"8\">\n<p dir=\"ltr\" class=\"bbc-bm53ic e1cc2ql70\">Su <b>guerra psicol\u00f3gica contra las fuerzas de seguridad afganas<\/b> ha funcionado hasta ahora: varias provincias se han rendido sin ning\u00fan tipo de oposici\u00f3n.<\/p>\n<\/div>\n<div dir=\"ltr\" class=\"bbc-19j92fr e57qer20\" readability=\"8\">\n<p dir=\"ltr\" class=\"bbc-bm53ic e1cc2ql70\">En Kabul podr\u00edan hacer lo mismo dejando a las naciones occidentales que evacuen a sus ciudadanos sin problemas.<\/p>\n<\/div>\n<div dir=\"ltr\" class=\"bbc-19j92fr e57qer20\" readability=\"8\">\n<p dir=\"ltr\" class=\"bbc-bm53ic e1cc2ql70\">Y no ser\u00eda sorprendente que algunos l\u00edderes talibanes locales intenten conseguir <b>otra victoria propagand\u00edstica en los pr\u00f3ximos d\u00edas <\/b>supervisando las evacuaciones de Estados Unidos y Reino Unido.<\/p>\n<\/div>\n<div dir=\"ltr\" class=\"bbc-1ka88fa e57qer20\">\n<figure class=\"bbc-1qdcvv9 e6bmn90\">\n<div dir=\"ltr\" class=\"bbc-172p16q e57qer20\">\n<div dir=\"ltr\" class=\"bbc-189y18v e57qer20\">\n<div data-e2e=\"image-placeholder\" class=\"bbc-uhmmqj e1whu0\"><noscript><img srcset=\"http:\/\/cordobadirecto.com\/wp-content\/uploads\/2021\/08\/afganistan-el-taliban-entra-a-kabul-y-el-presidente-ghani-abandona-el-pais.png 240w, http:\/\/cordobadirecto.com\/wp-content\/uploads\/2021\/08\/afganistan-el-taliban-entra-a-kabul-y-el-presidente-ghani-abandona-el-pais.png 320w, http:\/\/cordobadirecto.com\/wp-content\/uploads\/2021\/08\/afganistan-el-taliban-entra-a-kabul-y-el-presidente-ghani-abandona-el-pais.png 480w, http:\/\/cordobadirecto.com\/wp-content\/uploads\/2021\/08\/afganistan-el-taliban-entra-a-kabul-y-el-presidente-ghani-abandona-el-pais.png 624w\" alt=\"line\" src=\"http:\/\/cordobadirecto.com\/wp-content\/uploads\/2021\/08\/afganistan-el-taliban-entra-a-kabul-y-el-presidente-ghani-abandona-el-pais.png\" width=\"624\" class=\"bbc-fat2bc e1enwo3v0\"><\/noscript><\/div>\n<\/div>\n<\/div>\n<\/figure>\n<\/div>\n<div dir=\"ltr\" class=\"bbc-19j92fr e57qer20\">\n<div id=\"include-1\" tabindex=\"-1\" class=\"bbc-1npwuzj estnm9r0\">\n<link rel=\"stylesheet\" href=\"https:\/\/news.files.bbci.co.uk\/include\/newsspec\/31375-afghan-control-gallery\/assets\/embed\/css\/inline.css??v=1.0.0.202108140900\">\n<div id=\"responsive-embed-newsspec-31375-afghan-control-gallery-app\" class=\"bbc-news-vj-embed-wrapper\">\n<div id=\"responsive-embed-newsspec-31375-afghan-control-gallery-app-core-content\"> <link href=\"https:\/\/news.files.bbci.co.uk\/include\/newsspec\/31375-afghan-control-gallery\/assets\/app-project-assets\/..\/embed\/css\/app.css??v=1.0.0.202108140900\" rel=\"stylesheet\" type=\"text\/css\" media=\"all\">\n<div class=\"gel-wrap no-js\">\n<div class=\"gel-layout\">\n<div class=\"gel-layout__item gel-1\/1\">\n<h2> El combate por el control de Afganist\u00e1n <\/h2>\n<h3> C\u00f3mo el Taliban ocup\u00f3 la mayor\u00eda de distritos y capitales provinciales <\/h3>\n<div class=\"gallery__container\">\n<div class=\"news-vj-component-gallery no-js\" id=\"gallery\">\n<figure class=\"content__figure\"><figcaption class=\"transcript off-screen\"> Una serie de im\u00e1genes animadas para mostrar c\u00f3mo los distritos de Afganist\u00e1n cambiaron de mano entre julio y agosto de 2021. <\/figcaption><\/figure>\n<\/p><\/div>\n<p> <span class=\"status gel-double-pica\" aria-hidden=\"true\"> 9 de julio <\/span> <\/div><\/div><\/div><\/div><\/div>\n<\/div><\/div>\n<\/div>\n<p><h2 id=\"Avance-rel\u00e1mpago\" tabindex=\"-1\" class=\"bbc-l3e97o e14hemmw0\">Avance rel\u00e1mpago<\/h2>\n<\/p>\n<div dir=\"ltr\" class=\"bbc-19j92fr e57qer20\" readability=\"10\">\n<p dir=\"ltr\" class=\"bbc-bm53ic e1cc2ql70\">Los militantes talibanes han tomado el control de todas las principales ciudades afganas, excepto Kabul, despu\u00e9s de un r\u00e1pido avance por el pa\u00eds.<\/p>\n<\/div>\n<div dir=\"ltr\" class=\"bbc-19j92fr e57qer20\" readability=\"7\">\n<p dir=\"ltr\" class=\"bbc-bm53ic e1cc2ql70\">BBC recapitula c\u00f3mo lo hicieron tan r\u00e1pido:<\/p>\n<\/div>\n<div dir=\"ltr\" class=\"e1gggypo0 bbc-oa9drk e57qer20\">\n<ul dir=\"ltr\" role=\"list\" class=\"bbc-1n23t93 e1drcs2w1\">\n<li role=\"listitem\" class=\"bbc-acwcvw e1drcs2w0\"><b>Abril: <\/b>el presidente de los Estados Unidos, Joe Biden, anuncia que las tropas estadounidenses se retirar\u00e1n de Afganist\u00e1n a partir de mayo en una operaci\u00f3n que finalizar\u00e1 el 11 de septiembre, lo que pondr\u00e1 fin a la guerra m\u00e1s larga de Estados Unidos.<\/li>\n<li role=\"listitem\" class=\"bbc-acwcvw e1drcs2w0\"><b>Mayo: <\/b>Los talibanes lanzan una gran ofensiva contra las fuerzas afganas en la provincia meridional de Helmand y atacan en otras provincias.<\/li>\n<li role=\"listitem\" class=\"bbc-acwcvw e1drcs2w0\"><b>Junio: <\/b>el enviado de la ONU a Afganist\u00e1n dice que los talibanes han tomado m\u00e1s de 50 de los 370 distritos. Los talibanes lanzan una serie de ataques en el norte, lejos de sus bastiones tradicionales en el sur<\/li>\n<li role=\"listitem\" class=\"bbc-acwcvw e1drcs2w0\"><b>21 de julio:<\/b> seg\u00fan un alto general estadounidense, a finales de julio los talibanes controlan aproximadamente la mitad de los distritos del pa\u00eds.<\/li>\n<li role=\"listitem\" class=\"bbc-acwcvw e1drcs2w0\"><b>6 de agosto:<\/b> Los militantes capturan Zaranj en el sur, la primera capital provincial en caer en un a\u00f1o.<\/li>\n<li role=\"listitem\" class=\"bbc-acwcvw e1drcs2w0\"><b>13 de agosto:<\/b> cuatro capitales provinciales m\u00e1s caen en un d\u00eda, incluida Kandahar, la segunda ciudad del pa\u00eds.<\/li>\n<li role=\"listitem\" class=\"bbc-acwcvw e1drcs2w0\"><b>14 de agosto: <\/b>los talibanes toman la principal ciudad septentrional de Mazar-i-Sharif.<\/li>\n<li role=\"listitem\" class=\"bbc-acwcvw e1drcs2w0\"><b>15 de agosto: <\/b>capturan la ciudad oriental clave de Jalalabad sin luchar e ingresan a Kabul. <\/li>\n<\/ul>\n<\/div>\n<p><h2 id=\"EEUUNuestro-objetivo-se-cumpli\u00f3\" tabindex=\"-1\" class=\"bbc-l3e97o e14hemmw0\">EE.UU.:&#8221;Nuestro objetivo se cumpli\u00f3&#8221;<\/h2>\n<\/p>\n<div dir=\"ltr\" class=\"bbc-19j92fr e57qer20\" readability=\"10\">\n<p dir=\"ltr\" class=\"bbc-bm53ic e1cc2ql70\">El secretario de Estado de Estados Unidos, Antony Blinken, le dijo a la cadena CNN que lo que ocurre en Afganist\u00e1n es que el ej\u00e9rcito local no fue capaz de defender su propio territorio. <\/p>\n<\/div>\n<div dir=\"ltr\" class=\"bbc-1ka88fa e57qer20\">\n<figure class=\"bbc-1qdcvv9 e6bmn90\">\n<div dir=\"ltr\" class=\"bbc-172p16q e57qer20\">\n<div dir=\"ltr\" class=\"bbc-189y18v e57qer20\" readability=\"6.5\">\n<div data-e2e=\"image-placeholder\" class=\"bbc-1t8jvlg e1whu0\" readability=\"8\"><noscript><img srcset=\"http:\/\/cordobadirecto.com\/wp-content\/uploads\/2021\/08\/afganistan-el-taliban-entra-a-kabul-y-el-presidente-ghani-abandona-el-pais-37.jpg 240w, http:\/\/cordobadirecto.com\/wp-content\/uploads\/2021\/08\/afganistan-el-taliban-entra-a-kabul-y-el-presidente-ghani-abandona-el-pais-38.jpg 320w, http:\/\/cordobadirecto.com\/wp-content\/uploads\/2021\/08\/afganistan-el-taliban-entra-a-kabul-y-el-presidente-ghani-abandona-el-pais-39.jpg 480w, http:\/\/cordobadirecto.com\/wp-content\/uploads\/2021\/08\/afganistan-el-taliban-entra-a-kabul-y-el-presidente-ghani-abandona-el-pais-40.jpg 624w, http:\/\/cordobadirecto.com\/wp-content\/uploads\/2021\/08\/afganistan-el-taliban-entra-a-kabul-y-el-presidente-ghani-abandona-el-pais-41.jpg 800w\" alt=\"Blinken.\" src=\"http:\/\/cordobadirecto.com\/wp-content\/uploads\/2021\/08\/afganistan-el-taliban-entra-a-kabul-y-el-presidente-ghani-abandona-el-pais-6.jpg\" width=\"1024\" class=\"bbc-fat2bc e1enwo3v0\"><\/noscript><\/p>\n<p role=\"text\" class=\"bbc-1s1cxbv etq3yw90\"><span class=\"bbc-1gnhmg2 e1yt7oin0\">Fuente de la imagen, <\/span><span lang=\"en-GB\">Getty Images<\/span><\/p>\n<\/div>\n<\/div>\n<div dir=\"ltr\" class=\"bbc-3edg7g e57qer20\" readability=\"6.5\"><figcaption dir=\"ltr\" class=\"bbc-1t9zlwf eede9f50\" readability=\"3\"><span class=\"bbc-1gnhmg2 e1yt7oin0\">Pie de foto, <\/span><\/p>\n<p>Antony Blinken, el secretario de Estado de EE.UU.<\/p>\n<\/figcaption><\/div>\n<\/div>\n<\/figure>\n<\/div>\n<div dir=\"ltr\" class=\"bbc-19j92fr e57qer20\" readability=\"10\">\n<p dir=\"ltr\" class=\"bbc-bm53ic e1cc2ql70\">&#8220;Como hemos comentado antes, est\u00e1bamos en Afganist\u00e1n con un prop\u00f3sito primordial: lidiar con las personas que nos atacaron el 11 de septiembre (de 2001)&#8221;, se\u00f1al\u00f3 Blinken. <\/p>\n<\/div>\n<div dir=\"ltr\" class=\"bbc-19j92fr e57qer20\" readability=\"11\">\n<p dir=\"ltr\" class=\"bbc-bm53ic e1cc2ql70\">Varias cuestionamientos han surgido hacia el gobierno de EE.UU., que dispuso la salida de sus tropas pa\u00eds a principios de este a\u00f1o, lo que ha sido se\u00f1alado por varios analistas como el origen del avance talib\u00e1n. <\/p>\n<\/div>\n<div dir=\"ltr\" class=\"bbc-19j92fr e57qer20\" readability=\"10\">\n<p dir=\"ltr\" class=\"bbc-bm53ic e1cc2ql70\">Sin embargo, Blinken defendi\u00f3 la salida de Afganist\u00e1n y se\u00f1al\u00f3 que EE.UU. logr\u00f3 los objetivos de llevar a Osama bin Laden ante la justicia y disminuir las capacidades del grupo terrorista Al Qaeda.<\/p>\n<\/div>\n<div dir=\"ltr\" class=\"bbc-19j92fr e57qer20\" readability=\"10\">\n<p dir=\"ltr\" class=\"bbc-bm53ic e1cc2ql70\"><b>&#8220;En los t\u00e9rminos en los que fuimos a Afganist\u00e1n en primer lugar, hemos logrado nuestros objetivos<\/b>&#8220;, agreg\u00f3. <\/p>\n<\/div>\n<div dir=\"ltr\" class=\"bbc-19j92fr e57qer20\" readability=\"8\">\n<p dir=\"ltr\" class=\"bbc-bm53ic e1cc2ql70\">Y declar\u00f3 que la idea de que el status quo podr\u00eda haberse mantenido manteniendo con la presencia militar en Afganist\u00e1n &#8220;creo que es simplemente incorrecta&#8221;. <\/p>\n<\/div>\n<div dir=\"ltr\" class=\"bbc-19j92fr e57qer20\" readability=\"10\">\n<p dir=\"ltr\" class=\"bbc-bm53ic e1cc2ql70\">Finalmente Blinken explic\u00f3 que los ataques de los talibanes contra Estados Unidos se habr\u00edan incrementado despu\u00e9s del 1 de mayo y que &#8220;la ofensiva que est\u00e1 viendo ahora en todo el pa\u00eds para retomar estas capitales de provincia habr\u00eda comenzado&#8221; independientemente de la presencia estadounidense.<\/p>\n<\/div>\n<div dir=\"ltr\" class=\"bbc-1ka88fa e57qer20\">\n<figure class=\"bbc-1qdcvv9 e6bmn90\">\n<div dir=\"ltr\" class=\"bbc-172p16q e57qer20\">\n<div dir=\"ltr\" class=\"bbc-189y18v e57qer20\">\n<div data-e2e=\"image-placeholder\" class=\"bbc-1xp1xfu e1whu0\"><noscript><img srcset=\"http:\/\/cordobadirecto.com\/wp-content\/uploads\/2021\/08\/afganistan-el-taliban-entra-a-kabul-y-el-presidente-ghani-abandona-el-pais-2.png 240w, http:\/\/cordobadirecto.com\/wp-content\/uploads\/2021\/08\/afganistan-el-taliban-entra-a-kabul-y-el-presidente-ghani-abandona-el-pais-3.png 320w, http:\/\/cordobadirecto.com\/wp-content\/uploads\/2021\/08\/afganistan-el-taliban-entra-a-kabul-y-el-presidente-ghani-abandona-el-pais-4.png 480w, http:\/\/cordobadirecto.com\/wp-content\/uploads\/2021\/08\/afganistan-el-taliban-entra-a-kabul-y-el-presidente-ghani-abandona-el-pais-5.png 624w, http:\/\/cordobadirecto.com\/wp-content\/uploads\/2021\/08\/afganistan-el-taliban-entra-a-kabul-y-el-presidente-ghani-abandona-el-pais-1.png 640w\" alt=\"Presentational grey line\" src=\"http:\/\/cordobadirecto.com\/wp-content\/uploads\/2021\/08\/afganistan-el-taliban-entra-a-kabul-y-el-presidente-ghani-abandona-el-pais-1.png\" width=\"640\" class=\"bbc-fat2bc e1enwo3v0\"><\/noscript><\/div>\n<\/div>\n<\/div>\n<\/figure>\n<\/div>\n<div dir=\"ltr\" class=\"bbc-19j92fr e57qer20\" readability=\"8\">\n<p dir=\"ltr\" class=\"bbc-bm53ic e1cc2ql70\"><i class=\"bbc-h1y5j7 ewc4zcb0\">Ahora puedes recibir notificaciones de BBC Mundo. Descarga nuestra app y act\u00edvalas para no perderte nuestro mejor contenido.<\/i><\/p>\n<\/div>\n","protected":false},"excerpt":{"rendered":"<p>Redacci\u00f3n BBC News Mundo 15 agosto 2021, 10:55 GMT Actualizado 2 horas Fuente de la imagen, Getty Images Pie de foto, El Talib\u00e1n inform\u00f3 que tom\u00f3 control de varios distritos de Kabul en la tarde de este domingo. Voceros del Talib\u00e1n informaron este domingo que controlan varios distritos de la capital Kabul, que pronto van [&hellip;]<\/p>\n","protected":false},"author":1,"featured_media":14059,"comment_status":"closed","ping_status":"closed","sticky":false,"template":"","format":"standard","meta":[],"categories":[24],"tags":[],"_links":{"self":[{"href":"http:\/\/cordobadirecto.com\/index.php\/wp-json\/wp\/v2\/posts\/14058"}],"collection":[{"href":"http:\/\/cordobadirecto.com\/index.php\/wp-json\/wp\/v2\/posts"}],"about":[{"href":"http:\/\/cordobadirecto.com\/index.php\/wp-json\/wp\/v2\/types\/post"}],"author":[{"embeddable":true,"href":"http:\/\/cordobadirecto.com\/index.php\/wp-json\/wp\/v2\/users\/1"}],"replies":[{"embeddable":true,"href":"http:\/\/cordobadirecto.com\/index.php\/wp-json\/wp\/v2\/comments?post=14058"}],"version-history":[{"count":0,"href":"http:\/\/cordobadirecto.com\/index.php\/wp-json\/wp\/v2\/posts\/14058\/revisions"}],"wp:featuredmedia":[{"embeddable":true,"href":"http:\/\/cordobadirecto.com\/index.php\/wp-json\/wp\/v2\/media\/14059"}],"wp:attachment":[{"href":"http:\/\/cordobadirecto.com\/index.php\/wp-json\/wp\/v2\/media?parent=14058"}],"wp:term":[{"taxonomy":"category","embeddable":true,"href":"http:\/\/cordobadirecto.com\/index.php\/wp-json\/wp\/v2\/categories?post=14058"},{"taxonomy":"post_tag","embeddable":true,"href":"http:\/\/cordobadirecto.com\/index.php\/wp-json\/wp\/v2\/tags?post=14058"}],"curies":[{"name":"wp","href":"https:\/\/api.w.org\/{rel}","templated":true}]}}