{"id":140586,"date":"2023-10-23T01:18:59","date_gmt":"2023-10-23T01:18:59","guid":{"rendered":"http:\/\/cordobadirecto.com\/index.php\/2023\/10\/23\/economia-dos-modelos-van-a-la-eleccion-en-la-segunda-vuelta-la-capital\/"},"modified":"2023-10-23T01:18:59","modified_gmt":"2023-10-23T01:18:59","slug":"economia-dos-modelos-van-a-la-eleccion-en-la-segunda-vuelta-la-capital","status":"publish","type":"post","link":"http:\/\/cordobadirecto.com\/index.php\/2023\/10\/23\/economia-dos-modelos-van-a-la-eleccion-en-la-segunda-vuelta-la-capital\/","title":{"rendered":"<b>Econom\u00eda<\/b>: dos modelos van a la elecci\u00f3n en la segunda vuelta &#8211; La Capital"},"content":{"rendered":"<p>Nokia anunci\u00f3 despidos masivos. <b>Econom\u00eda<\/b> global: el mercado laboral se resiente en el mundo. En distintas dosis, el programa de Javier Milei&nbsp;&#8230; <\/p>\n","protected":false},"excerpt":{"rendered":"<p>Nokia anunci\u00f3 despidos masivos. Econom\u00eda global: el mercado laboral se resiente en el mundo. En distintas dosis, el programa de Javier Milei&nbsp;&#8230;<\/p>\n","protected":false},"author":1,"featured_media":0,"comment_status":"closed","ping_status":"closed","sticky":false,"template":"","format":"standard","meta":[],"categories":[40],"tags":[],"_links":{"self":[{"href":"http:\/\/cordobadirecto.com\/index.php\/wp-json\/wp\/v2\/posts\/140586"}],"collection":[{"href":"http:\/\/cordobadirecto.com\/index.php\/wp-json\/wp\/v2\/posts"}],"about":[{"href":"http:\/\/cordobadirecto.com\/index.php\/wp-json\/wp\/v2\/types\/post"}],"author":[{"embeddable":true,"href":"http:\/\/cordobadirecto.com\/index.php\/wp-json\/wp\/v2\/users\/1"}],"replies":[{"embeddable":true,"href":"http:\/\/cordobadirecto.com\/index.php\/wp-json\/wp\/v2\/comments?post=140586"}],"version-history":[{"count":0,"href":"http:\/\/cordobadirecto.com\/index.php\/wp-json\/wp\/v2\/posts\/140586\/revisions"}],"wp:attachment":[{"href":"http:\/\/cordobadirecto.com\/index.php\/wp-json\/wp\/v2\/media?parent=140586"}],"wp:term":[{"taxonomy":"category","embeddable":true,"href":"http:\/\/cordobadirecto.com\/index.php\/wp-json\/wp\/v2\/categories?post=140586"},{"taxonomy":"post_tag","embeddable":true,"href":"http:\/\/cordobadirecto.com\/index.php\/wp-json\/wp\/v2\/tags?post=140586"}],"curies":[{"name":"wp","href":"https:\/\/api.w.org\/{rel}","templated":true}]}}