{"id":14159,"date":"2021-08-15T19:06:30","date_gmt":"2021-08-15T19:06:30","guid":{"rendered":"https:\/\/cordoba.gob.ar\/?p=12118"},"modified":"2021-08-15T19:06:30","modified_gmt":"2021-08-15T19:06:30","slug":"con-cupos-completos-la-municipalidad-realizo-un-nuevo-trekking-urbano-cultural-por-la-costanera","status":"publish","type":"post","link":"http:\/\/cordobadirecto.com\/index.php\/2021\/08\/15\/con-cupos-completos-la-municipalidad-realizo-un-nuevo-trekking-urbano-cultural-por-la-costanera\/","title":{"rendered":"Con cupos completos, la Municipalidad realiz\u00f3 un nuevo Trekking Urbano Cultural por la Costanera"},"content":{"rendered":"<ul>\n<li><strong>La actividad convoc\u00f3 a familias, vecinos y turistas de todas las edades.<\/strong><\/li>\n<li><strong>Los participantes realizaron ejercicios al aire libre y un recorrido de cuatro kil\u00f3metros con gu\u00edas especializados para conocer m\u00e1s sobre el r\u00edo Suqu\u00eda y su entorno.<\/strong><\/li>\n<\/ul>\n<hr>\n<p>La iniciativa reuni\u00f3 a familias enteras, vecinos y turistas que disfrutaron de variados ejercicios al aire libre y una caminata por la renovada costanera del r\u00edo Suqu\u00eda, conociendo m\u00e1s sobre la historia y la cultura de los principales barrios que pasan por este trayecto de cuatro kil\u00f3metros.<\/p>\n<p>La propuesta, gratuita, se repetir\u00e1 el pr\u00f3ximo s\u00e1bado 21 de agosto, de manera excepcional y continuar\u00e1 los segundos s\u00e1bados de cada mes.<\/p>\n<p>Divididos en tres grupos, siguiendo los protocolos vigentes, los m\u00e1s de 50 participantes realizaron el recorrido desde la Isla de los Patos junto a gu\u00edas registrados pertenecientes al equipo de la Direcci\u00f3n General de Turismo municipal, profesores de Educaci\u00f3n F\u00edsica de la Subsecretar\u00eda de Deporte y Recreaci\u00f3n, y personal de la Unidad Ejecutora Costanera.<\/p>\n<p>Adem\u00e1s, recibieron frutas y aguas para hidratarse durante las dos horas de la actividad.<\/p>\n<p>Con una breve introducci\u00f3n y explicaci\u00f3n de los protocolos sanitarios, los asistentes hicieron ejercicios de precalentamiento y una clase de zumba, para luego dar comienzo a la caminata de descubrimiento por las sendas peatonales a lo largo de cuatro kil\u00f3metros de la Costanera del R\u00edo Suqu\u00eda, puesta en valor por la actual gesti\u00f3n municipal, rememorando la cultura, la historia del r\u00edo y el patrimonio que lo rodea, como la ex Cervecer\u00eda C\u00f3rdoba y la cancha de Belgrano, el colegio Manuel Belgrano, la usina el\u00e9ctrica que hoy es un destacado centro cultural de C\u00f3rdoba, entre otros.<\/p>\n<p>Uno de los atractivos principales que atravesaron es la flamante galer\u00eda de arte a cielo abierto, intervenida por artistas cordobeses, en el marco del programa municipal \u201cArte de Nuestra Gente\u201d.<\/p>\n<p>SOBRE El RECORRIDO<\/p>\n<p>La elecci\u00f3n del recorrido no es casual: la Isla de los Patos es un emblema tanto del Suqu\u00eda como del barrio Alberdi y los edificios en los alrededores tienen muchas historias para destacar, como la del Molino Ducasse.<\/p>\n<p>El terreno que ocupaba desde el Puente Avellaneda hasta el parque Las Heras, siempre junto al r\u00edo Suqu\u00eda, pertenec\u00eda a los Ducasse. Se lo conoc\u00eda como \u201cel Potrero de Ducasse\u201d, donde reinaba un viejo molino que compraron por 18 mulas gordas y que todav\u00eda hoy se sostiene en el tiempo.<\/p>\n<p>Hoy, la construcci\u00f3n que lleva por nombre de esta familia de harineros franceses \u2013tambi\u00e9n due\u00f1os de una popular panader\u00eda de entonces, La Mano Dorada\u2013, es un punto de inter\u00e9s que se puede descubrir en el trekking urbano.<\/p>\n<p>Adem\u00e1s, los puentes que atraviesan en el camino, tambi\u00e9n tienen una gran importancia hist\u00f3rica. A trav\u00e9s de ellos, la ciudad se fue ampliando en sus distintos puntos cardinales, y nacieron nuevos barrios, como General Paz, San Mart\u00edn, Alta C\u00f3rdoba, entre otros.<\/p>\n<p><em>\u201cLa propuesta que organizamos desde la Municipalidad de manera gratuita para los vecinos y turistas, no solamente permite conectarnos con el r\u00edo, hacer deporte y ejercicio al aire libre, sino tambi\u00e9n nos da la posibilidad de conocer un poco m\u00e1s sobre nuestra historia y redescubrir un espacio de la ciudad que durante muchos a\u00f1os estuvo abandonado. Hoy nuestra Costanera es un lugar limpio, lleno de arte y de familias, para reencontrarnos con un R\u00edo que vuelve a brillar\u201d<\/em>, expres\u00f3 Miguel Siciliano, secretario de Gobierno, \u00e1rea que tiene a su cargo la actividad y la recuperaci\u00f3n de la Costanera.<\/p>\n<p>La iniciativa fue organizada por la Secretar\u00eda de Gobierno, a trav\u00e9s de la Unidad Ejecutora Costanera, en conjunto con las Direcciones Generales de Turismo y Promoci\u00f3n de la Ciudad y la subsecretar\u00eda de Deporte y Recreaci\u00f3n.<\/p>\n<p class=\"wpex-roembed wpex-clr\"><a data-flickr-embed=\"true\" href=\"https:\/\/www.flickr.com\/photos\/158498840@N03\/albums\/72157719737989215\" title=\"Trekking Urbano Cultural por la Costanera by Municipalidad de C\u00f3rdoba, on Flickr\"><img loading=\"lazy\" src=\"http:\/\/cordobadirecto.com\/wp-content\/uploads\/2021\/08\/con-cupos-completos-la-municipalidad-realizo-un-nuevo-trekking-urbano-cultural-por-la-costanera.jpg\" width=\"800\" height=\"600\" alt=\"Trekking Urbano Cultural por la Costanera\"><\/a><\/p>\n<hr>\n","protected":false},"excerpt":{"rendered":"<p>La actividad convoc\u00f3 a familias, vecinos y turistas de todas las edades. Los participantes realizaron ejercicios al aire libre y un recorrido de cuatro kil\u00f3metros con gu\u00edas especializados para conocer m\u00e1s sobre el r\u00edo Suqu\u00eda y su entorno. La iniciativa reuni\u00f3 a familias enteras, vecinos y turistas que disfrutaron de variados ejercicios al aire libre [&hellip;]<\/p>\n","protected":false},"author":1,"featured_media":14160,"comment_status":"closed","ping_status":"closed","sticky":false,"template":"","format":"standard","meta":[],"categories":[44],"tags":[],"_links":{"self":[{"href":"http:\/\/cordobadirecto.com\/index.php\/wp-json\/wp\/v2\/posts\/14159"}],"collection":[{"href":"http:\/\/cordobadirecto.com\/index.php\/wp-json\/wp\/v2\/posts"}],"about":[{"href":"http:\/\/cordobadirecto.com\/index.php\/wp-json\/wp\/v2\/types\/post"}],"author":[{"embeddable":true,"href":"http:\/\/cordobadirecto.com\/index.php\/wp-json\/wp\/v2\/users\/1"}],"replies":[{"embeddable":true,"href":"http:\/\/cordobadirecto.com\/index.php\/wp-json\/wp\/v2\/comments?post=14159"}],"version-history":[{"count":0,"href":"http:\/\/cordobadirecto.com\/index.php\/wp-json\/wp\/v2\/posts\/14159\/revisions"}],"wp:featuredmedia":[{"embeddable":true,"href":"http:\/\/cordobadirecto.com\/index.php\/wp-json\/wp\/v2\/media\/14160"}],"wp:attachment":[{"href":"http:\/\/cordobadirecto.com\/index.php\/wp-json\/wp\/v2\/media?parent=14159"}],"wp:term":[{"taxonomy":"category","embeddable":true,"href":"http:\/\/cordobadirecto.com\/index.php\/wp-json\/wp\/v2\/categories?post=14159"},{"taxonomy":"post_tag","embeddable":true,"href":"http:\/\/cordobadirecto.com\/index.php\/wp-json\/wp\/v2\/tags?post=14159"}],"curies":[{"name":"wp","href":"https:\/\/api.w.org\/{rel}","templated":true}]}}