{"id":141727,"date":"2023-11-01T01:50:55","date_gmt":"2023-11-01T01:50:55","guid":{"rendered":"https:\/\/puntoapunto.com.ar\/?p=352524"},"modified":"2023-11-01T01:50:55","modified_gmt":"2023-11-01T01:50:55","slug":"naftas-aseguran-que-el-abastecimiento-se-normalizara-esta-semana","status":"publish","type":"post","link":"http:\/\/cordobadirecto.com\/index.php\/2023\/11\/01\/naftas-aseguran-que-el-abastecimiento-se-normalizara-esta-semana\/","title":{"rendered":"Naftas: aseguran que el abastecimiento se normalizar\u00e1 esta semana"},"content":{"rendered":"<div><img src=\"http:\/\/cordobadirecto.com\/wp-content\/uploads\/2023\/11\/naftas-aseguran-que-el-abastecimiento-se-normalizara-esta-semana.jpg\" class=\"ff-og-image-inserted\"><\/div>\n<p>Se consider\u00f3 que \u201cde disponerse en forma continua, con los vol\u00famenes comprometidos,&nbsp;<strong>el ritmo de llenado de tanques&nbsp;<\/strong>de nuestras estaciones de servicio,&nbsp;<strong>podr\u00e1 regularizarse durante la presente semana<\/strong>, situaci\u00f3n que ya comenz\u00f3 a ser palpable en los grandes centros urbanos\u201d.\n<\/p>\n<p>Desde CECHA, adem\u00e1s, destacaron que&nbsp;<strong>\u201cresulta importante transmitirles tranquilidad a nuestros clientes<\/strong>, sobre la provisi\u00f3n del combustible, a los efectos de&nbsp;<strong>evitar un estr\u00e9s operativo<\/strong>&nbsp;en nuestras unidades de venta, ya que la situaci\u00f3n de abastecimiento tiende a revertirse en forma acelerada\u201d.\n<\/p>\n<p>Cabe recordar que<strong>&nbsp;Sergio Massa<\/strong>, ministro de Econom\u00eda y candidato presidencial de Uni\u00f3n por la Patria (UxP), le advirti\u00f3 a las empresas petroleras, durante el fin de semana, que el abastecimiento debe estar resuelto para la medianoche del martes.<\/p>\n","protected":false},"excerpt":{"rendered":"<p>Se consider\u00f3 que \u201cde disponerse en forma continua, con los vol\u00famenes comprometidos,&nbsp;el ritmo de llenado de tanques&nbsp;de nuestras estaciones de servicio,&nbsp;podr\u00e1 regularizarse durante la presente semana, situaci\u00f3n que ya comenz\u00f3 a ser palpable en los grandes centros urbanos\u201d. Desde CECHA, adem\u00e1s, destacaron que&nbsp;\u201cresulta importante transmitirles tranquilidad a nuestros clientes, sobre la provisi\u00f3n del combustible, a [&hellip;]<\/p>\n","protected":false},"author":1,"featured_media":141728,"comment_status":"closed","ping_status":"closed","sticky":false,"template":"","format":"standard","meta":[],"categories":[25],"tags":[],"_links":{"self":[{"href":"http:\/\/cordobadirecto.com\/index.php\/wp-json\/wp\/v2\/posts\/141727"}],"collection":[{"href":"http:\/\/cordobadirecto.com\/index.php\/wp-json\/wp\/v2\/posts"}],"about":[{"href":"http:\/\/cordobadirecto.com\/index.php\/wp-json\/wp\/v2\/types\/post"}],"author":[{"embeddable":true,"href":"http:\/\/cordobadirecto.com\/index.php\/wp-json\/wp\/v2\/users\/1"}],"replies":[{"embeddable":true,"href":"http:\/\/cordobadirecto.com\/index.php\/wp-json\/wp\/v2\/comments?post=141727"}],"version-history":[{"count":0,"href":"http:\/\/cordobadirecto.com\/index.php\/wp-json\/wp\/v2\/posts\/141727\/revisions"}],"wp:featuredmedia":[{"embeddable":true,"href":"http:\/\/cordobadirecto.com\/index.php\/wp-json\/wp\/v2\/media\/141728"}],"wp:attachment":[{"href":"http:\/\/cordobadirecto.com\/index.php\/wp-json\/wp\/v2\/media?parent=141727"}],"wp:term":[{"taxonomy":"category","embeddable":true,"href":"http:\/\/cordobadirecto.com\/index.php\/wp-json\/wp\/v2\/categories?post=141727"},{"taxonomy":"post_tag","embeddable":true,"href":"http:\/\/cordobadirecto.com\/index.php\/wp-json\/wp\/v2\/tags?post=141727"}],"curies":[{"name":"wp","href":"https:\/\/api.w.org\/{rel}","templated":true}]}}