{"id":141770,"date":"2023-10-31T23:33:56","date_gmt":"2023-10-31T23:33:56","guid":{"rendered":"https:\/\/www.bbc.com\/mundo\/articles\/cqv9vqj840qo"},"modified":"2023-10-31T23:33:56","modified_gmt":"2023-10-31T23:33:56","slug":"bolivia-rompe-relaciones-con-israel-en-repudio-a-la-desproporcionada-ofensiva-militar-en-la-franja-de-gaza","status":"publish","type":"post","link":"http:\/\/cordobadirecto.com\/index.php\/2023\/10\/31\/bolivia-rompe-relaciones-con-israel-en-repudio-a-la-desproporcionada-ofensiva-militar-en-la-franja-de-gaza\/","title":{"rendered":"Bolivia rompe relaciones con Israel &#8220;en repudio a la desproporcionada ofensiva militar en la Franja de Gaza&#8221;"},"content":{"rendered":"<figure class=\"bbc-1qn0xuy\" readability=\"1.5\">\n<div class=\"bbc-sni631\" readability=\"8\"><picture><img loading=\"lazy\" src=\"http:\/\/cordobadirecto.com\/wp-content\/uploads\/2023\/11\/bolivia-rompe-relaciones-con-israel-en-repudio-a-la-desproporcionada-ofensiva-militar-en-la-franja-de-gaza.jpg\" srcset=\"http:\/\/cordobadirecto.com\/wp-content\/uploads\/2023\/11\/bolivia-rompe-relaciones-con-israel-en-repudio-a-la-desproporcionada-ofensiva-militar-en-la-franja-de-gaza-3.jpg 240w, http:\/\/cordobadirecto.com\/wp-content\/uploads\/2023\/11\/bolivia-rompe-relaciones-con-israel-en-repudio-a-la-desproporcionada-ofensiva-militar-en-la-franja-de-gaza-4.jpg 320w, http:\/\/cordobadirecto.com\/wp-content\/uploads\/2023\/11\/bolivia-rompe-relaciones-con-israel-en-repudio-a-la-desproporcionada-ofensiva-militar-en-la-franja-de-gaza-5.jpg 480w, http:\/\/cordobadirecto.com\/wp-content\/uploads\/2023\/11\/bolivia-rompe-relaciones-con-israel-en-repudio-a-la-desproporcionada-ofensiva-militar-en-la-franja-de-gaza-6.jpg 624w, http:\/\/cordobadirecto.com\/wp-content\/uploads\/2023\/11\/bolivia-rompe-relaciones-con-israel-en-repudio-a-la-desproporcionada-ofensiva-militar-en-la-franja-de-gaza-7.jpg 800w\" sizes=\"(min-width: 1008px) 760px, 100vw\" alt=\"La ministra de la Presidencia, Mar\u00eda Nela Prada, y el vicecanciller de Exteriores, Freddy Mamani.\" width=\"1490\" height=\"838\" class=\"bbc-1uwua2r\"><\/picture>\n<p class=\"bbc-kaivkm\" role=\"text\"><span class=\"bbc-m04vo2\">Fuente de la imagen, <\/span><span lang=\"en-GB\">Cortesia Prensa Canciller\u00eda de Bolivia<\/span><\/p>\n<\/div><figcaption dir=\"ltr\" class=\"bbc-847f6b e6i104o0\" readability=\"3.5\"><span role=\"text\" readability=\"7\"><span class=\"bbc-m04vo2\">Pie de foto, <\/span><\/p>\n<p>La ministra de la Presidencia, Mar\u00eda Nela Prada, y el vicecanciller de Exteriores, Freddy Mamani, cuestionaron la actuaci\u00f3n de Israel en Gaza.<\/p>\n<p><\/span><\/figcaption><\/figure>\n<section role=\"region\" aria-labelledby=\"article-byline\" class=\"bbc-1vjaf6b\"><strong id=\"article-byline\" aria-hidden=\"true\" class=\"bbc-m04vo2\">Article information<\/strong><\/p>\n<ul role=\"list\" class=\"bbc-1rvtlej\">\n<li><span role=\"text\"><span class=\"bbc-m04vo2\">Author, <\/span><span class=\"bbc-1ypcc2\">Redacci\u00f3n<\/span><\/span><\/li>\n<li><span role=\"text\"><span class=\"bbc-m04vo2\">Role, <!-- --> <\/span><span class=\"bbc-1y5sx98\">BBC News Mundo<\/span><\/span><\/li>\n<li class=\"bbc-v8pmqw\">\n<p><time datetime=\"2023-10-31\" class=\"bbc-1dafq0j e1mklfmt0\">7 horas<\/time><\/p>\n<\/li>\n<\/ul>\n<\/section>\n<div dir=\"ltr\" class=\"bbc-19j92fr ebmt73l0\" readability=\"8\">\n<p dir=\"ltr\" class=\"bbc-hhl7in e17g058b0\"><b>El gobierno de Bolivia se convirti\u00f3 este martes en el primer pa\u00eds latinoamericano en romper relaciones diplom\u00e1ticas con Israel por su operaci\u00f3n militar en la Franja de Gaza.<\/b><\/p>\n<\/div>\n<div dir=\"ltr\" class=\"bbc-19j92fr ebmt73l0\" readability=\"13\">\n<p dir=\"ltr\" class=\"bbc-hhl7in e17g058b0\">La decisi\u00f3n la anunciaron la ministra de la Presidencia, Mar\u00eda Nela Prada, y el vicecanciller de Exteriores, Freddy Mamani, seg\u00fan inform\u00f3 la canciller\u00eda boliviana en una nota publicada en su p\u00e1gina web.<\/p>\n<\/div>\n<div dir=\"ltr\" class=\"bbc-19j92fr ebmt73l0\" readability=\"11\">\n<p dir=\"ltr\" class=\"bbc-hhl7in e17g058b0\">Bolivia &#8220;ha tomado la determinaci\u00f3n de romper relaciones diplom\u00e1ticas con el Estado de Israel en repudio y condena a la agresiva y desproporcionada ofensiva militar israel\u00ed que se realiza en la Franja de Gaza&#8221;, se\u00f1al\u00f3 el vicecanciller, Freddy Mamani.<\/p>\n<\/div>\n<div dir=\"ltr\" class=\"bbc-19j92fr ebmt73l0\" readability=\"16\">\n<p dir=\"ltr\" class=\"bbc-hhl7in e17g058b0\">\u201cExigimos el cese de los ataques en la Franja de Gaza que han provocado, hasta ahora, miles de v\u00edctimas fatales civiles y el desplazamiento forzado de palestinos; as\u00ed como el cese al bloqueo que impide la entrada de alimentos, agua y otros elementos esenciales para la vida, <b>violando el Derecho Internacional y el Derecho Internacional Humanitario<\/b> en el tratamiento de la poblaci\u00f3n civil en conflictos armados\u201d, dijo Prada, actuando en su condici\u00f3n de canciller interina. <\/p>\n<\/div>\n<div dir=\"ltr\" class=\"bbc-19j92fr ebmt73l0\" readability=\"13\">\n<p dir=\"ltr\" class=\"bbc-hhl7in e17g058b0\">De acuerdo con el diario brit\u00e1nico <i class=\"bbc-h1y5j7 eih42320\">The Guardian<\/i>, Bolivia es el primer pa\u00eds en el mundo en romper lazos diplom\u00e1ticos con Israel a ra\u00edz del conflicto actual que se inici\u00f3 el 7 de octubre pasado, cuando Ham\u00e1s lanz\u00f3 un ataque contra Israel durante el que mat\u00f3 a unas 1.400 personas y secuestr\u00f3 a m\u00e1s de 200, la mayor parte civiles.<\/p>\n<\/div>\n<div dir=\"ltr\" class=\"bbc-19j92fr ebmt73l0\" readability=\"10\">\n<p dir=\"ltr\" class=\"bbc-hhl7in e17g058b0\">A partir de entonces, Israel inici\u00f3 una campa\u00f1a de bombardeos sobre Gaza que ha matado a m\u00e1s de 8.500 personas, seg\u00fan las autoridades sanitarias de la Franja.<\/p>\n<\/div>\n<div dir=\"ltr\" class=\"bbc-19j92fr ebmt73l0\" readability=\"11\">\n<p dir=\"ltr\" class=\"bbc-hhl7in e17g058b0\">Aunque el objetivo declarado de Israel es eliminar a Ham\u00e1s, que gobierna Gaza desde 2007 y es considerado como un grupo terrorista por la Uni\u00f3n Europea y Estados Unidos, muchas de las v\u00edctimas de sus bombardeos son mujeres y ni\u00f1os.<\/p>\n<\/div>\n<figure class=\"bbc-1qn0xuy\" readability=\"1.5\">\n<div class=\"bbc-sni631\" readability=\"8\"><picture><img src=\"http:\/\/cordobadirecto.com\/wp-content\/uploads\/2023\/11\/bolivia-rompe-relaciones-con-israel-en-repudio-a-la-desproporcionada-ofensiva-militar-en-la-franja-de-gaza-1.jpg\" srcset=\"http:\/\/cordobadirecto.com\/wp-content\/uploads\/2023\/11\/bolivia-rompe-relaciones-con-israel-en-repudio-a-la-desproporcionada-ofensiva-militar-en-la-franja-de-gaza-8.jpg 240w, http:\/\/cordobadirecto.com\/wp-content\/uploads\/2023\/11\/bolivia-rompe-relaciones-con-israel-en-repudio-a-la-desproporcionada-ofensiva-militar-en-la-franja-de-gaza-9.jpg 320w, http:\/\/cordobadirecto.com\/wp-content\/uploads\/2023\/11\/bolivia-rompe-relaciones-con-israel-en-repudio-a-la-desproporcionada-ofensiva-militar-en-la-franja-de-gaza-10.jpg 480w, http:\/\/cordobadirecto.com\/wp-content\/uploads\/2023\/11\/bolivia-rompe-relaciones-con-israel-en-repudio-a-la-desproporcionada-ofensiva-militar-en-la-franja-de-gaza-11.jpg 624w, http:\/\/cordobadirecto.com\/wp-content\/uploads\/2023\/11\/bolivia-rompe-relaciones-con-israel-en-repudio-a-la-desproporcionada-ofensiva-militar-en-la-franja-de-gaza-12.jpg 800w\" sizes=\"(min-width: 1008px) 760px, 100vw\" alt=\"El presidente de Bolivia en un evento en julio.\" loading=\"lazy\" width=\"2128\" height=\"1197\" class=\"bbc-1uwua2r\"><\/picture>\n<p class=\"bbc-kaivkm\" role=\"text\"><span class=\"bbc-m04vo2\">Fuente de la imagen, <\/span><span lang=\"en-GB\">Reuters<\/span><\/p>\n<\/div><figcaption dir=\"ltr\" class=\"bbc-847f6b e6i104o0\" readability=\"3\"><span role=\"text\" readability=\"6\"><span class=\"bbc-m04vo2\">Pie de foto, <\/span><\/p>\n<p>El presidente de Bolivia, Luis Arce, sostuvo una reuni\u00f3n con el representante diplom\u00e1tico palestino en La Paz, Mahmoud Elalwani.<\/p>\n<p><\/span><\/figcaption><\/figure>\n<p><h2 id=\"Ham\u00e1s-celebra-la-decisi\u00f3n-de-Bolivia\" tabindex=\"-1\" class=\"bbc-1f03ibc eglt09e0\">Ham\u00e1s celebra la decisi\u00f3n de Bolivia<\/h2>\n<\/p>\n<div dir=\"ltr\" class=\"bbc-19j92fr ebmt73l0\" readability=\"9\">\n<p dir=\"ltr\" class=\"bbc-hhl7in e17g058b0\">El anuncio de la ruptura de relaciones con Israel se produjo un d\u00eda despu\u00e9s de que el presidente Luis Arce se reuniera con el embajador de la Autoridad Palestina en La Paz, Mahmoud Elalwani.<\/p>\n<\/div>\n<div dir=\"ltr\" class=\"bbc-19j92fr ebmt73l0\" readability=\"9\">\n<p dir=\"ltr\" class=\"bbc-hhl7in e17g058b0\">En su declaraci\u00f3n de este martes, los ministros bolivianos <b>abogaron por la declaraci\u00f3n de un cese al fuego y anunciaron que el gobierno de Arce enviar\u00e1 ayuda a Gaza<\/b>.<\/p>\n<\/div>\n<div dir=\"ltr\" class=\"bbc-19j92fr ebmt73l0\" readability=\"8\">\n<p dir=\"ltr\" class=\"bbc-hhl7in e17g058b0\">Los funcionarios bolivianos no hicieron ninguna menci\u00f3n al mortal ataque que ejecut\u00f3 Ham\u00e1s contra Israel el 7 de octubre.<\/p>\n<\/div>\n<div dir=\"ltr\" class=\"bbc-19j92fr ebmt73l0\" readability=\"10\">\n<p dir=\"ltr\" class=\"bbc-hhl7in e17g058b0\">El grupo islamista emiti\u00f3 este mismo martes un comunicado saludando la decisi\u00f3n de Bolivia e <b>invitando a los pa\u00edses \u00e1rabes que &#8220;han normalizado sus relaciones con Israel&#8221; a hacer lo mismo<\/b>, seg\u00fan inform\u00f3 AFP.<\/p>\n<\/div>\n<div dir=\"ltr\" class=\"bbc-19j92fr ebmt73l0\" readability=\"10\">\n<p dir=\"ltr\" class=\"bbc-hhl7in e17g058b0\">Bolivia restableci\u00f3 las relaciones diplom\u00e1ticas con Israel durante el gobierno de Jeanine A\u00f1ez en 2020, poco m\u00e1s de una d\u00e9cada despu\u00e9s de haberlas roto por un conflicto previo en la Franja de Gaza en 2009.<\/p>\n<\/div>\n<p><h2 id=\"Colombia-y-Chile-llaman-a-consultas-a-sus-embajadores-en-Israel\" tabindex=\"-1\" class=\"bbc-1f03ibc eglt09e0\">Colombia y Chile llaman a consultas a sus embajadores en Israel<\/h2>\n<\/p>\n<div dir=\"ltr\" class=\"bbc-19j92fr ebmt73l0\" readability=\"12\">\n<p dir=\"ltr\" class=\"bbc-hhl7in e17g058b0\">La noche de este martes, el presidente de Colombia, Gustavo Petro, anunci\u00f3 el llamado a consultas de la embajadora de su pa\u00eds en Israel, Margarita Eliana Manjarrez Herrera.<\/p>\n<\/div>\n<div dir=\"ltr\" class=\"bbc-19j92fr ebmt73l0\" readability=\"10\">\n<p dir=\"ltr\" class=\"bbc-hhl7in e17g058b0\">En un mensaje publicado en la red X, el mandatario se\u00f1al\u00f3: &#8220;He decidido llamar a consulta a nuestra embajadora en Israel. <b>Si Israel no detiene la masacre del pueblo palestino no podemos estar all\u00e1<\/b>&#8220;.<\/p>\n<\/div>\n<div dir=\"ltr\" class=\"bbc-19j92fr ebmt73l0\" readability=\"9\">\n<p dir=\"ltr\" class=\"bbc-hhl7in e17g058b0\">Durante las \u00faltimas dos d\u00e9cadas y hasta antes de la llegada de Petro al poder, Colombia era considerado como uno de los principales socios de Israel en Am\u00e9rica Latina.<\/p>\n<\/div>\n<div dir=\"ltr\" class=\"bbc-19j92fr ebmt73l0\" readability=\"13\">\n<p dir=\"ltr\" class=\"bbc-hhl7in e17g058b0\">El presidente de Chile, Gabriel Boric, tambi\u00e9n anunci\u00f3 este martes en su cuenta en X que estaba llamando a consultas al embajador en Israel, Jorge Carvajal, &#8220;ante las inaceptables violaciones del Derecho Internacional Humanitario en que ha incurrido Israel en la franja de Gaza&#8221;.<\/p>\n<\/div>\n<div dir=\"ltr\" class=\"bbc-19j92fr ebmt73l0\" readability=\"13\">\n<p dir=\"ltr\" class=\"bbc-hhl7in e17g058b0\">&#8220;Chile condena en\u00e9rgicamente y observa con gran preocupaci\u00f3n que dichas operaciones militares \u2013 que a estas alturas de su desarrollo <b>comportan un castigo colectivo a la poblaci\u00f3n civil palestina en Gaza<\/b> &#8211; no respetan normas fundamentales del Derecho Internacional, como lo demuestran las m\u00e1s de ocho mil v\u00edctimas civiles, en su mayor\u00eda mujeres y ni\u00f1os&#8221;, apunt\u00f3.<\/p>\n<\/div>\n<div dir=\"ltr\" class=\"bbc-19j92fr ebmt73l0\" readability=\"7\">\n<p dir=\"ltr\" class=\"bbc-hhl7in e17g058b0\">Chile es el pa\u00eds del mundo con la mayor comunidad de palestinos fuera del mundo \u00e1rabe.<\/p>\n<\/div>\n<figure class=\"bbc-1qn0xuy\">\n<div class=\"bbc-sni631\"><picture><img src=\"http:\/\/cordobadirecto.com\/wp-content\/uploads\/2023\/11\/bolivia-rompe-relaciones-con-israel-en-repudio-a-la-desproporcionada-ofensiva-militar-en-la-franja-de-gaza-2.jpg\" srcset=\"http:\/\/cordobadirecto.com\/wp-content\/uploads\/2023\/11\/bolivia-rompe-relaciones-con-israel-en-repudio-a-la-desproporcionada-ofensiva-militar-en-la-franja-de-gaza-13.jpg 240w, http:\/\/cordobadirecto.com\/wp-content\/uploads\/2023\/11\/bolivia-rompe-relaciones-con-israel-en-repudio-a-la-desproporcionada-ofensiva-militar-en-la-franja-de-gaza-14.jpg 320w, http:\/\/cordobadirecto.com\/wp-content\/uploads\/2023\/11\/bolivia-rompe-relaciones-con-israel-en-repudio-a-la-desproporcionada-ofensiva-militar-en-la-franja-de-gaza-15.jpg 480w, http:\/\/cordobadirecto.com\/wp-content\/uploads\/2023\/11\/bolivia-rompe-relaciones-con-israel-en-repudio-a-la-desproporcionada-ofensiva-militar-en-la-franja-de-gaza-16.jpg 624w, http:\/\/cordobadirecto.com\/wp-content\/uploads\/2023\/11\/bolivia-rompe-relaciones-con-israel-en-repudio-a-la-desproporcionada-ofensiva-militar-en-la-franja-de-gaza-17.jpg 800w\" sizes=\"(min-width: 1008px) 760px, 100vw\" alt=\"Linea\" loading=\"lazy\" width=\"800\" height=\"100\" class=\"bbc-1uwua2r\"><\/picture><\/div>\n<\/figure>\n<div dir=\"ltr\" class=\"bbc-19j92fr ebmt73l0\" readability=\"8\">\n<p dir=\"ltr\" class=\"bbc-hhl7in e17g058b0\"><i class=\"bbc-h1y5j7 eih42320\">Recuerda que puedes recibir notificaciones de BBC News Mundo. Descarga la \u00faltima versi\u00f3n de nuestra app y act\u00edvalas para no perderte nuestro mejor contenido.<\/i><\/p>\n<\/div>\n","protected":false},"excerpt":{"rendered":"<p>Fuente de la imagen, Cortesia Prensa Canciller\u00eda de Bolivia Pie de foto, La ministra de la Presidencia, Mar\u00eda Nela Prada, y el vicecanciller de Exteriores, Freddy Mamani, cuestionaron la actuaci\u00f3n de Israel en Gaza. Article information Author, Redacci\u00f3n Role, BBC News Mundo 7 horas El gobierno de Bolivia se convirti\u00f3 este martes en el primer [&hellip;]<\/p>\n","protected":false},"author":1,"featured_media":141771,"comment_status":"closed","ping_status":"closed","sticky":false,"template":"","format":"standard","meta":[],"categories":[24],"tags":[],"_links":{"self":[{"href":"http:\/\/cordobadirecto.com\/index.php\/wp-json\/wp\/v2\/posts\/141770"}],"collection":[{"href":"http:\/\/cordobadirecto.com\/index.php\/wp-json\/wp\/v2\/posts"}],"about":[{"href":"http:\/\/cordobadirecto.com\/index.php\/wp-json\/wp\/v2\/types\/post"}],"author":[{"embeddable":true,"href":"http:\/\/cordobadirecto.com\/index.php\/wp-json\/wp\/v2\/users\/1"}],"replies":[{"embeddable":true,"href":"http:\/\/cordobadirecto.com\/index.php\/wp-json\/wp\/v2\/comments?post=141770"}],"version-history":[{"count":0,"href":"http:\/\/cordobadirecto.com\/index.php\/wp-json\/wp\/v2\/posts\/141770\/revisions"}],"wp:featuredmedia":[{"embeddable":true,"href":"http:\/\/cordobadirecto.com\/index.php\/wp-json\/wp\/v2\/media\/141771"}],"wp:attachment":[{"href":"http:\/\/cordobadirecto.com\/index.php\/wp-json\/wp\/v2\/media?parent=141770"}],"wp:term":[{"taxonomy":"category","embeddable":true,"href":"http:\/\/cordobadirecto.com\/index.php\/wp-json\/wp\/v2\/categories?post=141770"},{"taxonomy":"post_tag","embeddable":true,"href":"http:\/\/cordobadirecto.com\/index.php\/wp-json\/wp\/v2\/tags?post=141770"}],"curies":[{"name":"wp","href":"https:\/\/api.w.org\/{rel}","templated":true}]}}