{"id":141839,"date":"2023-11-01T06:51:33","date_gmt":"2023-11-01T06:51:33","guid":{"rendered":"http:\/\/cordobadirecto.com\/index.php\/2023\/11\/01\/cavani-y-suarez-en-la-prelista-de-bielsa-para-jugar-ante-argentina\/"},"modified":"2023-11-01T06:51:33","modified_gmt":"2023-11-01T06:51:33","slug":"cavani-y-suarez-en-la-prelista-de-bielsa-para-jugar-ante-argentina","status":"publish","type":"post","link":"http:\/\/cordobadirecto.com\/index.php\/2023\/11\/01\/cavani-y-suarez-en-la-prelista-de-bielsa-para-jugar-ante-argentina\/","title":{"rendered":"Cavani y Su\u00e1rez en la prelista de Bielsa para jugar ante Argentina"},"content":{"rendered":"<figure class=\"mb-3\"><img loading=\"lazy\" data-src=\"http:\/\/cordobadirecto.com\/wp-content\/uploads\/2023\/11\/cavani-y-suarez-en-la-prelista-de-bielsa-para-jugar-ante-argentina.jpg\" src=\"https:\/\/www.telam.com.ar\/assets\/img\/not_image.png\" class=\" lazy \" width=\"100%\" height=\"100%\" alt=\"Los dos histricos goleadores Charras en la prelista para las Eliminatorias \"><figcaption> Los dos hist\u00f3ricos goleadores Charr\u00faas, en la prelista para las Eliminatorias <\/figcaption><\/figure>\n<p>El delantero Xeneize&nbsp;<strong>Edinson Cavani <\/strong>y el de Gremio, de Brasil, <strong>Luis Su\u00e1rez<\/strong>, est\u00e1n en la prelista confeccionado por Marcelo Bielsa para el partido que el pr\u00f3ximo jueves 16 de noviembre el seleccionado de Uruguay jugar\u00e1 con Argentina en la Bombonera, por la quinta fecha de Eliminatorias Sudamericanas.<\/p>\n<p>En esa doble fecha en la que el martes 21 recibir\u00e1 a Bolivia, el t\u00e9cnico argentino ya hab\u00eda adelantado que ambos delanteros eran &#8220;convocables&#8221;, pese a no haber sido citados en las cuatro primeras fechas de estas eliminatorias rumbo al Mundial de 2026.<\/p>\n<blockquote class=\"twitter-tweet\" readability=\"6.3038869257951\">\n<p lang=\"es\" dir=\"ltr\">\ud83d\udcad \ud835\uddd8\ud835\udddf\ud835\udddc\ud835\udde0\ud835\udddc\ud835\udde1\ud835\uddd4\ud835\udde7\ud835\udde2\ud835\udde5\ud835\udddc\ud835\uddd4\ud835\udde6<\/p>\n<p>Se acercan los \u00faltimos dos partidos del a\u00f1o para la Mayor: \ud835\uddd4\ud835\uddff\ud835\uddf4\ud835\uddf2\ud835\uddfb\ud835\ude01\ud835\uddf6\ud835\uddfb\ud835\uddee y \ud835\uddd5\ud835\uddfc\ud835\uddf9\ud835\uddf6\ud835\ude03\ud835\uddf6\ud835\uddee. <a href=\"https:\/\/twitter.com\/hashtag\/ElEquipoQueNosUne?src=hash&amp;ref_src=twsrc%5Etfw\">#ElEquipoQueNosUne<\/a> <a href=\"https:\/\/t.co\/plvxFYUXbv\">pic.twitter.com\/plvxFYUXbv<\/a><\/p>\n<p>\u2014 Selecci\u00f3n Uruguaya (@Uruguay) <a href=\"https:\/\/twitter.com\/Uruguay\/status\/1719068587090985288?ref_src=twsrc%5Etfw\">October 30, 2023<\/a><\/p><\/blockquote>\n<p>Los uruguayos vienen de unas tercera y cuarta fechas muy positivas, ya que empataron sobre el final 2 a 2 como visitantes de Colombia y luego vencieron a Brasil en el estadio Centenario por 2 a 0.<\/p>\n<p>De todas maneras y pese a lo adelantado por los medios uruguayos en cuanto a la confecci\u00f3n de esa prelista, que como ocurre con el resto de las selecciones sudamericanas, se env\u00eda a la Conmebol pero no se hace p\u00fablica, falta que tanto Cavani como Su\u00e1rez formen parte de la lista definitiva para poder estar en la cancha de Boca Juniors y sobre todo en el caso de este \u00faltimo, pueda reencontrarse con su gran amigo Lionel Messi.<\/p>\n","protected":false},"excerpt":{"rendered":"<p>Los dos hist\u00f3ricos goleadores Charr\u00faas, en la prelista para las Eliminatorias El delantero Xeneize&nbsp;Edinson Cavani y el de Gremio, de Brasil, Luis Su\u00e1rez, est\u00e1n en la prelista confeccionado por Marcelo Bielsa para el partido que el pr\u00f3ximo jueves 16 de noviembre el seleccionado de Uruguay jugar\u00e1 con Argentina en la Bombonera, por la quinta fecha [&hellip;]<\/p>\n","protected":false},"author":1,"featured_media":141840,"comment_status":"closed","ping_status":"closed","sticky":false,"template":"","format":"standard","meta":[],"categories":[21],"tags":[],"_links":{"self":[{"href":"http:\/\/cordobadirecto.com\/index.php\/wp-json\/wp\/v2\/posts\/141839"}],"collection":[{"href":"http:\/\/cordobadirecto.com\/index.php\/wp-json\/wp\/v2\/posts"}],"about":[{"href":"http:\/\/cordobadirecto.com\/index.php\/wp-json\/wp\/v2\/types\/post"}],"author":[{"embeddable":true,"href":"http:\/\/cordobadirecto.com\/index.php\/wp-json\/wp\/v2\/users\/1"}],"replies":[{"embeddable":true,"href":"http:\/\/cordobadirecto.com\/index.php\/wp-json\/wp\/v2\/comments?post=141839"}],"version-history":[{"count":0,"href":"http:\/\/cordobadirecto.com\/index.php\/wp-json\/wp\/v2\/posts\/141839\/revisions"}],"wp:featuredmedia":[{"embeddable":true,"href":"http:\/\/cordobadirecto.com\/index.php\/wp-json\/wp\/v2\/media\/141840"}],"wp:attachment":[{"href":"http:\/\/cordobadirecto.com\/index.php\/wp-json\/wp\/v2\/media?parent=141839"}],"wp:term":[{"taxonomy":"category","embeddable":true,"href":"http:\/\/cordobadirecto.com\/index.php\/wp-json\/wp\/v2\/categories?post=141839"},{"taxonomy":"post_tag","embeddable":true,"href":"http:\/\/cordobadirecto.com\/index.php\/wp-json\/wp\/v2\/tags?post=141839"}],"curies":[{"name":"wp","href":"https:\/\/api.w.org\/{rel}","templated":true}]}}