{"id":141867,"date":"2023-11-01T06:51:59","date_gmt":"2023-11-01T06:51:59","guid":{"rendered":"http:\/\/cordobadirecto.com\/index.php\/2023\/11\/01\/kaddy-la-fabulosa-hechicera-del-caos-la-serie-argentina-que-llego-a-cartoon-network\/"},"modified":"2023-11-01T06:51:59","modified_gmt":"2023-11-01T06:51:59","slug":"kaddy-la-fabulosa-hechicera-del-caos-la-serie-argentina-que-llego-a-cartoon-network","status":"publish","type":"post","link":"http:\/\/cordobadirecto.com\/index.php\/2023\/11\/01\/kaddy-la-fabulosa-hechicera-del-caos-la-serie-argentina-que-llego-a-cartoon-network\/","title":{"rendered":"&#8220;Kaddy, la fabulosa hechicera del caos&#8221;, la serie argentina que lleg\u00f3 a Cartoon Network"},"content":{"rendered":"<figure class=\"mb-3\"><img loading=\"lazy\" data-src=\"http:\/\/cordobadirecto.com\/wp-content\/uploads\/2023\/11\/kaddy-la-fabulosa-hechicera-del-caos-la-serie-argentina-que-llego-a-cartoon-network.jpg\" src=\"https:\/\/www.telam.com.ar\/assets\/img\/not_image.png\" class=\" lazy \" width=\"100%\" height=\"100%\" alt=\"Matias Revello productor y Lucila Iguez directora los responsables de Kaddy Foto Pablo Aeli\"><figcaption> Matias Revello (productor) y Lucila I\u00f1\u00edguez (directora). los responsables de &#8220;Kaddy&#8221;. (Foto: Pablo A\u00f1eli) <\/figcaption><\/figure>\n<p>Con el estreno a trav\u00e9s de Cartoon Network Latinoam\u00e9rica del primer cap\u00edtulo de \u201cKaddy, la fabulosa hechicera del caso\u201d, el estudio argentino Listo Calisto! Animation marca un hito regional en la materia y lleva por primera vez un producto local a un canal internacional.<\/p>\n<p>La serie animada podr\u00e1 verse a partir de este martes 31 en el ic\u00f3nico canal dedicado a los dibujos animados, tanto en televisi\u00f3n como en YouTube y en las plataformas oficiales de la se\u00f1al estadounidense.<\/p>\n<p><strong>\u201cEs muy emocionante estrenar un episodio en el canal que ve\u00edamos cuando \u00e9ramos chicos y que nunca dejamos de ver. Estamos muy contentos, porque adem\u00e1s estrenamos en Halloween, una fecha muy importante para los dibujos animados\u201d<\/strong>, detall\u00f3 en conversaci\u00f3n con T\u00e9lam,<strong> Lucila I\u00f1iguez, directora de la serie<\/strong>.<\/p>\n<p>\u201cCrecimos viendo series de Cartoon Network como \u2018Johnny Bravo\u2019, \u2018La vaca y el pollito\u2019, \u2018Las chicas superpoderosas\u2019, \u2018El laboratorio de Dexter\u2019 y \u2018Billy y Mandy\u2019\u201d, enumera <strong>el productor ejecutivo Mat\u00edas Revello<\/strong>.<\/p>\n<blockquote class=\"instagram-media\" data-instgrm-captioned data-instgrm-permalink=\"https:\/\/www.instagram.com\/reel\/Cy3snETuiqV\/?utm_source=ig_embed&amp;utm_campaign=loading\" data-instgrm-version=\"14\" readability=\"-0.25301204819277\"><\/blockquote>\n<p>El proyecto, que narra las aventuras en clave de comedia de una ni\u00f1a hechicera, Kaddy, y su amigo, Fido, un hombre lobo artista y vegano que toca el charango, comenz\u00f3 en 2021 <strong>la dupla gan\u00f3 el Premio Pixelatl durante el mercado audiovisual Ventana Sur 2021, realizado en Buenos Aires<\/strong>.<\/p>\n<p>Ese galard\u00f3n les otorg\u00f3 un pase para mostrar sus ideas en Pixelatl, el festival de animaci\u00f3n, videojuegos y c\u00f3mics que se realiza en Guadalajara, M\u00e9xico, y que es el m\u00e1s importante a nivel latinoamericano, donde presentaron sus ideas ante ejecutivos de Cartoon Network en el evento \u201cGirl Power: pitch the future\u201d y consiguieron llegar a un acuerdo para la producci\u00f3n del primer episodio de la serie que se ver\u00e1 durante un mes.<\/p>\n<figure class=\"mb-3\"><img loading=\"lazy\" data-src=\"http:\/\/cordobadirecto.com\/wp-content\/uploads\/2023\/11\/kaddy-la-fabulosa-hechicera-del-caos-la-serie-argentina-que-llego-a-cartoon-network-1.jpg\" src=\"https:\/\/www.telam.com.ar\/assets\/img\/not_image.png\" class=\" lazy \" width=\"100%\" height=\"100%\" alt=\"Foto prensa\"><figcaption> Foto: prensa <\/figcaption><\/figure>\n<p>El episodio, que cont\u00f3 con un presupuesto de 10.000 d\u00f3lares, incluy\u00f3 el trabajo de unas 30 personas, sum\u00f3 la coproducci\u00f3n de Azca Animation de M\u00e9xico y cont\u00f3 con el trabajo de estudiantes del programa de pasant\u00edas de la Universidad del Salvador (USAL).<\/p>\n<p>El doblaje tuvo los roles protag\u00f3nicos a la cantante y actriz venezolana Shilley Costa, que interpret\u00f3 personajes en series animadas como \u201cSteven Universe\u201d, \u201cLos j\u00f3venes titanes en acci\u00f3n\u201d y en la pel\u00edcula de Bob Esponja, el dominicano David Santana, que le puso voz a Kratos de los videojuegos, y el argentino Santiago Maure, que hizo voces en series como \u201cGravity Falls\u201d y \u201cAmphibia\u201d.<\/p>\n<figure class=\"mb-3\"><img loading=\"lazy\" data-src=\"http:\/\/cordobadirecto.com\/wp-content\/uploads\/2023\/11\/kaddy-la-fabulosa-hechicera-del-caos-la-serie-argentina-que-llego-a-cartoon-network-2.jpg\" src=\"https:\/\/www.telam.com.ar\/assets\/img\/not_image.png\" class=\" lazy \" width=\"100%\" height=\"100%\" alt=\"Foto Pablo Aeli\"><figcaption> Foto: Pablo A\u00f1eli <\/figcaption><\/figure>\n<p>Si el proyecto funciona, la idea es avanzar en 26 cap\u00edtulos de 11 minutos, donde se narran las aventuras de una ni\u00f1a hechicera que no encaja y sus viajes en un universo fant\u00e1stico lleno de aventura y comedia que contiene elementos aut\u00f3ctonos, como el mencionado charango, o arquitectura y trajes, mayas o incas en los pueblos ficticios que visitados por los protagonistas.<\/p>\n<p>El desembarco de &#8220;Kady&#8221; ampl\u00eda la presencia argentina en la se\u00f1al que tuvo como antecedente al animador, ilustrador y dise\u00f1ador gr\u00e1fico Alexis Moyano con los cortos &#8220;Guau&#8221; y &#8220;Miau&#8221; en 2019, y &#8220;Fracasitos&#8221;, de Ana Oly, en 2021.<\/p>\n<div class=\"video_repositive\"> <a class=\"video_sticky\" href=\"javascript:void();\" onclick=\"removeStuckVideo(true);\"><i class=\"far fa-window-close\"><\/i><\/a> <\/p>\n<div id=\"lRtgYUe0SKA\" class=\"video_telam\" readability=\"6.5\">\n<div class=\"feature_article_inner\" readability=\"33\">\n<p><h2 class=\"text-center\">&#8220;Kaddy, la fabulosa hechicera del caos&#8221;<\/h2>\n<\/p><\/div>\n<p>VER VIDEO <i class=\"fas fa-play\"><\/i><\/p>\n<\/p><\/div><\/div>\n<p><strong>I\u00f1iguez y Revello son docentes en la Universidad del Salvador y en la Universidad Nacional de La Matanza<\/strong>, adem\u00e1s de colaboradores de la <strong>Fundaci\u00f3n Animando Vidas.<\/strong> Recibieron a esta agencia en su estudio ubicado en el barrio porte\u00f1o de Villa Luro, donde brindaron detalles de su trabajo.<\/p>\n<p><strong>-\u00bfC\u00f3mo surge \u201cKaddy\u201d?<\/strong><br \/>Matias Revello: Antes de \u201cKaddy\u201d hab\u00edamos presentando en Ventana Sur un proyecto que no qued\u00f3 seleccionado pero si participamos de rondas de trabajo y nos hicieron una devoluci\u00f3n. Tomamos todo el aprendizaje En base a eso pensamos un siguiente proyecto. Quisimos contar esta historia. Algo que nos identificara, que hablara de nosotros. En el colegio \u00e9ramos los chicos raros, dibuj\u00e1bamos y dem\u00e1s. Buscar el lugar de pertenencia siempre es algo importante para los chicos. Y en nuestra historia personal tambi\u00e9n. Quer\u00edamos transmitir eso en una historia divertida, no educativa en s\u00ed misma pero s\u00ed con un trasfondo y con profundidad. Y qued\u00f3 seleccionado.<br \/>Lucila I\u00f1iguez: Ah\u00ed arranc\u00f3, recibimos premio para ir a M\u00e9xico, el pase para el mercado Pixelatl y nos postulamos a todas las convocatorias abiertas. Un par de semanas antes de la fecha, abrieron una convocatoria para la 4ta. edici\u00f3n de \u201cGirl power pitch the future\u201d, una asociaci\u00f3n Pixelatl y Cartoon Network en busca de proyectos para producir que tengan una directora mujer y que sean independientes.<\/p>\n<figure class=\"mb-3\"><img loading=\"lazy\" data-src=\"http:\/\/cordobadirecto.com\/wp-content\/uploads\/2023\/11\/kaddy-la-fabulosa-hechicera-del-caos-la-serie-argentina-que-llego-a-cartoon-network-3.jpg\" src=\"https:\/\/www.telam.com.ar\/assets\/img\/not_image.png\" class=\" lazy \" width=\"100%\" height=\"100%\" alt=\"Foto Pablo Aeli\"><figcaption> Foto: Pablo A\u00f1eli <\/figcaption><\/figure>\n<p><strong>-\u00bfCu\u00e1l es la premisa de la historia?<\/strong><br \/>MR: Kaddy es una ni\u00f1a que no encaja en su familia nigromante destinada a convertirse en la pr\u00f3xima heredera al trono de su clan que tiene que encontrar su propio lugar en el mundo, en un lugar que se llama tierras altas, un universo fant\u00e1stico donde los Nigromantes, magos que controlan la mala suerte y la muerte, unos hechiceros oscuros, son los que reinan .A ese reino pertenece Kaddy. Todos esperan que pueda hacer magia oscura, pero ella no puede controlarla porque tiene buen coraz\u00f3n. Pero igual, sale a la conquista de distintos reinos en las Tierras Altas.<br \/>LI: Va a lograr el cometido. En cada cap\u00edtulo va a distintos pueblos, enfrenta desaf\u00edos, a villanos, como el guardi\u00e1n emplumado de la aldea dorada. Va a la Ciudad Magn\u00edfica, uno de los pocos pueblos que nunca pueden conquistar a los nigromantes, est\u00e1 defendida por unos guerreros superpoderosos, fuertes y toscos. Ella va a encontrar la forma para solucionar ese problema<\/p>\n<figure class=\"mb-3\"><img loading=\"lazy\" data-src=\"http:\/\/cordobadirecto.com\/wp-content\/uploads\/2023\/11\/kaddy-la-fabulosa-hechicera-del-caos-la-serie-argentina-que-llego-a-cartoon-network-4.jpg\" src=\"https:\/\/www.telam.com.ar\/assets\/img\/not_image.png\" class=\" lazy \" width=\"100%\" height=\"100%\" alt=\"Foto Pablo Aeli\"><figcaption> Foto: Pablo A\u00f1eli <\/figcaption><\/figure>\n<p><strong>-\u00bfC\u00f3mo ven la situaci\u00f3n de la industria de la animaci\u00f3n en la Argentina?<\/strong><br \/>MR: Si bien Argentina tiene una trayectoria muy importante, con el primer largo animado de <a href=\"https:\/\/www.telam.com.ar\/notas\/202111\/574221-dia-nacional-de-la-animacion-argentina.html\" target=\"_blank\" rel=\"noopener\">Quirino Cristiani<\/a>, el primer corto a color que fue \u201cUpa en apuros\u201d, con cap\u00edtulos de \u201cF\u00e9lix el gato\u201d hechos en el pa\u00eds, los contactos de (Walt)&nbsp;<a href=\"https:\/\/www.telam.com.ar\/notas\/202112\/576695-walt-disney-un-innovador-brillante-que-dejo-muchas-creaciones-y-varias-controversias.html\" target=\"_blank\" rel=\"noopener\">Disney<\/a> con animadores argentinos y todo lo que implica (Manuel) <a href=\"https:\/\/www.telam.com.ar\/notas\/201303\/11813-a-los-83-anos-fallecio-el-artista-grafico-manuel-garcia-ferrer.html\" target=\"_blank\" rel=\"noopener\">Garc\u00eda Ferr\u00e9<\/a>, pareciera que despu\u00e9s hubo un bache. Pero el inter\u00e9s local siempre estuvo, y tambi\u00e9n el talento con artistas buenos, que terminan haciendo trabajo para afuera o emigrando. A nivel estudio, durante mi crecimiento sent\u00eda que faltaba, no hab\u00eda demasiados lugares donde estudiar. Ahora hay mucho m\u00e1s incentivo, hay m\u00e1s lugares donde estudiar. Como siempre, se complica el tema de los recursos, c\u00f3mo usarlos y c\u00f3mo tener financiaci\u00f3n. Lo m\u00e1s complicado, lo esencial, est\u00e1, que es el talento. El tema es saber c\u00f3mo motivarlo y generar una industria fuerte.<br \/>LI: Por eso desarrollamos nuestra pata docente y no la queremos perder pese a que la docencia no paga bien. El motor tiene que ver con la necesidad que en Latinoam\u00e9rica en general y Argentina en particular, los animadores no vemos a los otros profesionales como una competencia. Si el otro tiene trabajo, se va a ver que ac\u00e1 hay talento, que ac\u00e1 se produce. Nos interesa fomentar el gusto por esta profesi\u00f3n. Tambi\u00e9n lo hacemos colaborando con la Fundaci\u00f3n Animando Vidas, con talleres de animaci\u00f3n para chicos en situaciones vulnerables, villas y colegios humildes que en mi caso doy en la Villa 21-24 de Barracas. La idea es aportar desde la creatividad.<\/p>\n<div class=\"card col-md-10 offset-md-1 mb-4\">\n<h3 class=\"pt-2\">Relacionadas<\/h3>\n<\/p><\/div>\n","protected":false},"excerpt":{"rendered":"<p>Matias Revello (productor) y Lucila I\u00f1\u00edguez (directora). los responsables de &#8220;Kaddy&#8221;. (Foto: Pablo A\u00f1eli) Con el estreno a trav\u00e9s de Cartoon Network Latinoam\u00e9rica del primer cap\u00edtulo de \u201cKaddy, la fabulosa hechicera del caso\u201d, el estudio argentino Listo Calisto! Animation marca un hito regional en la materia y lleva por primera vez un producto local a [&hellip;]<\/p>\n","protected":false},"author":1,"featured_media":141868,"comment_status":"closed","ping_status":"closed","sticky":false,"template":"","format":"standard","meta":[],"categories":[20],"tags":[],"_links":{"self":[{"href":"http:\/\/cordobadirecto.com\/index.php\/wp-json\/wp\/v2\/posts\/141867"}],"collection":[{"href":"http:\/\/cordobadirecto.com\/index.php\/wp-json\/wp\/v2\/posts"}],"about":[{"href":"http:\/\/cordobadirecto.com\/index.php\/wp-json\/wp\/v2\/types\/post"}],"author":[{"embeddable":true,"href":"http:\/\/cordobadirecto.com\/index.php\/wp-json\/wp\/v2\/users\/1"}],"replies":[{"embeddable":true,"href":"http:\/\/cordobadirecto.com\/index.php\/wp-json\/wp\/v2\/comments?post=141867"}],"version-history":[{"count":0,"href":"http:\/\/cordobadirecto.com\/index.php\/wp-json\/wp\/v2\/posts\/141867\/revisions"}],"wp:featuredmedia":[{"embeddable":true,"href":"http:\/\/cordobadirecto.com\/index.php\/wp-json\/wp\/v2\/media\/141868"}],"wp:attachment":[{"href":"http:\/\/cordobadirecto.com\/index.php\/wp-json\/wp\/v2\/media?parent=141867"}],"wp:term":[{"taxonomy":"category","embeddable":true,"href":"http:\/\/cordobadirecto.com\/index.php\/wp-json\/wp\/v2\/categories?post=141867"},{"taxonomy":"post_tag","embeddable":true,"href":"http:\/\/cordobadirecto.com\/index.php\/wp-json\/wp\/v2\/tags?post=141867"}],"curies":[{"name":"wp","href":"https:\/\/api.w.org\/{rel}","templated":true}]}}