{"id":141871,"date":"2023-11-01T06:52:11","date_gmt":"2023-11-01T06:52:11","guid":{"rendered":"https:\/\/www.ole.com.ar\/futbol-ascenso\/primera-nacional-capacitacion-afa_0_pNTqYb2rRq.html"},"modified":"2023-11-01T06:52:11","modified_gmt":"2023-11-01T06:52:11","slug":"importante-presencia-de-presidentes-de-la-primera-nacional-en-una-capacitacion-de-la-afa","status":"publish","type":"post","link":"http:\/\/cordobadirecto.com\/index.php\/2023\/11\/01\/importante-presencia-de-presidentes-de-la-primera-nacional-en-una-capacitacion-de-la-afa\/","title":{"rendered":"Importante presencia de presidentes de la Primera Nacional en una capacitaci\u00f3n de la AFA"},"content":{"rendered":"<p><time class=\"createDate\" datetime=\"2023-10-31T18:33:36-03:00\">31\/10\/2023 18:33hs.<\/time><time class=\"modificatedDate\" datetime=\"2023-10-31T19:52:51-03:00\"> Actualizado al 31\/10\/2023 19:52hs.<\/time><\/p>\n<div id=\"storyBody\">\n<div class=\"custom-text \" readability=\"38\">\n<p><strong>El crecimiento del ascenso es en gran parte gracias a sus dirigentes, <\/strong>los cuales cada vez toman m\u00e1s cartas en el asunto e incluso <strong>ahora se encargan de formar a quienes pueden ser sus antecesores, <\/strong>pero para ellos se necesita convicci\u00f3n por parte de los maestros, y eso es en parte con lo que cuentan tanto <strong>Ricardo Sastre (presidente de Deportivo Madryn) como Alicio Dagatti (presidente de Estudiantes de R\u00edo Cuarto).<\/strong><\/p>\n<\/div>\n<div class=\"custom-text \" readability=\"37\">\n<p>Ambos formaron parte de un<strong> Seminario de formaci\u00f3n de dirigentes que dict\u00f3 la AFA. <\/strong>El mismo se llev\u00f3 a cabo en la sede de la <strong>Universidad Metropolitana para la Educaci\u00f3n y el Trabajo, <\/strong>y cont\u00f3 con cuatro encuentros durante el mes de octubre, en los que <u>tuvo la presencia de m\u00e1s de 100 dirigentes de forma presencial en el auditorio y de m\u00e1s de 1000 v\u00eda streaming.<\/u><\/p>\n<\/div>\n<div class=\"sc-e7b891c4-0 jPbnQF\"><img alt=\"Seminar\u00edo de capacitaci\u00f3n de AFA.\" src=\"http:\/\/cordobadirecto.com\/wp-content\/uploads\/2023\/11\/importante-presencia-de-presidentes-de-la-primera-nacional-en-una-capacitacion-de-la-afa.jpg\" width=\"720\" height=\"100\" decoding=\"async\" data-nimg=\"future\" loading=\"lazy\"><span class=\"epigraphe\">Seminar\u00edo de capacitaci\u00f3n de AFA.<\/span><\/div>\n<div class=\"custom-text \" readability=\"38\">\n<p><strong>Dagatti fue el encargado de hablar sobre c\u00f3mo afront\u00f3 con sus diferentes comisiones directivas las arduas tareas que se presentan cuando uno est\u00e1 al frente de un club.<\/strong> Adem\u00e1s de que dej\u00f3 un mensaje sobre lo importante que es la contenci\u00f3n social por parte de los clubes, sumado a que dej\u00f3 en evidencia su clara postura en contra de las sociedades an\u00f3nimas en el f\u00fatbol. <strong>\u00a8Nosotros decimos con orgullo que estamos siempre en defensa de las asociaciones civiles sin fines de lucro, les decimos no a las S.A. y ojal\u00e1 que esto se mantenga durante a\u00f1os\u00a8<\/strong>, sentenci\u00f3.<\/p>\n<\/div>\n<div class=\"sc-a7166897-0 exHLBh\" readability=\"6\">\n<section readability=\"2\"><picture><img alt=\"Formaci\u00f3n de Racing ante un karma llamado Defensa\" src=\"http:\/\/cordobadirecto.com\/wp-content\/uploads\/2023\/11\/importante-presencia-de-presidentes-de-la-primera-nacional-en-una-capacitacion-de-la-afa-1.jpg\" width=\"290\" height=\"290\" decoding=\"async\" data-nimg=\"future\" loading=\"lazy\"><\/picture>\n<p><span>Mir\u00e1 tambi\u00e9n<\/span><\/p>\n<hr>\n<h3>Formaci\u00f3n de Racing ante un karma llamado Defensa<\/h3>\n<\/p>\n<\/section>\n<\/div>\n<div class=\"custom-text \" readability=\"45\">\n<p>Por su parte, <strong>Sastre se ocup\u00f3 de disertar sobre cultura y asociativismo en el f\u00fatbol,<\/strong> y adem\u00e1s<strong> agradeci\u00f3 la invitaci\u00f3n a la charla y, sobre todo, al presidente Chiqui Tapia:<\/strong> <strong>\u00a8Este tipo de gestiones en AFA, de la mano de su presidente Claudio Tapia y directivos como Toviggino, busca profundizar ese federalismo tan necesario, y en ese camino nos van a encontrar siempre, colaborando desde el lugar que toque\u00a8<\/strong>, cerr\u00f3 el presidente de Deportivo Madryn, el cual<strong> hace poco tiempo fue nombrado como asamble\u00edsta titular de la Asociaci\u00f3n del F\u00fatbol Argentino en representaci\u00f3n de la Primera Nacional.<\/strong><\/p>\n<\/div>\n<div class=\"sc-e7b891c4-0 jPbnQF\"><img alt=\"Sastre junt\u00f3 a Diggati.\" src=\"http:\/\/cordobadirecto.com\/wp-content\/uploads\/2023\/11\/importante-presencia-de-presidentes-de-la-primera-nacional-en-una-capacitacion-de-la-afa-2.jpg\" width=\"720\" height=\"100\" decoding=\"async\" data-nimg=\"future\" loading=\"lazy\"><span class=\"epigraphe\">Sastre junt\u00f3 a Diggati.<\/span><\/div>\n<p><h2><strong>Los otros asamble\u00edstas que acompa\u00f1an a Sastre&#8230;.<\/strong><\/h2>\n<\/p>\n<div class=\"custom-text \" readability=\"44\">\n<p>Adem\u00e1s de Sastre, los otros asamble\u00edstas titulares son<strong> Gabriel Alberto Mansilla (Mor\u00f3n), Silvio H\u00e9ctor Fontanini (Rafaela), Pablo Guerra (Estudiantes BA), Sergio Gianturco (Temperley) y Alicio Osvaldo Dagatti (Estudiantes RC).<\/strong> En tanto, como suplentes quedaron: <strong>Adri\u00e1n Vairo (Brown A), H\u00e9ctor Orlando G\u00f3mez (Chaco For Ever), Nicol\u00e1s Cambiasso (All Boys), Fernando Ariel Poretta (Gimnasia M), N\u00e9stor Jos\u00e9 Di Pierro (Chacarita) y Pablo Mir\u00f3n (Alvarado).<\/strong><\/p>\n<\/div>\n<div class=\"sc-a7166897-0 exHLBh\" readability=\"6\">\n<section readability=\"2\"><picture><img alt=\"Fluminense volvi\u00f3 a perder en su \u00faltimo partido antes de la final\" src=\"http:\/\/cordobadirecto.com\/wp-content\/uploads\/2023\/11\/importante-presencia-de-presidentes-de-la-primera-nacional-en-una-capacitacion-de-la-afa-3.jpg\" width=\"290\" height=\"290\" decoding=\"async\" data-nimg=\"future\" loading=\"lazy\"><\/picture>\n<p><span>Mir\u00e1 tambi\u00e9n<\/span><\/p>\n<hr>\n<h3>Fluminense volvi\u00f3 a perder en su \u00faltimo partido antes de la final<\/h3>\n<\/p>\n<\/section>\n<\/div>\n<div class=\"sc-a7166897-0 exHLBh\" readability=\"6\">\n<section readability=\"2\"><picture><img alt=\"La mirada desde Madrid sobre el rey Messi\" src=\"http:\/\/cordobadirecto.com\/wp-content\/uploads\/2023\/11\/importante-presencia-de-presidentes-de-la-primera-nacional-en-una-capacitacion-de-la-afa-4.jpg\" width=\"290\" height=\"290\" decoding=\"async\" data-nimg=\"future\" loading=\"lazy\"><\/picture>\n<p><span>Mir\u00e1 tambi\u00e9n<\/span><\/p>\n<hr>\n<h3>La mirada desde Madrid sobre el rey Messi<\/h3>\n<\/p>\n<\/section>\n<\/div>\n<div class=\"sc-a7166897-0 exHLBh\" readability=\"7\">\n<section readability=\"4\"><picture><img alt=\"Con pol\u00e9mica,Tigre venci\u00f3 a Godoy Cruz en Victoria y sali\u00f3 de los puestos de descenso directo\" src=\"http:\/\/cordobadirecto.com\/wp-content\/uploads\/2023\/11\/importante-presencia-de-presidentes-de-la-primera-nacional-en-una-capacitacion-de-la-afa-5.jpg\" width=\"290\" height=\"290\" decoding=\"async\" data-nimg=\"future\" loading=\"lazy\"><\/picture>\n<p><span>Mir\u00e1 tambi\u00e9n<\/span><\/p>\n<hr>\n<h3>Con pol\u00e9mica,Tigre venci\u00f3 a Godoy Cruz en Victoria y sali\u00f3 de los puestos de descenso directo<\/h3>\n<\/p>\n<\/section>\n<\/div>\n<div class=\"sc-a7166897-0 exHLBh\" readability=\"6\">\n<section readability=\"2\"><picture><img alt=\"Video: otro gol de Di Mar\u00eda para el Benfica\" src=\"http:\/\/cordobadirecto.com\/wp-content\/uploads\/2023\/11\/importante-presencia-de-presidentes-de-la-primera-nacional-en-una-capacitacion-de-la-afa-6.jpg\" width=\"290\" height=\"290\" decoding=\"async\" data-nimg=\"future\" loading=\"lazy\"><\/picture>\n<p><span>Mir\u00e1 tambi\u00e9n<\/span><\/p>\n<hr>\n<h3>Video: otro gol de Di Mar\u00eda para el Benfica<\/h3>\n<\/p>\n<\/section>\n<\/div>\n<\/div>\n","protected":false},"excerpt":{"rendered":"<p>31\/10\/2023 18:33hs. Actualizado al 31\/10\/2023 19:52hs. El crecimiento del ascenso es en gran parte gracias a sus dirigentes, los cuales cada vez toman m\u00e1s cartas en el asunto e incluso ahora se encargan de formar a quienes pueden ser sus antecesores, pero para ellos se necesita convicci\u00f3n por parte de los maestros, y eso es [&hellip;]<\/p>\n","protected":false},"author":1,"featured_media":141872,"comment_status":"closed","ping_status":"closed","sticky":false,"template":"","format":"standard","meta":[],"categories":[21],"tags":[],"_links":{"self":[{"href":"http:\/\/cordobadirecto.com\/index.php\/wp-json\/wp\/v2\/posts\/141871"}],"collection":[{"href":"http:\/\/cordobadirecto.com\/index.php\/wp-json\/wp\/v2\/posts"}],"about":[{"href":"http:\/\/cordobadirecto.com\/index.php\/wp-json\/wp\/v2\/types\/post"}],"author":[{"embeddable":true,"href":"http:\/\/cordobadirecto.com\/index.php\/wp-json\/wp\/v2\/users\/1"}],"replies":[{"embeddable":true,"href":"http:\/\/cordobadirecto.com\/index.php\/wp-json\/wp\/v2\/comments?post=141871"}],"version-history":[{"count":0,"href":"http:\/\/cordobadirecto.com\/index.php\/wp-json\/wp\/v2\/posts\/141871\/revisions"}],"wp:featuredmedia":[{"embeddable":true,"href":"http:\/\/cordobadirecto.com\/index.php\/wp-json\/wp\/v2\/media\/141872"}],"wp:attachment":[{"href":"http:\/\/cordobadirecto.com\/index.php\/wp-json\/wp\/v2\/media?parent=141871"}],"wp:term":[{"taxonomy":"category","embeddable":true,"href":"http:\/\/cordobadirecto.com\/index.php\/wp-json\/wp\/v2\/categories?post=141871"},{"taxonomy":"post_tag","embeddable":true,"href":"http:\/\/cordobadirecto.com\/index.php\/wp-json\/wp\/v2\/tags?post=141871"}],"curies":[{"name":"wp","href":"https:\/\/api.w.org\/{rel}","templated":true}]}}