{"id":142004,"date":"2023-11-01T15:32:44","date_gmt":"2023-11-01T15:32:44","guid":{"rendered":"https:\/\/www.ole.com.ar\/autos\/franco-colapinto-prueba-formula-1-f1_0_Ev9XSqw1un.html"},"modified":"2023-11-01T15:32:44","modified_gmt":"2023-11-01T15:32:44","slug":"historico-franco-colapinto-se-prueba-en-la-formula-1","status":"publish","type":"post","link":"http:\/\/cordobadirecto.com\/index.php\/2023\/11\/01\/historico-franco-colapinto-se-prueba-en-la-formula-1\/","title":{"rendered":"Hist\u00f3rico: Franco Colapinto se prueba en la F\u00f3rmula 1"},"content":{"rendered":"<p><time class=\"createDate\" datetime=\"2023-11-01T12:32:44-03:00\">01\/11\/2023 12:32hs.<\/time><time class=\"modificatedDate\" datetime=\"2023-11-01T13:01:47-03:00\"> Actualizado al 01\/11\/2023 13:01hs.<\/time><\/p>\n<div id=\"storyBody\">\n<div class=\"custom-text \" readability=\"34.10843373494\">\n<p>Luego de 22 a\u00f1os, un piloto argentino volver\u00e1 a formar parte de un ensayo oficial de la <a href=\"https:\/\/www.ole.com.ar\/tema\/formula-1.html\" title=\"F\u00f3rmula 1\" alt=\"F\u00f3rmula 1\" class=\"slug\">F\u00f3rmula 1<\/a>, la categor\u00eda madre del automovilismo. Se trata de <strong><a href=\"https:\/\/www.ole.com.ar\/tema\/franco-colapinto.html\" title=\"Franco Colapinto\" alt=\"Franco Colapinto\" class=\"slug\">Franco Colapinto<\/a>, quien a sus 20 a\u00f1os cumplir\u00e1 el sue\u00f1o de probar un <a href=\"https:\/\/www.ole.com.ar\/tema\/williams.html\" title=\"Williams\" alt=\"Williams\" class=\"slug\">Williams<\/a><\/strong>FW45- equipo del que forma parte desde el 2020- en el Rookie Test del 28 de noviembre en Abu Dhabi.<\/p>\n<\/div>\n<div class=\"custom-text \" readability=\"34\">\n<p>La noticia fue anunciada por el propio Colapinto a trav\u00e9s de sus redes sociales: <strong>&#8220;No me entra tanta felicidad en el cuerpo de pensar que en unas semanas voy a estar manejando un F\u00f3rmula 1 por primera vez&#8221;.<\/strong><\/p>\n<\/div>\n<div class=\"custom-text \" readability=\"30.143356643357\">\n<p>D\u00edas atr\u00e1s se hab\u00eda confirmado que<strong> el pilarense<a href=\"https:\/\/www.ole.com.ar\/autos\/franco-colapinto-f2-anuncio-automovilismo-mp-team_0_XUwX6Hz6WZ.html\" target=\"_blank\" title=\" correr\u00eda con el equipo MP en la F2 el a\u00f1o que viene\" alt=\" correr\u00eda con el equipo MP en la F2 el a\u00f1o que viene\" rel=\"noopener\"> correr\u00eda con el equipo MP en la F2 el a\u00f1o que viene<\/a>,<\/strong> pero el 2023 le ten\u00eda preparada una \u00faltima sorpresa. Adem\u00e1s de resultados favorables, fue clave el apoyo econ\u00f3mico de sponsoreos como Globant, Visit Argentina y hasta Bizarrap.<\/p>\n<\/div>\n<div class=\"custom-text \" readability=\"39\">\n<p>Colapinto viene de cerrar un gran 2023 en su segunda temporada en la F3: <strong>finaliz\u00f3 en la cuarta posici\u00f3n <\/strong>(110 puntos, a 54 del campe\u00f3n, el brasile\u00f1o Gabriel Bortoleto), <strong>obteniendo dos victorias y cinco podios para MP. <\/strong>Un gran a\u00f1o en el que qued\u00f3 muy cerca de alcanzar el segundo lugar: tan solo lo separaron nueve unidades del brit\u00e1nico Zak O&#8217;Sullivan, del Prema Powerteam.<\/p>\n<\/div>\n<div class=\"sc-e7b891c4-0 jPbnQF\"><img alt=\"Colapinto finaliz\u00f3 cuarto en la F3.\" src=\"http:\/\/cordobadirecto.com\/wp-content\/uploads\/2023\/11\/historico-franco-colapinto-se-prueba-en-la-formula-1.jpg\" width=\"720\" height=\"100\" decoding=\"async\" data-nimg=\"future\" loading=\"lazy\"><span class=\"epigraphe\">Colapinto finaliz\u00f3 cuarto en la F3.<\/span><\/div>\n<p><h2><strong>El anuncio de Colapinto<\/strong><\/h2>\n<\/p>\n<div class=\"custom-text \" readability=\"34\">\n<p>Voy a estar manejando el F1 de @WilliamsRacing en el Rookie test de Abu Dhabi. No me entra tanta felicidad en el cuerpo de pensar que en unas semanas voy a estar manejando un F\u00f3rmula 1 por primera vez. Gracias a Williams por esta incre\u00edble oportunidad!<\/p>\n<\/div>\n<div class=\"custom-text \" readability=\"36\">\n<p>Gracias al gobierno, Mat\u00edas Lammens, @visitargentina @marcapaisar @YPFoficial @Globant @bizarrap y @BulletSportsMgt por acompa\u00f1arme a hacer historia juntos y cumplir este sue\u00f1o! Espero que est\u00e9n tan contentos como yo! Pero falta mucho por delante todav\u00eda! A seguir empujando.<\/p>\n<\/div>\n<div class=\"custom-embedhtml\" readability=\"5.8468208092486\">\n<blockquote class=\"twitter-tweet\" readability=\"5.8468208092486\">\n<p lang=\"es\" dir=\"ltr\">(1\/2) \u203c\ufe0fVoy a estar manejando el F1 de <a href=\"https:\/\/twitter.com\/WilliamsRacing?ref_src=twsrc%5Etfw\">@WilliamsRacing<\/a> en el Rookie test de Abu Dhabi. No me entra tanta felicidad en el cuerpo de pensar que en unas semanas voy a estar manejando un Formula 1 por primera vez. Gracias a Williams por esta incre\u00edble oportunidad! <a href=\"https:\/\/t.co\/JfHkxYOGL4\">pic.twitter.com\/JfHkxYOGL4<\/a><\/p>\n<p>\u2014 Franco Colapinto (@FranColapinto) <a href=\"https:\/\/twitter.com\/FranColapinto\/status\/1719719987697340636?ref_src=twsrc%5Etfw\">November 1, 2023<\/a><\/p><\/blockquote><\/div>\n<div class=\"sc-a7166897-0 exHLBh\" readability=\"7.5\">\n<section readability=\"5\"><picture><img alt=\"F\u00f3rmula 1: hora y TV de las pr\u00e1cticas, clasificaci\u00f3n, Sprint y carrera del GP de Austin\" src=\"http:\/\/cordobadirecto.com\/wp-content\/uploads\/2023\/11\/historico-franco-colapinto-se-prueba-en-la-formula-1-1.jpg\" width=\"290\" height=\"290\" decoding=\"async\" data-nimg=\"future\" loading=\"lazy\"><\/picture>\n<p><span>Mir\u00e1 tambi\u00e9n<\/span><\/p>\n<hr>\n<h3>F\u00f3rmula 1: hora y TV de las pr\u00e1cticas, clasificaci\u00f3n, Sprint y carrera del GP de Austin<\/h3>\n<\/p>\n<\/section>\n<\/div>\n<div class=\"sc-a7166897-0 exHLBh\" readability=\"6.5\">\n<section readability=\"3\"><picture><img alt=\"Franco Girolami, campe\u00f3n del Touring Car Racing (TCR) de Italia\" src=\"http:\/\/cordobadirecto.com\/wp-content\/uploads\/2023\/11\/historico-franco-colapinto-se-prueba-en-la-formula-1-2.jpg\" width=\"290\" height=\"290\" decoding=\"async\" data-nimg=\"future\" loading=\"lazy\"><\/picture>\n<p><span>Mir\u00e1 tambi\u00e9n<\/span><\/p>\n<hr>\n<h3>Franco Girolami, campe\u00f3n del Touring Car Racing (TCR) de Italia<\/h3>\n<\/p>\n<\/section>\n<\/div>\n<div class=\"sc-a7166897-0 exHLBh\" readability=\"7.5\">\n<section readability=\"5\"><picture><img alt=\"Canapino cambiar\u00e1 de compa\u00f1ero: Ilott, quien tuvo cruces con argentinos, no seguir\u00e1 en el Juncos Holliger Racing\" src=\"http:\/\/cordobadirecto.com\/wp-content\/uploads\/2023\/11\/historico-franco-colapinto-se-prueba-en-la-formula-1-3.jpg\" width=\"290\" height=\"290\" decoding=\"async\" data-nimg=\"future\" loading=\"lazy\"><\/picture>\n<p><span>Mir\u00e1 tambi\u00e9n<\/span><\/p>\n<hr>\n<h3>Canapino cambiar\u00e1 de compa\u00f1ero: Ilott, quien tuvo cruces con argentinos, no seguir\u00e1 en el Juncos Holliger Racing<\/h3>\n<\/p>\n<\/section>\n<\/div>\n<\/div>\n","protected":false},"excerpt":{"rendered":"<p>01\/11\/2023 12:32hs. Actualizado al 01\/11\/2023 13:01hs. Luego de 22 a\u00f1os, un piloto argentino volver\u00e1 a formar parte de un ensayo oficial de la F\u00f3rmula 1, la categor\u00eda madre del automovilismo. Se trata de Franco Colapinto, quien a sus 20 a\u00f1os cumplir\u00e1 el sue\u00f1o de probar un WilliamsFW45- equipo del que forma parte desde el 2020- [&hellip;]<\/p>\n","protected":false},"author":1,"featured_media":142005,"comment_status":"closed","ping_status":"closed","sticky":false,"template":"","format":"standard","meta":[],"categories":[21],"tags":[],"_links":{"self":[{"href":"http:\/\/cordobadirecto.com\/index.php\/wp-json\/wp\/v2\/posts\/142004"}],"collection":[{"href":"http:\/\/cordobadirecto.com\/index.php\/wp-json\/wp\/v2\/posts"}],"about":[{"href":"http:\/\/cordobadirecto.com\/index.php\/wp-json\/wp\/v2\/types\/post"}],"author":[{"embeddable":true,"href":"http:\/\/cordobadirecto.com\/index.php\/wp-json\/wp\/v2\/users\/1"}],"replies":[{"embeddable":true,"href":"http:\/\/cordobadirecto.com\/index.php\/wp-json\/wp\/v2\/comments?post=142004"}],"version-history":[{"count":0,"href":"http:\/\/cordobadirecto.com\/index.php\/wp-json\/wp\/v2\/posts\/142004\/revisions"}],"wp:featuredmedia":[{"embeddable":true,"href":"http:\/\/cordobadirecto.com\/index.php\/wp-json\/wp\/v2\/media\/142005"}],"wp:attachment":[{"href":"http:\/\/cordobadirecto.com\/index.php\/wp-json\/wp\/v2\/media?parent=142004"}],"wp:term":[{"taxonomy":"category","embeddable":true,"href":"http:\/\/cordobadirecto.com\/index.php\/wp-json\/wp\/v2\/categories?post=142004"},{"taxonomy":"post_tag","embeddable":true,"href":"http:\/\/cordobadirecto.com\/index.php\/wp-json\/wp\/v2\/tags?post=142004"}],"curies":[{"name":"wp","href":"https:\/\/api.w.org\/{rel}","templated":true}]}}