{"id":142020,"date":"2023-11-01T21:02:42","date_gmt":"2023-11-01T21:02:42","guid":{"rendered":"https:\/\/cordoba.gob.ar\/?p=52655"},"modified":"2023-11-01T21:02:42","modified_gmt":"2023-11-01T21:02:42","slug":"asi-se-vivio-la-2a-edicion-del-encuentro-intercolegial-audiovisual","status":"publish","type":"post","link":"http:\/\/cordobadirecto.com\/index.php\/2023\/11\/01\/asi-se-vivio-la-2a-edicion-del-encuentro-intercolegial-audiovisual\/","title":{"rendered":"As\u00ed se vivi\u00f3 la 2\u00aa edici\u00f3n del Encuentro Intercolegial Audiovisual"},"content":{"rendered":"<div><img src=\"http:\/\/cordobadirecto.com\/wp-content\/uploads\/2023\/11\/asi-se-vivio-la-2a-edicion-del-encuentro-intercolegial-audiovisual.jpg\" class=\"ff-og-image-inserted\"><\/div>\n<ul>\n<li class=\"western\"><span><span><span><b>El encuentro tuvo como sede la sala mayor del Cineclub Municipal. <\/b><\/span><\/span><\/span><\/li>\n<li class=\"western\"><span><span><span><b>Participaron 260 alumnos de 5 escuelas de ense\u00f1anza b\u00e1sica y media de la ciudad, quienes recibieron un certificado por sus creaciones. <\/b><\/span><\/span><\/span><\/li>\n<li class=\"western\"><span><span><span><span><b>La actividad tiene como objetivo promover la participaci\u00f3n activa de adolescentes en el mundo del arte, la comunicaci\u00f3n y fomentar espacios creativos en torno a la producci\u00f3n audiovisual.<\/b><\/span><\/span><\/span><\/span><br \/>\n<hr>\n<\/li>\n<\/ul>\n<p class=\"western\" align=\"justify\"><span><span><span>La Municipalidad de C\u00f3rdoba, a traves de la Secretar\u00eda de Cultura, organiz\u00f3 en la sala mayor del Cineclub Municipal la proyecci\u00f3n de 23 cortometrajes en el marco de la 2.<\/span><\/span><span><sup><span>da<\/span><\/sup><\/span><span><span> edici\u00f3n del Encuentro Intercolegial Audiovisual 2023. Se trata de una actividad no competitiva de intercambio de contenidos audiovisuales producidos por alumnos en contextos de instituciones educativas. <\/span><\/span><\/span><\/p>\n<p class=\"western\" align=\"justify\"><span><span><span>Asistieron 260 alumnos junto a docentes y familiares de las escuelas IPEM 185 Perito Moreno (6A y 6B); IPET 48 Presidente Roca (2D, 3A y 3F); Instituto Privado Secundario Rep\u00fablica de Italia Escuela Ant\u00e1rtida Argentina de la Jornada extendida de Cine Colegio San Jos\u00e9; Ej\u00e9rcito Argentino (6to grado); IPEM 136 Dr. Alfredo Palacios (6to turno ma\u00f1ana y tarde) y el IPEM 207 Eduardo Ra\u00fal Requena (6A y 6B turno ma\u00f1ana y tarde). <\/span><\/span><\/span><\/p>\n<p class=\"western\" align=\"justify\"><span><span><span>En este marco, se hizo entrega de certificados como reconocimiento al esfuerzo y dedicaci\u00f3n por la creaci\u00f3n de las obras audiovisuales propias. Estuvieron a cargo de esta instancia la subsecretar\u00eda de Desarrollo Cultural Creativo, Jimena Garz\u00f3n; la directora de Industrias Culturales, Creativas e Innovaci\u00f3n, Vanesa Toranzo; la subdirectora de Gesti\u00f3n Audiovisual, Silvina Biazzi; y el equipo gestor del \u00c1rea Audiovisual municipal.<\/span><\/span><\/span><\/p>\n<p class=\"western\" align=\"justify\"><span><span><span>El encuentro tiene el objetivo de promover la participaci\u00f3n activa de adolescentes en el mundo del arte y la comunicaci\u00f3n, favoreciendo el desarrollo de su esp\u00edritu cr\u00edtico y sus aptitudes creativas e incentivar la formaci\u00f3n de p\u00fablicos y audiencias. Asimismo, la actividad busca generar instancias de acercamiento al sector audiovisual local en pleno proceso de crecimiento y maduraci\u00f3n.<\/span><\/span><\/span><\/p>\n<p class=\"western\" align=\"justify\"><span><span><span><b>M\u00e1s acciones de fomento para el sector Audiovisual<\/b><\/span><\/span><\/span><\/p>\n<p class=\"western\" align=\"justify\"><span><span><span>En diciembre del 2022 se aprob\u00f3 la Ordenanza Paola Su\u00e1rez. Se trata de un R\u00e9gimen de Fomento y Promoci\u00f3n de la Actividad Audiovisual de la Ciudad (Ordenanza N\u00ba 13.323 \u201cPaola Su\u00e1rez\u201d) que establece medidas para potenciar al sector. <\/span><\/span><\/span><\/p>\n<p class=\"western\" align=\"justify\"><span><span><span>En este sentido, se lanz\u00f3 la convocatoria Cash Rebate, enmarcada en el Programa C\u00f3rdoba Acci\u00f3n. El llamado apunt\u00f3 a promover la industria audiovisual cordobesa y sus servicios asociados.<\/span><\/span><\/span><\/p>\n<p class=\"western\" align=\"justify\"><span><span><span>La propuesta estuvo destinada a productoras audiovisuales con proyectos a concretarse total o parcialmente en C\u00f3rdoba Capital. Fue pensada para fomentar la profesionalizaci\u00f3n del sector, y el desarrollo local en general, dando respuesta concreta a la demanda de productoras y colectivos locales vinculados a esta industria.<\/span><\/span><\/span><\/p>\n<p class=\"western\" align=\"justify\"><span><span><span>Asimismo, se cre\u00f3 la Oficina de filmaciones, dependencia que garantiza un sistema de gesti\u00f3n de permisos de rodaje en C\u00f3rdoba, de manera transversal, \u00e1gil y efectiva. Por su intermedio se da intervenci\u00f3n a diversas \u00e1reas municipales implicadas: polic\u00eda de tr\u00e1nsito, espacios verdes, transporte, espacios p\u00fablicos, \u00e1rea central y corredores comerciales, alumbrado p\u00fablico, Deportes y BioC\u00f3rdoba, entre otras.<\/span><\/span><\/span><\/p>\n<p class=\"western\" align=\"justify\"><span><span><span>En la misma l\u00ednea, se encuentra activa la Web Audiovisual, un portal digital que resume informaci\u00f3n, simulaciones y un Cat\u00e1logo de Locaciones actualizado, con datos muy \u00fatiles sobre los diversos espacios, de inter\u00e9s para producciones audiovisuales.<\/span><\/span><\/span><\/p>\n","protected":false},"excerpt":{"rendered":"<p>El encuentro tuvo como sede la sala mayor del Cineclub Municipal. Participaron 260 alumnos de 5 escuelas de ense\u00f1anza b\u00e1sica y media de la ciudad, quienes recibieron un certificado por sus creaciones. La actividad tiene como objetivo promover la participaci\u00f3n activa de adolescentes en el mundo del arte, la comunicaci\u00f3n y fomentar espacios creativos en [&hellip;]<\/p>\n","protected":false},"author":1,"featured_media":142021,"comment_status":"closed","ping_status":"closed","sticky":false,"template":"","format":"standard","meta":[],"categories":[44],"tags":[],"_links":{"self":[{"href":"http:\/\/cordobadirecto.com\/index.php\/wp-json\/wp\/v2\/posts\/142020"}],"collection":[{"href":"http:\/\/cordobadirecto.com\/index.php\/wp-json\/wp\/v2\/posts"}],"about":[{"href":"http:\/\/cordobadirecto.com\/index.php\/wp-json\/wp\/v2\/types\/post"}],"author":[{"embeddable":true,"href":"http:\/\/cordobadirecto.com\/index.php\/wp-json\/wp\/v2\/users\/1"}],"replies":[{"embeddable":true,"href":"http:\/\/cordobadirecto.com\/index.php\/wp-json\/wp\/v2\/comments?post=142020"}],"version-history":[{"count":0,"href":"http:\/\/cordobadirecto.com\/index.php\/wp-json\/wp\/v2\/posts\/142020\/revisions"}],"wp:featuredmedia":[{"embeddable":true,"href":"http:\/\/cordobadirecto.com\/index.php\/wp-json\/wp\/v2\/media\/142021"}],"wp:attachment":[{"href":"http:\/\/cordobadirecto.com\/index.php\/wp-json\/wp\/v2\/media?parent=142020"}],"wp:term":[{"taxonomy":"category","embeddable":true,"href":"http:\/\/cordobadirecto.com\/index.php\/wp-json\/wp\/v2\/categories?post=142020"},{"taxonomy":"post_tag","embeddable":true,"href":"http:\/\/cordobadirecto.com\/index.php\/wp-json\/wp\/v2\/tags?post=142020"}],"curies":[{"name":"wp","href":"https:\/\/api.w.org\/{rel}","templated":true}]}}