{"id":142034,"date":"2023-11-02T22:46:00","date_gmt":"2023-11-02T22:46:00","guid":{"rendered":"http:\/\/cordobadirecto.com\/index.php\/2023\/11\/02\/el-frente-amplio-de-chile-pidio-votar-en-contra-de-la-nueva-propuesta-constitucional\/"},"modified":"2023-11-02T22:46:00","modified_gmt":"2023-11-02T22:46:00","slug":"el-frente-amplio-de-chile-pidio-votar-en-contra-de-la-nueva-propuesta-constitucional","status":"publish","type":"post","link":"http:\/\/cordobadirecto.com\/index.php\/2023\/11\/02\/el-frente-amplio-de-chile-pidio-votar-en-contra-de-la-nueva-propuesta-constitucional\/","title":{"rendered":"El Frente Amplio de Chile pidi\u00f3 votar en contra de la nueva propuesta constituci\u00f3nal"},"content":{"rendered":"<figure class=\"mb-3\"><img loading=\"lazy\" data-src=\"http:\/\/cordobadirecto.com\/wp-content\/uploads\/2023\/11\/el-frente-amplio-de-chile-pidio-votar-en-contra-de-la-nueva-propuesta-constitucional.jpg\" src=\"https:\/\/www.telam.com.ar\/assets\/img\/not_image.png\" class=\" lazy \" width=\"100%\" height=\"100%\" alt=\"Foto Eugenia Neme\"><figcaption> Foto: Eugenia Neme <\/figcaption><\/figure>\n<p>El Frente Amplio, uno de los dos grupos de partidos que integra la coalici\u00f3n de centroizquierda que gobierna Chile, llam\u00f3 este jueves <strong>a votar en contra<\/strong> del texto propuesto como nueva Constituci\u00f3n en el plebiscito que se celebrar\u00e1 el pr\u00f3ximo 17 de diciembre.<\/p>\n<p>&#8220;El texto propuesto <strong>consagra los intereses de la \u00e9lite econ\u00f3mica y fomenta las desigualdades entre chilenos y chilenas<\/strong>&#8220;, objet\u00f3 en un comunicado la alianza que engloba a los partidos Convergencia Social, Revoluci\u00f3n Democr\u00e1tica y Comunes y suma 21 legisladores en la C\u00e1mara de Diputados.<\/p>\n<p>El Frente Amplio record\u00f3 en la nota que el proceso constitucional <strong>arranc\u00f3 con el objetivo de &#8220;dar respuestas a las m\u00faltiples demandas sociales<\/strong> que fueron ignoradas durante d\u00e9cadas por la pol\u00edtica&#8221; y lament\u00f3 que ahora <strong>culmina con una propuesta de carta magna que ahondar\u00e1 la desigualdad<\/strong>.<\/p>\n<p>&#8220;Con decepci\u00f3n hemos visto c\u00f3mo este segundo proceso ha estado marcado por el sectarismo de un sector pol\u00edtico, <strong>ignorando las expectativas ciudadanas<\/strong> y redactando un texto que profundizar\u00e1 las desigualdades, la divisi\u00f3n e injusticias en nuestro pa\u00eds&#8221;, insistieron los descontentos.<\/p>\n<p>&#8220;Los esfuerzos de la pol\u00edtica deber\u00edan estar orientados a resolver las deudas con la ciudadan\u00eda en materias de pensiones, salud y educaci\u00f3n&#8221;, agreg\u00f3 el documento, seg\u00fan la agencia de noticias Europa Press.<\/p>\n<p>El Consejo Constitucional, formado por 50 miembros, en su mayor\u00eda opositores a Boric, aprob\u00f3 a comienzos de semana el borrador para una nueva carta magna que ser\u00e1 votado por la ciudadan\u00eda el 17 de diciembre, en la que ser\u00e1 la segunda consulta ciudadana en poco m\u00e1s de un a\u00f1o.<\/p>\n<h2 class>Rechazo a la propuesta anterior<\/h2>\n<p> En septiembre de 2022, m\u00e1s de 60% de los chilenos mostr\u00f3 su rechazo a la propuesta elaborada por la anterior Convenci\u00f3n Constitucional, dominada entonces por la centroizquierda.<\/p>\n<figure class=\"mb-3\"><img loading=\"lazy\" data-src=\"http:\/\/cordobadirecto.com\/wp-content\/uploads\/2023\/11\/el-frente-amplio-de-chile-pidio-votar-en-contra-de-la-nueva-propuesta-constitucional-1.jpg\" src=\"https:\/\/www.telam.com.ar\/assets\/img\/not_image.png\" class=\" lazy \" width=\"100%\" height=\"100%\" alt=\"El rechazo en 2022 signific un duro golpe para el presidente Gabriel Boric Foto Eugenia Neme\"><figcaption> El rechazo en 2022 signific\u00f3 un duro golpe para el presidente Gabriel Boric \/ Foto. Eugenia Neme <\/figcaption><\/figure>\n<p>Esa Convenci\u00f3n hab\u00eda surgido tras el reclamo ciudadano iniciado en octubre de 2019, un estallido social que reclamaba enterrar la Carta Magna anterior, que hab\u00eda sido impuesta durante la dictadura de Augusto Pinochet, en 1980, en un plebiscito sin garant\u00edas, ni registro electoral.<\/p>\n<p>El resultado en septiembre de 2022 supuso un duro golpe para Boric, por aquel entonces recientemente nombrado presidente.<\/p>\n","protected":false},"excerpt":{"rendered":"<p>Foto: Eugenia Neme El Frente Amplio, uno de los dos grupos de partidos que integra la coalici\u00f3n de centroizquierda que gobierna Chile, llam\u00f3 este jueves a votar en contra del texto propuesto como nueva Constituci\u00f3n en el plebiscito que se celebrar\u00e1 el pr\u00f3ximo 17 de diciembre. &#8220;El texto propuesto consagra los intereses de la \u00e9lite [&hellip;]<\/p>\n","protected":false},"author":1,"featured_media":142035,"comment_status":"closed","ping_status":"closed","sticky":false,"template":"","format":"standard","meta":[],"categories":[24],"tags":[],"_links":{"self":[{"href":"http:\/\/cordobadirecto.com\/index.php\/wp-json\/wp\/v2\/posts\/142034"}],"collection":[{"href":"http:\/\/cordobadirecto.com\/index.php\/wp-json\/wp\/v2\/posts"}],"about":[{"href":"http:\/\/cordobadirecto.com\/index.php\/wp-json\/wp\/v2\/types\/post"}],"author":[{"embeddable":true,"href":"http:\/\/cordobadirecto.com\/index.php\/wp-json\/wp\/v2\/users\/1"}],"replies":[{"embeddable":true,"href":"http:\/\/cordobadirecto.com\/index.php\/wp-json\/wp\/v2\/comments?post=142034"}],"version-history":[{"count":0,"href":"http:\/\/cordobadirecto.com\/index.php\/wp-json\/wp\/v2\/posts\/142034\/revisions"}],"wp:featuredmedia":[{"embeddable":true,"href":"http:\/\/cordobadirecto.com\/index.php\/wp-json\/wp\/v2\/media\/142035"}],"wp:attachment":[{"href":"http:\/\/cordobadirecto.com\/index.php\/wp-json\/wp\/v2\/media?parent=142034"}],"wp:term":[{"taxonomy":"category","embeddable":true,"href":"http:\/\/cordobadirecto.com\/index.php\/wp-json\/wp\/v2\/categories?post=142034"},{"taxonomy":"post_tag","embeddable":true,"href":"http:\/\/cordobadirecto.com\/index.php\/wp-json\/wp\/v2\/tags?post=142034"}],"curies":[{"name":"wp","href":"https:\/\/api.w.org\/{rel}","templated":true}]}}