{"id":142038,"date":"2023-11-03T04:12:58","date_gmt":"2023-11-03T04:12:58","guid":{"rendered":"https:\/\/www.bbc.com\/mundo\/articles\/c1ed5xw9kv5o"},"modified":"2023-11-03T04:12:58","modified_gmt":"2023-11-03T04:12:58","slug":"las-divisiones-en-israel-por-el-ataque-de-hamas-y-la-ofensiva-terrestre-en-gaza-y-como-afectan-al-primer-ministro-netanyahu","status":"publish","type":"post","link":"http:\/\/cordobadirecto.com\/index.php\/2023\/11\/03\/las-divisiones-en-israel-por-el-ataque-de-hamas-y-la-ofensiva-terrestre-en-gaza-y-como-afectan-al-primer-ministro-netanyahu\/","title":{"rendered":"Las divisiones en Israel por el ataque de Ham\u00e1s y la ofensiva terrestre en Gaza (y c\u00f3mo afectan al primer ministro Netanyahu)"},"content":{"rendered":"<figure class=\"bbc-1qn0xuy\" readability=\"1.5\">\n<div class=\"bbc-sni631\" readability=\"8\"><picture><img loading=\"lazy\" src=\"http:\/\/cordobadirecto.com\/wp-content\/uploads\/2023\/11\/las-divisiones-en-israel-por-el-ataque-de-hamas-y-la-ofensiva-terrestre-en-gaza-y-como-afectan-al-primer-ministro-netanyahu.jpg\" srcset=\"http:\/\/cordobadirecto.com\/wp-content\/uploads\/2023\/11\/las-divisiones-en-israel-por-el-ataque-de-hamas-y-la-ofensiva-terrestre-en-gaza-y-como-afectan-al-primer-ministro-netanyahu-8.jpg 240w, http:\/\/cordobadirecto.com\/wp-content\/uploads\/2023\/11\/las-divisiones-en-israel-por-el-ataque-de-hamas-y-la-ofensiva-terrestre-en-gaza-y-como-afectan-al-primer-ministro-netanyahu-9.jpg 320w, http:\/\/cordobadirecto.com\/wp-content\/uploads\/2023\/11\/las-divisiones-en-israel-por-el-ataque-de-hamas-y-la-ofensiva-terrestre-en-gaza-y-como-afectan-al-primer-ministro-netanyahu-10.jpg 480w, http:\/\/cordobadirecto.com\/wp-content\/uploads\/2023\/11\/las-divisiones-en-israel-por-el-ataque-de-hamas-y-la-ofensiva-terrestre-en-gaza-y-como-afectan-al-primer-ministro-netanyahu-11.jpg 624w, http:\/\/cordobadirecto.com\/wp-content\/uploads\/2023\/11\/las-divisiones-en-israel-por-el-ataque-de-hamas-y-la-ofensiva-terrestre-en-gaza-y-como-afectan-al-primer-ministro-netanyahu-12.jpg 800w\" sizes=\"(min-width: 1008px) 760px, 100vw\" alt=\"Benjamin Netanyahu\" width=\"1024\" height=\"576\" class=\"bbc-1uwua2r\"><\/picture>\n<p class=\"bbc-kaivkm\" role=\"text\"><span class=\"bbc-m04vo2\">Fuente de la imagen, <\/span><span lang=\"en-GB\">Getty Images<\/span><\/p>\n<\/div><figcaption dir=\"ltr\" class=\"bbc-847f6b e6i104o0\" readability=\"1.5\"><span role=\"text\" readability=\"3\"><span class=\"bbc-m04vo2\">Pie de foto, <\/span><\/p>\n<p>El primer ministro israel\u00ed, Benjamin Netanyahu.<\/p>\n<p><\/span><\/figcaption><\/figure>\n<section role=\"region\" aria-labelledby=\"article-byline\" class=\"bbc-1vjaf6b\"><strong id=\"article-byline\" aria-hidden=\"true\" class=\"bbc-m04vo2\">Article information<\/strong><\/p>\n<ul role=\"list\" class=\"bbc-1rvtlej\">\n<li><span role=\"text\"><span class=\"bbc-m04vo2\">Author, <\/span><span class=\"bbc-1ypcc2\">Michael Shuval<\/span><\/span><\/li>\n<li><span role=\"text\"><span class=\"bbc-m04vo2\">Role, <!-- --> <\/span><span class=\"bbc-1y5sx98\">BBC \u00c1rabe<\/span><\/span><\/li>\n<li class=\"bbc-v8pmqw\">\n<p><time datetime=\"2023-11-03\" class=\"bbc-1dafq0j e1mklfmt0\">2 horas<\/time><\/p>\n<\/li>\n<\/ul>\n<\/section>\n<div dir=\"ltr\" class=\"bbc-19j92fr ebmt73l0\" readability=\"8\">\n<p dir=\"ltr\" class=\"bbc-hhl7in e17g058b0\"><b>El primer ministro israel\u00ed Benjam\u00edn Netanyahu y su rival pol\u00edtico Benny Gantz se sentaron uno al lado del otro en una peque\u00f1a sala de conferencias.<\/b><\/p>\n<\/div>\n<div dir=\"ltr\" class=\"bbc-19j92fr ebmt73l0\" readability=\"10\">\n<p dir=\"ltr\" class=\"bbc-hhl7in e17g058b0\">La escena se produjo cuatro d\u00edas despu\u00e9s de que Hamas lanzara un ataque sin precedentes contra Israel, en el que asesin\u00f3 a m\u00e1s de 1.400 personas y secuestr\u00f3 a otras 239 para llevarlas a la Franja de Gaza. <\/p>\n<\/div>\n<div dir=\"ltr\" class=\"bbc-19j92fr ebmt73l0\" readability=\"7\">\n<p dir=\"ltr\" class=\"bbc-hhl7in e17g058b0\">Eso fue antes de que se llegara a comprender plenamente la magnitud de las atrocidades.<\/p>\n<\/div>\n<div dir=\"ltr\" class=\"bbc-19j92fr ebmt73l0\" readability=\"10\">\n<p dir=\"ltr\" class=\"bbc-hhl7in e17g058b0\">Los dos pol\u00edticos acababan de formar un gabinete de guerra de emergencia y por primera vez se dirig\u00edan juntos, hombro con hombro, a la naci\u00f3n. <\/p>\n<\/div>\n<div dir=\"ltr\" class=\"bbc-19j92fr ebmt73l0\" readability=\"8\">\n<p dir=\"ltr\" class=\"bbc-hhl7in e17g058b0\">Era <b>una forma de unidad que exig\u00edan muchos israel\u00edes<\/b> despu\u00e9s de meses de protestas generalizadas y de algunas de las pol\u00edticas m\u00e1s divisivas en la historia del pa\u00eds.<\/p>\n<\/div>\n<figure class=\"bbc-1qn0xuy\" readability=\"1.5\">\n<div class=\"bbc-sni631\" readability=\"8\"><picture><img src=\"http:\/\/cordobadirecto.com\/wp-content\/uploads\/2023\/11\/las-divisiones-en-israel-por-el-ataque-de-hamas-y-la-ofensiva-terrestre-en-gaza-y-como-afectan-al-primer-ministro-netanyahu-1.jpg\" srcset=\"http:\/\/cordobadirecto.com\/wp-content\/uploads\/2023\/11\/las-divisiones-en-israel-por-el-ataque-de-hamas-y-la-ofensiva-terrestre-en-gaza-y-como-afectan-al-primer-ministro-netanyahu-13.jpg 240w, http:\/\/cordobadirecto.com\/wp-content\/uploads\/2023\/11\/las-divisiones-en-israel-por-el-ataque-de-hamas-y-la-ofensiva-terrestre-en-gaza-y-como-afectan-al-primer-ministro-netanyahu-14.jpg 320w, http:\/\/cordobadirecto.com\/wp-content\/uploads\/2023\/11\/las-divisiones-en-israel-por-el-ataque-de-hamas-y-la-ofensiva-terrestre-en-gaza-y-como-afectan-al-primer-ministro-netanyahu-15.jpg 480w, http:\/\/cordobadirecto.com\/wp-content\/uploads\/2023\/11\/las-divisiones-en-israel-por-el-ataque-de-hamas-y-la-ofensiva-terrestre-en-gaza-y-como-afectan-al-primer-ministro-netanyahu-16.jpg 624w, http:\/\/cordobadirecto.com\/wp-content\/uploads\/2023\/11\/las-divisiones-en-israel-por-el-ataque-de-hamas-y-la-ofensiva-terrestre-en-gaza-y-como-afectan-al-primer-ministro-netanyahu-17.jpg 800w\" sizes=\"(min-width: 1008px) 760px, 100vw\" alt=\"Benjamin Netanyahu and his political foe Benny Gantz\" loading=\"lazy\" width=\"1600\" height=\"1022\" class=\"bbc-1uwua2r\"><\/picture>\n<p class=\"bbc-kaivkm\" role=\"text\"><span class=\"bbc-m04vo2\">Fuente de la imagen, <\/span><span lang=\"en-GB\">Israel GPO (Government Press Office)<\/span><\/p>\n<\/div><figcaption dir=\"ltr\" class=\"bbc-847f6b e6i104o0\" readability=\"1\"><span role=\"text\" readability=\"2\"><span class=\"bbc-m04vo2\">Pie de foto, <\/span><\/p>\n<p>Benjamin Netanyahu y su rival pol\u00edtico Benny Gantz.<\/p>\n<p><\/span><\/figcaption><\/figure>\n<div dir=\"ltr\" class=\"bbc-19j92fr ebmt73l0\" readability=\"10\">\n<p dir=\"ltr\" class=\"bbc-hhl7in e17g058b0\">El nuevo gobierno envi\u00f3 un mensaje claro a la naci\u00f3n de solidaridad, y otro a sus adversarios, pero no incluy\u00f3 a todas las figuras opositoras. <\/p>\n<\/div>\n<div dir=\"ltr\" class=\"bbc-19j92fr ebmt73l0\" readability=\"10\">\n<p dir=\"ltr\" class=\"bbc-hhl7in e17g058b0\">El l\u00edder del mayor partido de la oposici\u00f3n, <b>Yair Lapid<\/b>, rechaz\u00f3 su adhesi\u00f3n despu\u00e9s de que Netanyahu descartara romper con los dos partidos de extrema derecha de su coalici\u00f3n. <\/p>\n<\/div>\n<div dir=\"ltr\" class=\"bbc-19j92fr ebmt73l0\" readability=\"10\">\n<p dir=\"ltr\" class=\"bbc-hhl7in e17g058b0\">Desde entonces, los bombardeos de respuesta de Israel han matado a m\u00e1s de 9.000 personas, seg\u00fan el Ministerio de Salud de Gaza dirigido por Ham\u00e1s.<\/p>\n<\/div>\n<p><h2 id=\"Uni\u00f3n-de-fuerzas\" tabindex=\"-1\" class=\"bbc-1f03ibc eglt09e0\">Uni\u00f3n de fuerzas<\/h2>\n<\/p>\n<div dir=\"ltr\" class=\"bbc-19j92fr ebmt73l0\" readability=\"8\">\n<p dir=\"ltr\" class=\"bbc-hhl7in e17g058b0\">El teniente coronel Ron Sharf esperaba con su esposa y sus tres hijos un vuelo de conexi\u00f3n en el aeropuerto de Dubai cuando Ham\u00e1s irrumpi\u00f3 en los kibutz y las ciudades israel\u00edes el 7 de octubre. <\/p>\n<\/div>\n<div dir=\"ltr\" class=\"bbc-19j92fr ebmt73l0\" readability=\"8\">\n<p dir=\"ltr\" class=\"bbc-hhl7in e17g058b0\">Era el \u00faltimo d\u00eda de la festividad tradicional jud\u00eda y las vacaciones familiares estaban llegando a su fin.<\/p>\n<\/div>\n<div dir=\"ltr\" class=\"bbc-19j92fr ebmt73l0\" readability=\"10\">\n<p dir=\"ltr\" class=\"bbc-hhl7in e17g058b0\">&#8220;Los mensajes de WhatsApp comenzaron a llegar alrededor de las 6:30 AM&#8221;, relata Sharf, comandante retirado de una de las principales unidades de \u00e9lite del ej\u00e9rcito israel\u00ed.<\/p>\n<\/div>\n<div dir=\"ltr\" class=\"bbc-19j92fr ebmt73l0\" readability=\"11\">\n<p dir=\"ltr\" class=\"bbc-hhl7in e17g058b0\">Sharf, cofundador de Hermanos en Armas, un grupo de reservistas israel\u00edes que protestan contra las controvertidas reformas del gobierno para cambiar el sistema judicial, recibi\u00f3 una llamada.<\/p>\n<\/div>\n<figure class=\"bbc-1qn0xuy\" readability=\"1.5\">\n<div class=\"bbc-sni631\" readability=\"8\"><picture><img src=\"http:\/\/cordobadirecto.com\/wp-content\/uploads\/2023\/11\/las-divisiones-en-israel-por-el-ataque-de-hamas-y-la-ofensiva-terrestre-en-gaza-y-como-afectan-al-primer-ministro-netanyahu-2.jpg\" srcset=\"http:\/\/cordobadirecto.com\/wp-content\/uploads\/2023\/11\/las-divisiones-en-israel-por-el-ataque-de-hamas-y-la-ofensiva-terrestre-en-gaza-y-como-afectan-al-primer-ministro-netanyahu-18.jpg 240w, http:\/\/cordobadirecto.com\/wp-content\/uploads\/2023\/11\/las-divisiones-en-israel-por-el-ataque-de-hamas-y-la-ofensiva-terrestre-en-gaza-y-como-afectan-al-primer-ministro-netanyahu-19.jpg 320w, http:\/\/cordobadirecto.com\/wp-content\/uploads\/2023\/11\/las-divisiones-en-israel-por-el-ataque-de-hamas-y-la-ofensiva-terrestre-en-gaza-y-como-afectan-al-primer-ministro-netanyahu-20.jpg 480w, http:\/\/cordobadirecto.com\/wp-content\/uploads\/2023\/11\/las-divisiones-en-israel-por-el-ataque-de-hamas-y-la-ofensiva-terrestre-en-gaza-y-como-afectan-al-primer-ministro-netanyahu-21.jpg 624w, http:\/\/cordobadirecto.com\/wp-content\/uploads\/2023\/11\/las-divisiones-en-israel-por-el-ataque-de-hamas-y-la-ofensiva-terrestre-en-gaza-y-como-afectan-al-primer-ministro-netanyahu-22.jpg 800w\" sizes=\"(min-width: 1008px) 760px, 100vw\" alt=\"El teniente coronel Sharf (centro) en una marcha de protesta en Israel contra las reformas del gobierno\" loading=\"lazy\" width=\"960\" height=\"640\" class=\"bbc-1uwua2r\"><\/picture>\n<p class=\"bbc-kaivkm\" role=\"text\"><span class=\"bbc-m04vo2\">Fuente de la imagen, <\/span><span lang=\"en-GB\">Ben Cohen<\/span><\/p>\n<\/div><figcaption dir=\"ltr\" class=\"bbc-847f6b e6i104o0\" readability=\"1.5\"><span role=\"text\" readability=\"3\"><span class=\"bbc-m04vo2\">Pie de foto, <\/span><\/p>\n<p>El teniente coronel Sharf (centro) en una marcha de protesta en Israel contra las reformas del gobierno. <\/p>\n<p><\/span><\/figcaption><\/figure>\n<div dir=\"ltr\" class=\"bbc-19j92fr ebmt73l0\" readability=\"12\">\n<p dir=\"ltr\" class=\"bbc-hhl7in e17g058b0\">&#8220;A las 08:00 horas, despu\u00e9s de una conferencia en Zoom con los dem\u00e1s l\u00edderes de Hermanos de Armas, emitimos un comunicado llamando a todos a <b>presentarse al servicio de inmediato<\/b> y sin dudarlo&#8221;, dijo.<\/p>\n<\/div>\n<div dir=\"ltr\" class=\"bbc-19j92fr ebmt73l0\" readability=\"11\">\n<p dir=\"ltr\" class=\"bbc-hhl7in e17g058b0\">El servicio militar es obligatorio para la mayor\u00eda de los israel\u00edes de m\u00e1s de 18 a\u00f1os. <b>Los hombres deben cumplir 32 meses y las mujeres 24<\/b>. Despu\u00e9s de esto, la mayor\u00eda puede ser llamada a unidades de reserva hasta los 40 a\u00f1os, o incluso m\u00e1s en caso de emergencia nacional.<\/p>\n<\/div>\n<div dir=\"ltr\" class=\"bbc-19j92fr ebmt73l0\" readability=\"9\">\n<p dir=\"ltr\" class=\"bbc-hhl7in e17g058b0\">Las reformas gubernamentales del sistema de justicia implantadas a principios de a\u00f1o dividieron al pa\u00eds y cientos de miles de israel\u00edes salieron a las calles al considerar que estaba en peligro la democracia.<\/p>\n<\/div>\n<figure class=\"bbc-1qn0xuy\" readability=\"1.5\">\n<div class=\"bbc-sni631\" readability=\"8\"><picture><img src=\"http:\/\/cordobadirecto.com\/wp-content\/uploads\/2023\/11\/las-divisiones-en-israel-por-el-ataque-de-hamas-y-la-ofensiva-terrestre-en-gaza-y-como-afectan-al-primer-ministro-netanyahu-3.jpg\" srcset=\"http:\/\/cordobadirecto.com\/wp-content\/uploads\/2023\/11\/las-divisiones-en-israel-por-el-ataque-de-hamas-y-la-ofensiva-terrestre-en-gaza-y-como-afectan-al-primer-ministro-netanyahu-23.jpg 240w, http:\/\/cordobadirecto.com\/wp-content\/uploads\/2023\/11\/las-divisiones-en-israel-por-el-ataque-de-hamas-y-la-ofensiva-terrestre-en-gaza-y-como-afectan-al-primer-ministro-netanyahu-24.jpg 320w, http:\/\/cordobadirecto.com\/wp-content\/uploads\/2023\/11\/las-divisiones-en-israel-por-el-ataque-de-hamas-y-la-ofensiva-terrestre-en-gaza-y-como-afectan-al-primer-ministro-netanyahu-25.jpg 480w, http:\/\/cordobadirecto.com\/wp-content\/uploads\/2023\/11\/las-divisiones-en-israel-por-el-ataque-de-hamas-y-la-ofensiva-terrestre-en-gaza-y-como-afectan-al-primer-ministro-netanyahu-26.jpg 624w, http:\/\/cordobadirecto.com\/wp-content\/uploads\/2023\/11\/las-divisiones-en-israel-por-el-ataque-de-hamas-y-la-ofensiva-terrestre-en-gaza-y-como-afectan-al-primer-ministro-netanyahu-27.jpg 800w\" sizes=\"(min-width: 1008px) 760px, 100vw\" alt=\"Ron Sharf en una protesta\" loading=\"lazy\" width=\"1600\" height=\"1066\" class=\"bbc-1uwua2r\"><\/picture>\n<p class=\"bbc-kaivkm\" role=\"text\"><span class=\"bbc-m04vo2\">Fuente de la imagen, <\/span><span lang=\"en-GB\">Ben Cohen<\/span><\/p>\n<\/div><figcaption dir=\"ltr\" class=\"bbc-847f6b e6i104o0\" readability=\"2\"><span role=\"text\" readability=\"4\"><span class=\"bbc-m04vo2\">Pie de foto, <\/span><\/p>\n<p>Ron Sharf cofund\u00f3 Hermanos en Armas, un grupo de reservistas israel\u00edes que protestan contra las reformas judiciales de su gobierno. <\/p>\n<p><\/span><\/figcaption><\/figure>\n<div dir=\"ltr\" class=\"bbc-19j92fr ebmt73l0\" readability=\"13\">\n<p dir=\"ltr\" class=\"bbc-hhl7in e17g058b0\">&#8220;Muchos miembros de Hermanos de Armas, en todas las ramas militares, suspendieron su voluntariado como reservistas debido a esa legislaci\u00f3n&#8221;, explic\u00f3 Sharf, uno de los principales l\u00edderes del movimiento de protesta.<\/p>\n<\/div>\n<div dir=\"ltr\" class=\"bbc-19j92fr ebmt73l0\" readability=\"8\">\n<p dir=\"ltr\" class=\"bbc-hhl7in e17g058b0\">&#8220;Se rompi\u00f3 el contrato entre el Estado y los soldados&#8221;, agreg\u00f3. <\/p>\n<\/div>\n<div dir=\"ltr\" class=\"bbc-19j92fr ebmt73l0\" readability=\"8\">\n<p dir=\"ltr\" class=\"bbc-hhl7in e17g058b0\">Pero para Sharf, lo ocurrido en octubre fue algo diferente.<\/p>\n<\/div>\n<div dir=\"ltr\" class=\"bbc-19j92fr ebmt73l0\" readability=\"10\">\n<p dir=\"ltr\" class=\"bbc-hhl7in e17g058b0\">&#8220;Cuando vi el video de los terroristas conduciendo una camioneta a trav\u00e9s de (la ciudad fronteriza de) Sderot, comprend\u00ed que se estaba produciendo un suceso muy inusual\u201d, declar\u00f3.<\/p>\n<\/div>\n<div dir=\"ltr\" class=\"bbc-19j92fr ebmt73l0\" readability=\"10\">\n<p dir=\"ltr\" class=\"bbc-hhl7in e17g058b0\">&#8220;Nuestros reservistas se desplegaron inmediatamente en sus unidades. Quienes no fueron llamados al servicio se unieron a <b>un centro de comando civil que abrimos en cuesti\u00f3n de horas<\/b> en Tel Aviv&#8221;, a\u00f1adi\u00f3.<\/p>\n<\/div>\n<div dir=\"ltr\" class=\"bbc-19j92fr ebmt73l0\" readability=\"7\">\n<p dir=\"ltr\" class=\"bbc-hhl7in e17g058b0\">La organizaci\u00f3n creada para protestar contra el gobierno pas\u00f3 a liderar los esfuerzos de ayuda.<\/p>\n<\/div>\n<div dir=\"ltr\" class=\"bbc-19j92fr ebmt73l0\" readability=\"10\">\n<p dir=\"ltr\" class=\"bbc-hhl7in e17g058b0\">&#8220;Sacamos y rescatamos a los sobrevivientes, transportamos soldados y equipos a las unidades y proporcionamos comida caliente a las fuerzas\u201d, record\u00f3.<\/p>\n<\/div>\n<figure class=\"bbc-1qn0xuy\" readability=\"1.5\">\n<div class=\"bbc-sni631\" readability=\"8\"><picture><img src=\"http:\/\/cordobadirecto.com\/wp-content\/uploads\/2023\/11\/las-divisiones-en-israel-por-el-ataque-de-hamas-y-la-ofensiva-terrestre-en-gaza-y-como-afectan-al-primer-ministro-netanyahu-4.jpg\" srcset=\"http:\/\/cordobadirecto.com\/wp-content\/uploads\/2023\/11\/las-divisiones-en-israel-por-el-ataque-de-hamas-y-la-ofensiva-terrestre-en-gaza-y-como-afectan-al-primer-ministro-netanyahu-28.jpg 240w, http:\/\/cordobadirecto.com\/wp-content\/uploads\/2023\/11\/las-divisiones-en-israel-por-el-ataque-de-hamas-y-la-ofensiva-terrestre-en-gaza-y-como-afectan-al-primer-ministro-netanyahu-29.jpg 320w, http:\/\/cordobadirecto.com\/wp-content\/uploads\/2023\/11\/las-divisiones-en-israel-por-el-ataque-de-hamas-y-la-ofensiva-terrestre-en-gaza-y-como-afectan-al-primer-ministro-netanyahu-30.jpg 480w, http:\/\/cordobadirecto.com\/wp-content\/uploads\/2023\/11\/las-divisiones-en-israel-por-el-ataque-de-hamas-y-la-ofensiva-terrestre-en-gaza-y-como-afectan-al-primer-ministro-netanyahu-31.jpg 624w, http:\/\/cordobadirecto.com\/wp-content\/uploads\/2023\/11\/las-divisiones-en-israel-por-el-ataque-de-hamas-y-la-ofensiva-terrestre-en-gaza-y-como-afectan-al-primer-ministro-netanyahu-32.jpg 800w\" sizes=\"(min-width: 1008px) 760px, 100vw\" alt=\"Centro de ayuda gestionado por Hermanos en Armas\" loading=\"lazy\" width=\"5472\" height=\"3648\" class=\"bbc-1uwua2r\"><\/picture>\n<p class=\"bbc-kaivkm\" role=\"text\"><span class=\"bbc-m04vo2\">Fuente de la imagen, <\/span><span lang=\"en-GB\">EPA-EFE\/REX\/Shutterstock<\/span><\/p>\n<\/div><figcaption dir=\"ltr\" class=\"bbc-847f6b e6i104o0\" readability=\"1\"><span role=\"text\" readability=\"2\"><span class=\"bbc-m04vo2\">Pie de foto, <\/span><\/p>\n<p>Centro de ayuda gestionado por Hermanos en Armas.<\/p>\n<p><\/span><\/figcaption><\/figure>\n<div dir=\"ltr\" class=\"bbc-19j92fr ebmt73l0\" readability=\"12\">\n<p dir=\"ltr\" class=\"bbc-hhl7in e17g058b0\">&#8220;Creamos un organismo de apoyo a las familias en duelo, ayudamos a encontrar alojamiento para los residentes que hu\u00edan de sus hogares y administramos una sala de guerra, que ayud\u00f3 a las familias de desaparecidos a encontrar informaci\u00f3n sobre sus seres queridos. La gente caminaba con un agujero en el alma\u201d. <\/p>\n<\/div>\n<div dir=\"ltr\" class=\"bbc-19j92fr ebmt73l0\" readability=\"9\">\n<p dir=\"ltr\" class=\"bbc-hhl7in e17g058b0\">Sharf reconoce que los israel\u00edes tienen dudas sobre el liderazgo del primer ministro, pero cree que ahora no es el momento para debatir esto.<\/p>\n<\/div>\n<div dir=\"ltr\" class=\"bbc-19j92fr ebmt73l0\" readability=\"9\">\n<p dir=\"ltr\" class=\"bbc-hhl7in e17g058b0\">&#8220;Est\u00e1n furiosos por no haber podido impedir el ataque y deseosos de hacer todo lo que est\u00e9 a su alcance para ayudar al pa\u00eds\u201d, alega.<\/p>\n<\/div>\n<div dir=\"ltr\" class=\"bbc-19j92fr ebmt73l0\" readability=\"11\">\n<p dir=\"ltr\" class=\"bbc-hhl7in e17g058b0\">&#8220;No olvidamos lo que pas\u00f3. Habr\u00e1 un momento adecuado para exigir respuestas<b> <\/b>y rendici\u00f3n de cuentas. Pero, ahora, este pa\u00eds necesita unirse y recuperarse mientras las fuerzas de seguridad luchan en la guerra&#8221;.<\/p>\n<\/div>\n<div dir=\"ltr\" class=\"bbc-19j92fr ebmt73l0\" readability=\"8\">\n<p dir=\"ltr\" class=\"bbc-hhl7in e17g058b0\">Sin embargo, otras personas se muestran menos pacientes.<\/p>\n<\/div>\n<p><h2 id=\"Netanyahu-no-est\u00e1-apto\" tabindex=\"-1\" class=\"bbc-1f03ibc eglt09e0\">&#8220;Netanyahu no est\u00e1 apto&#8221;<\/h2>\n<\/p>\n<div dir=\"ltr\" class=\"bbc-19j92fr ebmt73l0\" readability=\"8\">\n<p dir=\"ltr\" class=\"bbc-hhl7in e17g058b0\">Muchos israel\u00edes exigen respuestas inmediatas y <b>cuestionan la capacidad del primer ministro Netanyahu<\/b> para liderar el pa\u00eds en estos tiempos dif\u00edciles. <\/p>\n<\/div>\n<div dir=\"ltr\" class=\"bbc-19j92fr ebmt73l0\" readability=\"10\">\n<p dir=\"ltr\" class=\"bbc-hhl7in e17g058b0\">Tres semanas despu\u00e9s del inicio del conflicto entre Israel y Gaza, Netanyahu public\u00f3 en la red social X -antes Twitter- un mensaje que dec\u00eda que &#8220;no recibi\u00f3 ninguna advertencia&#8221; sobre el plan de ataque de Ham\u00e1s.<\/p>\n<\/div>\n<div dir=\"ltr\" class=\"bbc-19j92fr ebmt73l0\" readability=\"13\">\n<p dir=\"ltr\" class=\"bbc-hhl7in e17g058b0\">&#8220;Por el contrario&#8221;, escribi\u00f3, &#8220;todos los funcionarios de seguridad, incluidos el jefe de la rama de inteligencia de las Fuerzas de Defensa de Israel (FDI) y el l\u00edder de la Agencia de Seguridad de Israel, evaluaron que Ham\u00e1s estaba disuadido y quer\u00eda llegar a un acuerdo&#8221;. <\/p>\n<\/div>\n<div dir=\"ltr\" class=\"bbc-19j92fr ebmt73l0\" readability=\"12\">\n<p dir=\"ltr\" class=\"bbc-hhl7in e17g058b0\">La reacci\u00f3n fue r\u00e1pida, dura y trascendi\u00f3 la pol\u00edtica. Se percibi\u00f3 que Netanyahu culpaba a los cuerpos de seguridad del pa\u00eds en plena guerra. El primer ministro borr\u00f3 la publicaci\u00f3n unas horas m\u00e1s tarde y se disculp\u00f3, pero el da\u00f1o ya estaba hecho. Mucha gente en Israel pens\u00f3 que Netanyahu trataba de eludir su responsabilidad y evadir repercusiones.<\/p>\n<\/div>\n<div dir=\"ltr\" class=\"bbc-19j92fr ebmt73l0\" readability=\"11\">\n<p dir=\"ltr\" class=\"bbc-hhl7in e17g058b0\">El empresario israel\u00ed Eyal Waldman cree que Netanyahu deber\u00eda dimitir de inmediato. &#8220;<b>Culpa a todos menos a s\u00ed mismo<\/b>&#8220;, dijo sobre el primer ministro, que tambi\u00e9n enfrent\u00f3 cr\u00edticas dentro de su propio partido. <\/p>\n<\/div>\n<div dir=\"ltr\" class=\"bbc-19j92fr ebmt73l0\" readability=\"10\">\n<p dir=\"ltr\" class=\"bbc-hhl7in e17g058b0\">Waldman fund\u00f3 Mellanox, una de las empresas tecnol\u00f3gicas m\u00e1s exitosas de Israel, y contrat\u00f3 a m\u00e1s de 20 de palestinos en un centro de desarrollo en la Franja de Gaza antes de vender su empresa.<\/p>\n<\/div>\n<div dir=\"ltr\" class=\"bbc-19j92fr ebmt73l0\" readability=\"13\">\n<p dir=\"ltr\" class=\"bbc-hhl7in e17g058b0\">Estaba de vacaciones en el sureste asi\u00e1tico cuando recibi\u00f3 la noticia de que su hija Danielle, de 24 a\u00f1os, estaba con su novio, Noam Shai, en el festival de m\u00fasica Supernova durante el ataque de Hamas. <\/p>\n<\/div>\n<div dir=\"ltr\" class=\"bbc-19j92fr ebmt73l0\" readability=\"11\">\n<p dir=\"ltr\" class=\"bbc-hhl7in e17g058b0\">En 48 horas, mientras a\u00fan se libraban las batallas en las comunidades israel\u00edes, Waldman lleg\u00f3 al lugar del festival, armado y presto a tomar las medidas necesarias para localizar a Danielle.<\/p>\n<\/div>\n<div dir=\"ltr\" class=\"bbc-19j92fr ebmt73l0\" readability=\"9\">\n<p dir=\"ltr\" class=\"bbc-hhl7in e17g058b0\">&#8220;Ham\u00e1s tom\u00f3 el control de m\u00e1s de 20 de nuestras comunidades&#8221;, explica. &#8220;Nuestro ej\u00e9rcito estaba sobrepasado. No pod\u00eda confiar en nadie. Quer\u00eda salvar a mi hija\u201d.<\/p>\n<\/div>\n<div dir=\"ltr\" class=\"bbc-19j92fr ebmt73l0\" readability=\"10\">\n<p dir=\"ltr\" class=\"bbc-hhl7in e17g058b0\">&#8220;Encontramos el coche de sus amigos. Estaba lleno de balas. Todav\u00eda ten\u00eda esperanzas de que estuviera viva, escondida en alg\u00fan lugar. Estaba dispuesto a aceptar que hubiera sido secuestrada y retenida en Gaza&#8221;.<\/p>\n<\/div>\n<div dir=\"ltr\" class=\"bbc-19j92fr ebmt73l0\" readability=\"8\">\n<p dir=\"ltr\" class=\"bbc-hhl7in e17g058b0\">Pero dos d\u00edas despu\u00e9s, llamaron a la puerta y <b>le dijeron que su hija hab\u00eda muerto<\/b>.<\/p>\n<\/div>\n<div dir=\"ltr\" class=\"bbc-19j92fr ebmt73l0\" readability=\"11\">\n<p dir=\"ltr\" class=\"bbc-hhl7in e17g058b0\">&#8220;Mataron, mutilaron y torturaron a personas. Saquearon y secuestraron. Debemos destruir por completo a Ham\u00e1s y a la Yihad Isl\u00e1mica Palestina. No podemos parar hasta eliminarlos, tal y como hizo Occidente con Estado Isl\u00e1mico&#8221;.<\/p>\n<\/div>\n<figure class=\"bbc-1qn0xuy\" readability=\"1.5\">\n<div class=\"bbc-sni631\" readability=\"8\"><picture><img src=\"http:\/\/cordobadirecto.com\/wp-content\/uploads\/2023\/11\/las-divisiones-en-israel-por-el-ataque-de-hamas-y-la-ofensiva-terrestre-en-gaza-y-como-afectan-al-primer-ministro-netanyahu-5.jpg\" srcset=\"http:\/\/cordobadirecto.com\/wp-content\/uploads\/2023\/11\/las-divisiones-en-israel-por-el-ataque-de-hamas-y-la-ofensiva-terrestre-en-gaza-y-como-afectan-al-primer-ministro-netanyahu-33.jpg 240w, http:\/\/cordobadirecto.com\/wp-content\/uploads\/2023\/11\/las-divisiones-en-israel-por-el-ataque-de-hamas-y-la-ofensiva-terrestre-en-gaza-y-como-afectan-al-primer-ministro-netanyahu-34.jpg 320w, http:\/\/cordobadirecto.com\/wp-content\/uploads\/2023\/11\/las-divisiones-en-israel-por-el-ataque-de-hamas-y-la-ofensiva-terrestre-en-gaza-y-como-afectan-al-primer-ministro-netanyahu-35.jpg 480w, http:\/\/cordobadirecto.com\/wp-content\/uploads\/2023\/11\/las-divisiones-en-israel-por-el-ataque-de-hamas-y-la-ofensiva-terrestre-en-gaza-y-como-afectan-al-primer-ministro-netanyahu-36.jpg 624w, http:\/\/cordobadirecto.com\/wp-content\/uploads\/2023\/11\/las-divisiones-en-israel-por-el-ataque-de-hamas-y-la-ofensiva-terrestre-en-gaza-y-como-afectan-al-primer-ministro-netanyahu-37.jpg 800w\" sizes=\"(min-width: 1008px) 760px, 100vw\" alt=\"Danielle Waldman y Noam Shai \" loading=\"lazy\" width=\"944\" height=\"1163\" class=\"bbc-1uwua2r\"><\/picture>\n<p class=\"bbc-kaivkm\" role=\"text\"><span class=\"bbc-m04vo2\">Fuente de la imagen, <\/span><span lang=\"en-GB\">Familia Waldman<\/span><\/p>\n<\/div><figcaption dir=\"ltr\" class=\"bbc-847f6b e6i104o0\" readability=\"1\"><span role=\"text\" readability=\"2\"><span class=\"bbc-m04vo2\">Pie de foto, <\/span><\/p>\n<p>Danielle Waldman y su novio Noam Shai fueron asesinados en el festival Supernova.<\/p>\n<p><\/span><\/figcaption><\/figure>\n<div dir=\"ltr\" class=\"bbc-19j92fr ebmt73l0\" readability=\"8\">\n<p dir=\"ltr\" class=\"bbc-hhl7in e17g058b0\">Danielle y Noam fueron enterrados uno al lado del otro.<b> M\u00e1s de 270 personas murieron en el ataque al festival de m\u00fasica<\/b>. <\/p>\n<\/div>\n<div dir=\"ltr\" class=\"bbc-19j92fr ebmt73l0\" readability=\"11\">\n<p dir=\"ltr\" class=\"bbc-hhl7in e17g058b0\">&#8220;Emple\u00e9 a palestinos en Gaza, Hebr\u00f3n y Rawabi&#8221;, reflexiona Waldman. &#8220;Don\u00e9 fondos a un hospital de campa\u00f1a en Gaza. Dirig\u00ed una iniciativa de paz palestino-israel\u00ed. Hice muchas cosas para tratar de cerrar heridas\u201d.<\/p>\n<\/div>\n<div dir=\"ltr\" class=\"bbc-19j92fr ebmt73l0\" readability=\"9\">\n<p dir=\"ltr\" class=\"bbc-hhl7in e17g058b0\">\u201cNo tiene sentido seguir mat\u00e1ndose unos a otros. Los palestinos tambi\u00e9n deben entender eso. Haremos la paz, pero primero debemos destruir a Ham\u00e1s y ganar la guerra&#8221;.<\/p>\n<\/div>\n<div dir=\"ltr\" class=\"bbc-19j92fr ebmt73l0\" readability=\"7\">\n<p dir=\"ltr\" class=\"bbc-hhl7in e17g058b0\">Pero no cree que Netanyahu sea la persona adecuada para el puesto.<\/p>\n<\/div>\n<div dir=\"ltr\" class=\"bbc-19j92fr ebmt73l0\" readability=\"10\">\n<p dir=\"ltr\" class=\"bbc-hhl7in e17g058b0\">&#8220;Los israel\u00edes apoyan de forma un\u00e1nime a los militares, pero no al primer ministro. Netanyahu no est\u00e1 apto&#8221;, sentencia.<\/p>\n<\/div>\n<p><h2 id=\"La-unidad-est\u00e1-con-Netanyahu\" tabindex=\"-1\" class=\"bbc-1f03ibc eglt09e0\">&#8220;La unidad est\u00e1 con Netanyahu&#8221;<\/h2>\n<\/p>\n<div dir=\"ltr\" class=\"bbc-19j92fr ebmt73l0\" readability=\"13\">\n<p dir=\"ltr\" class=\"bbc-hhl7in e17g058b0\">Netanyahu, conocido por sus partidarios como el &#8220;Rey Bibi&#8221;, es el l\u00edder que m\u00e1s tiempo ha estado en el cargo en Israel, en total seis mandatos, m\u00e1s que ning\u00fan otro primer ministro en la historia del pa\u00eds. <\/p>\n<\/div>\n<div dir=\"ltr\" class=\"bbc-19j92fr ebmt73l0\" readability=\"12\">\n<p dir=\"ltr\" class=\"bbc-hhl7in e17g058b0\">En su reelecci\u00f3n en noviembre de 2022 su partido, Likud, firm\u00f3 una coalici\u00f3n con la formaci\u00f3n de extrema derecha Sionismo Religioso, lo que convirti\u00f3 a su gobierno en el m\u00e1s derechista de la historia de Israel.<\/p>\n<\/div>\n<div dir=\"ltr\" class=\"bbc-19j92fr ebmt73l0\" readability=\"11\">\n<p dir=\"ltr\" class=\"bbc-hhl7in e17g058b0\">Para Anshel Pfeffer, periodista del diario Haaretz, cr\u00edtico con el primer ministro, los resultados electorales solo expusieron lo que ya era una tendencia clara.<\/p>\n<\/div>\n<div dir=\"ltr\" class=\"bbc-19j92fr ebmt73l0\" readability=\"10\">\n<p dir=\"ltr\" class=\"bbc-hhl7in e17g058b0\">&#8220;Hay un conflicto de identidad interno o <b>una guerra cultural en Israel<\/b> entre lo que algunas personas ver\u00edan como el lado m\u00e1s liberal y abierto de la sociedad israel\u00ed contra el lado m\u00e1s religioso y extremo de la sociedad israel\u00ed y jud\u00eda&#8221;, observ\u00f3.<\/p>\n<\/div>\n<div dir=\"ltr\" class=\"bbc-19j92fr ebmt73l0\" readability=\"9\">\n<p dir=\"ltr\" class=\"bbc-hhl7in e17g058b0\">Y opin\u00f3 que esto no es algo nuevo, pero que Netanyahu \u201clo foment\u00f3 para sus propios prop\u00f3sitos pol\u00edticos&#8221;. <\/p>\n<\/div>\n<div dir=\"ltr\" class=\"bbc-19j92fr ebmt73l0\" readability=\"11\">\n<p dir=\"ltr\" class=\"bbc-hhl7in e17g058b0\">Sara Haetzni-Cohen, directora del movimiento Mi Israel, una ONG sionista que explica la perspectiva de Israel al mundo, cree que los israel\u00edes no deber\u00edan enfocarse en Netanyahu en este momento.<\/p>\n<\/div>\n<div dir=\"ltr\" class=\"bbc-19j92fr ebmt73l0\" readability=\"12\">\n<p dir=\"ltr\" class=\"bbc-hhl7in e17g058b0\">&#8220;<b>Todos tendr\u00e1n que pagar el precio<\/b>, todos. Tanto los jefes del nivel pol\u00edtico como los de los \u00f3rganos de seguridad. Pero ahora debemos centrarnos en ganar&#8221;, afirm\u00f3 Haetzni-Cohen, tras asegurar que apoya al gobierno de unidad.<\/p>\n<\/div>\n<div dir=\"ltr\" class=\"bbc-19j92fr ebmt73l0\" readability=\"13\">\n<p dir=\"ltr\" class=\"bbc-hhl7in e17g058b0\">&#8220;Me gustar\u00eda que se unieran m\u00e1s. Un gobierno que carece de una amplia legitimidad p\u00fablica, como el anterior gobierno de Netanyahu, no puede liderar esta guerra&#8221;, dijo, y descart\u00f3 la posibilidad de cambiar el gobierno ahora. <\/p>\n<\/div>\n<div dir=\"ltr\" class=\"bbc-19j92fr ebmt73l0\" readability=\"14\">\n<p dir=\"ltr\" class=\"bbc-hhl7in e17g058b0\">L\u00edderes de la oposici\u00f3n como Benny Gantz y Gadi Eisenkott, que se unieron al gabinete de guerra tras el ataque del 7 de octubre, hab\u00edan servido como dirigentes de las FDI en ejecutivos anteriores y, por lo tanto, <b>comparten la responsabilidad<\/b> de cualquier fracaso pol\u00edtico, dijo Haetzni-Cohen.<\/p>\n<\/div>\n<div dir=\"ltr\" class=\"bbc-19j92fr ebmt73l0\" readability=\"10\">\n<p dir=\"ltr\" class=\"bbc-hhl7in e17g058b0\">&#8220;Cuando Gantz era ministro de Defensa permit\u00eda a los palestinos gazat\u00edes trabajar en los campos agr\u00edcolas de Israel. Ahora se sabe que algunos recopilaban informaci\u00f3n de inteligencia para Ham\u00e1s&#8221;, argument\u00f3. <\/p>\n<\/div>\n<div dir=\"ltr\" class=\"bbc-19j92fr ebmt73l0\" readability=\"9\">\n<p dir=\"ltr\" class=\"bbc-hhl7in e17g058b0\">La Agencia de Seguridad de Israel, Shin Bet, confirm\u00f3 esta informaci\u00f3n a la BBC.<\/p>\n<\/div>\n<div dir=\"ltr\" class=\"bbc-19j92fr ebmt73l0\" readability=\"11\">\n<p dir=\"ltr\" class=\"bbc-hhl7in e17g058b0\">La directora del Mi Israel opin\u00f3 que &#8220;Netanyahu es el responsable, fracas\u00f3 y tendr\u00e1 que poner fin a su carrera pol\u00edtica&#8221;, pero consider\u00f3 que el primer ministro \u201cocupa un papel clave en el gobierno de unidad y destituirlo significa perder el apoyo de muchos israel\u00edes\u201d. <\/p>\n<\/div>\n<div dir=\"ltr\" class=\"bbc-19j92fr ebmt73l0\" readability=\"9\">\n<p dir=\"ltr\" class=\"bbc-hhl7in e17g058b0\">\u201cUn gobierno de unidad es incre\u00edblemente importante en este momento y la unidad est\u00e1 con Netanyahu&#8221;, consider\u00f3.<\/p>\n<\/div>\n<figure class=\"bbc-1qn0xuy\">\n<div class=\"bbc-sni631\"><picture><img src=\"http:\/\/cordobadirecto.com\/wp-content\/uploads\/2023\/11\/las-divisiones-en-israel-por-el-ataque-de-hamas-y-la-ofensiva-terrestre-en-gaza-y-como-afectan-al-primer-ministro-netanyahu-6.jpg\" srcset=\"http:\/\/cordobadirecto.com\/wp-content\/uploads\/2023\/11\/las-divisiones-en-israel-por-el-ataque-de-hamas-y-la-ofensiva-terrestre-en-gaza-y-como-afectan-al-primer-ministro-netanyahu-38.jpg 240w, http:\/\/cordobadirecto.com\/wp-content\/uploads\/2023\/11\/las-divisiones-en-israel-por-el-ataque-de-hamas-y-la-ofensiva-terrestre-en-gaza-y-como-afectan-al-primer-ministro-netanyahu-39.jpg 320w, http:\/\/cordobadirecto.com\/wp-content\/uploads\/2023\/11\/las-divisiones-en-israel-por-el-ataque-de-hamas-y-la-ofensiva-terrestre-en-gaza-y-como-afectan-al-primer-ministro-netanyahu-40.jpg 480w, http:\/\/cordobadirecto.com\/wp-content\/uploads\/2023\/11\/las-divisiones-en-israel-por-el-ataque-de-hamas-y-la-ofensiva-terrestre-en-gaza-y-como-afectan-al-primer-ministro-netanyahu-41.jpg 624w, http:\/\/cordobadirecto.com\/wp-content\/uploads\/2023\/11\/las-divisiones-en-israel-por-el-ataque-de-hamas-y-la-ofensiva-terrestre-en-gaza-y-como-afectan-al-primer-ministro-netanyahu-42.jpg 800w\" sizes=\"(min-width: 1008px) 760px, 100vw\" alt=\"Soldados israel\u00edes en la frontera de Gaza\" loading=\"lazy\" width=\"1926\" height=\"1072\" class=\"bbc-1uwua2r\"><\/picture><\/div><figcaption dir=\"ltr\" class=\"bbc-847f6b e6i104o0\" readability=\"1\"><span role=\"text\" readability=\"2\"><span class=\"bbc-m04vo2\">Pie de foto, <\/span><\/p>\n<p>Soldados israel\u00edes en la frontera de Gaza.<\/p>\n<p><\/span><\/figcaption><\/figure>\n<div dir=\"ltr\" class=\"bbc-19j92fr ebmt73l0\" readability=\"9\">\n<p dir=\"ltr\" class=\"bbc-hhl7in e17g058b0\">Seg\u00fan una encuesta del peri\u00f3dico Maariv, el 80% de los israel\u00edes cree que Netanyahu debe asumir la responsabilidad de las fallas de seguridad expuestas por el ataque de Ham\u00e1s.<\/p>\n<\/div>\n<div dir=\"ltr\" class=\"bbc-19j92fr ebmt73l0\" readability=\"10\">\n<p dir=\"ltr\" class=\"bbc-hhl7in e17g058b0\">Tambi\u00e9n muestra que, de celebrarse hoy elecciones, una alianza centrista de partidos de oposici\u00f3n liderada por Gantz ganar\u00eda la mayor\u00eda.<\/p>\n<\/div>\n<div dir=\"ltr\" class=\"bbc-19j92fr ebmt73l0\" readability=\"10\">\n<p dir=\"ltr\" class=\"bbc-hhl7in e17g058b0\">Estos datos parecen ir en contra de c\u00f3mo evoluciona la popularidad de la mayor\u00eda de los l\u00edderes en tiempos de guerra. Por ejemplo, en las semanas posteriores a los ataques del 11 de septiembre aument\u00f3 el \u00edndice de aprobaci\u00f3n del entonces presidente estadounidense <b>George W. Bush<\/b>. <\/p>\n<\/div>\n<div dir=\"ltr\" class=\"bbc-19j92fr ebmt73l0\" readability=\"11\">\n<p dir=\"ltr\" class=\"bbc-hhl7in e17g058b0\">En otra encuesta realizada por Maariv el 27 de octubre, a la pregunta de si los militares deber\u00edan pasar inmediatamente a una ofensiva terrestre a gran escala, casi la mitad de los encuestados respondi\u00f3 que ser\u00eda mejor esperar.<\/p>\n<\/div>\n<div dir=\"ltr\" class=\"bbc-19j92fr ebmt73l0\" readability=\"12\">\n<p dir=\"ltr\" class=\"bbc-hhl7in e17g058b0\">Los israel\u00edes, incluidas las familias de los rehenes de Ham\u00e1s, debaten ahora si una ofensiva terrestre en Gaza, que ya est\u00e1 en desarrollo, es la medida correcta.<\/p>\n<\/div>\n<div dir=\"ltr\" class=\"bbc-19j92fr ebmt73l0\" readability=\"10\">\n<p dir=\"ltr\" class=\"bbc-hhl7in e17g058b0\">Hadas Kalderon, del kibutz de Nir Oz, sobrevivi\u00f3 al ataque de Ham\u00e1s a su comunidad el 7 de octubre atrincher\u00e1ndose en una habitaci\u00f3n segura. <\/p>\n<\/div>\n<div dir=\"ltr\" class=\"bbc-19j92fr ebmt73l0\" readability=\"8\">\n<p dir=\"ltr\" class=\"bbc-hhl7in e17g058b0\">Su hijo de 12 a\u00f1os y su hija de 16 se alojaban con su padre unas casas m\u00e1s abajo cuando los milicianos de Ham\u00e1s irrumpieron en la casa y secuestraron a los tres. <\/p>\n<\/div>\n<div dir=\"ltr\" class=\"bbc-19j92fr ebmt73l0\" readability=\"9\">\n<p dir=\"ltr\" class=\"bbc-hhl7in e17g058b0\">En reuniones con l\u00edderes europeos y entrevistas con la prensa local y extranjera, Kalderon ha exigido <b>que los rehenes sean una prioridad absoluta<\/b>.<\/p>\n<\/div>\n<div dir=\"ltr\" class=\"bbc-19j92fr ebmt73l0\" readability=\"9\">\n<p dir=\"ltr\" class=\"bbc-hhl7in e17g058b0\">&#8220;Hay que detener toda la actividad militar. Este es el \u00fanico objetivo que tenemos hoy: sacar y salvar a los ni\u00f1os y a los rehenes&#8221;, pidi\u00f3 a su gobierno. <\/p>\n<\/div>\n<div dir=\"ltr\" class=\"bbc-19j92fr ebmt73l0\" readability=\"10\">\n<p dir=\"ltr\" class=\"bbc-hhl7in e17g058b0\">&#8220;Hay que negociar su liberaci\u00f3n, sin importar qui\u00e9n est\u00e9 del otro lado. Este es el enemigo que tenemos&#8221;, aleg\u00f3.<\/p>\n<\/div>\n<div dir=\"ltr\" class=\"bbc-19j92fr ebmt73l0\" readability=\"7\">\n<p dir=\"ltr\" class=\"bbc-hhl7in e17g058b0\">Ham\u00e1s y otros grupos <b>mantienen retenidos a 242 rehenes <\/b>israel\u00edes y de otras nacionalidades. <\/p>\n<\/div>\n<div dir=\"ltr\" class=\"bbc-19j92fr ebmt73l0\" readability=\"7\">\n<p dir=\"ltr\" class=\"bbc-hhl7in e17g058b0\">Netanyahu asegura que la ofensiva terrestre abre posibilidades para la liberaci\u00f3n de los rehenes.<\/p>\n<\/div>\n<div dir=\"ltr\" class=\"bbc-19j92fr ebmt73l0\" readability=\"7\">\n<p dir=\"ltr\" class=\"bbc-hhl7in e17g058b0\">Pero los israel\u00edes tambi\u00e9n est\u00e1n divididos sobre esto.<\/p>\n<\/div>\n<figure class=\"bbc-1qn0xuy\">\n<div class=\"bbc-sni631\"><picture><img src=\"http:\/\/cordobadirecto.com\/wp-content\/uploads\/2023\/11\/las-divisiones-en-israel-por-el-ataque-de-hamas-y-la-ofensiva-terrestre-en-gaza-y-como-afectan-al-primer-ministro-netanyahu-7.jpg\" srcset=\"http:\/\/cordobadirecto.com\/wp-content\/uploads\/2023\/11\/las-divisiones-en-israel-por-el-ataque-de-hamas-y-la-ofensiva-terrestre-en-gaza-y-como-afectan-al-primer-ministro-netanyahu-43.jpg 240w, http:\/\/cordobadirecto.com\/wp-content\/uploads\/2023\/11\/las-divisiones-en-israel-por-el-ataque-de-hamas-y-la-ofensiva-terrestre-en-gaza-y-como-afectan-al-primer-ministro-netanyahu-44.jpg 320w, http:\/\/cordobadirecto.com\/wp-content\/uploads\/2023\/11\/las-divisiones-en-israel-por-el-ataque-de-hamas-y-la-ofensiva-terrestre-en-gaza-y-como-afectan-al-primer-ministro-netanyahu-45.jpg 480w, http:\/\/cordobadirecto.com\/wp-content\/uploads\/2023\/11\/las-divisiones-en-israel-por-el-ataque-de-hamas-y-la-ofensiva-terrestre-en-gaza-y-como-afectan-al-primer-ministro-netanyahu-46.jpg 624w, http:\/\/cordobadirecto.com\/wp-content\/uploads\/2023\/11\/las-divisiones-en-israel-por-el-ataque-de-hamas-y-la-ofensiva-terrestre-en-gaza-y-como-afectan-al-primer-ministro-netanyahu-47.jpg 800w\" sizes=\"(min-width: 1008px) 760px, 100vw\" alt=\"BBC\" loading=\"lazy\" width=\"800\" height=\"100\" class=\"bbc-1uwua2r\"><\/picture><\/div>\n<\/figure>\n<div dir=\"ltr\" class=\"bbc-19j92fr ebmt73l0\" readability=\"8\">\n<p dir=\"ltr\" class=\"bbc-hhl7in e17g058b0\">Recuerda que puedes recibir notificaciones de BBC Mundo. Descarga la nueva versi\u00f3n de nuestra app y act\u00edvalas para no perderte nuestro mejor contenido.<\/p>\n<\/div>\n","protected":false},"excerpt":{"rendered":"<p>Fuente de la imagen, Getty Images Pie de foto, El primer ministro israel\u00ed, Benjamin Netanyahu. Article information Author, Michael Shuval Role, BBC \u00c1rabe 2 horas El primer ministro israel\u00ed Benjam\u00edn Netanyahu y su rival pol\u00edtico Benny Gantz se sentaron uno al lado del otro en una peque\u00f1a sala de conferencias. La escena se produjo cuatro [&hellip;]<\/p>\n","protected":false},"author":1,"featured_media":142039,"comment_status":"closed","ping_status":"closed","sticky":false,"template":"","format":"standard","meta":[],"categories":[24],"tags":[],"_links":{"self":[{"href":"http:\/\/cordobadirecto.com\/index.php\/wp-json\/wp\/v2\/posts\/142038"}],"collection":[{"href":"http:\/\/cordobadirecto.com\/index.php\/wp-json\/wp\/v2\/posts"}],"about":[{"href":"http:\/\/cordobadirecto.com\/index.php\/wp-json\/wp\/v2\/types\/post"}],"author":[{"embeddable":true,"href":"http:\/\/cordobadirecto.com\/index.php\/wp-json\/wp\/v2\/users\/1"}],"replies":[{"embeddable":true,"href":"http:\/\/cordobadirecto.com\/index.php\/wp-json\/wp\/v2\/comments?post=142038"}],"version-history":[{"count":0,"href":"http:\/\/cordobadirecto.com\/index.php\/wp-json\/wp\/v2\/posts\/142038\/revisions"}],"wp:featuredmedia":[{"embeddable":true,"href":"http:\/\/cordobadirecto.com\/index.php\/wp-json\/wp\/v2\/media\/142039"}],"wp:attachment":[{"href":"http:\/\/cordobadirecto.com\/index.php\/wp-json\/wp\/v2\/media?parent=142038"}],"wp:term":[{"taxonomy":"category","embeddable":true,"href":"http:\/\/cordobadirecto.com\/index.php\/wp-json\/wp\/v2\/categories?post=142038"},{"taxonomy":"post_tag","embeddable":true,"href":"http:\/\/cordobadirecto.com\/index.php\/wp-json\/wp\/v2\/tags?post=142038"}],"curies":[{"name":"wp","href":"https:\/\/api.w.org\/{rel}","templated":true}]}}