{"id":142137,"date":"2023-11-03T06:55:56","date_gmt":"2023-11-03T06:55:56","guid":{"rendered":"http:\/\/cordobadirecto.com\/index.php\/2023\/11\/03\/massa-se-comprometio-a-trabajar-en-mas-y-mejor-financiamiento-para-el-cine-argentino\/"},"modified":"2023-11-03T06:55:56","modified_gmt":"2023-11-03T06:55:56","slug":"massa-se-comprometio-a-trabajar-en-mas-y-mejor-financiamiento-para-el-cine-argentino","status":"publish","type":"post","link":"http:\/\/cordobadirecto.com\/index.php\/2023\/11\/03\/massa-se-comprometio-a-trabajar-en-mas-y-mejor-financiamiento-para-el-cine-argentino\/","title":{"rendered":"Massa se comprometi\u00f3 a &#8220;trabajar en m\u00e1s y mejor financiamiento&#8221; para el cine argentino"},"content":{"rendered":"<div class=\"video_repositive\"> <a class=\"video_sticky\" href=\"javascript:void();\" onclick=\"removeStuckVideo(true);\"><i class=\"far fa-window-close\"><\/i><\/a> <\/p>\n<div id=\"xEaWjn5lTHw\" class=\"video_telam\" readability=\"6\">\n<div class=\"feature_article_inner\" readability=\"32\">\n<p><h2 class=\"text-center\">Massa se comprometi\u00f3 a &#8220;trabajar en m\u00e1s y mejor financiamiento&#8221; para el cine argentino<\/h2>\n<\/p><\/div>\n<p>VER VIDEO <i class=\"fas fa-play\"><\/i><\/p>\n<\/p><\/div><\/div>\n<p>El ministro de Econom\u00eda y candidato presidencial de Uni\u00f3n por la Patria (UxP), Sergio Massa, defendi\u00f3 el cine nacional como &#8220;uno de los pilares de la construcci\u00f3n de la identidad argentina&#8221; y destac\u00f3 el rol del Estado para su promoci\u00f3n, por lo que se comprometi\u00f3 a buscar &#8220;m\u00e1s financiamiento&#8221;, al diferenciarse de quienes ven a la cultura como &#8220;gasto&#8221;, en la inauguraci\u00f3n del 38\u00b0 Festival Internacional de Cine de Mar del Plata.<\/p>\n<figure class=\"mb-3\"><img loading=\"lazy\" data-src=\"http:\/\/cordobadirecto.com\/wp-content\/uploads\/2023\/11\/massa-se-comprometio-a-trabajar-en-mas-y-mejor-financiamiento-para-el-cine-argentino.jpg\" src=\"https:\/\/www.telam.com.ar\/assets\/img\/not_image.png\" class=\" lazy \" width=\"100%\" height=\"100%\" alt=\"Foto Diego Izquierdo\"><figcaption> Foto: Diego Izquierdo. <\/figcaption><\/figure>\n<p><strong>&#8220;Si hay un instrumento para defender nuestra identidad como naci\u00f3n, para mostrarnos al mundo en nuestra belleza y en nuestro talento, nuestra diversidad en t\u00e9rminos de geograf\u00eda, es el cine argentino&#8221;, destac\u00f3 Massa<\/strong> durante la ceremonia, realizada en el Teatro Auditorium marplatense.<\/p>\n<blockquote class><p>&#8220;Sin dudas la identidad argentina se defiende desde el federalismo, desde la cultura, y tambi\u00e9n se defiende desde la soberan\u00eda&#8221;<\/p><\/blockquote>\n<p>Asegur\u00f3 que la industria cinematogr\u00e1fica &#8220;genera trabajo y divisas, y muestra la Argentina al mundo&#8221;, y se comprometi\u00f3 a trabajar &#8220;por m\u00e1s y mejor financiamiento&#8221;.<\/p>\n<figure class=\"mb-3\"><img loading=\"lazy\" data-src=\"http:\/\/cordobadirecto.com\/wp-content\/uploads\/2023\/11\/massa-se-comprometio-a-trabajar-en-mas-y-mejor-financiamiento-para-el-cine-argentino-1.jpg\" src=\"https:\/\/www.telam.com.ar\/assets\/img\/not_image.png\" class=\" lazy \" width=\"100%\" height=\"100%\" alt=\"Foto Diego Izquierdo\"><figcaption> Foto: Diego Izquierdo. <\/figcaption><\/figure>\n<p><strong>&#8220;Cuando escucho esta idea de tachar a la cultura, lo que escucho es el reflejo de esa pr\u00e9dica permanente de que somos un pa\u00eds de mierda. Y si hay algo que somos, con nuestros defectos y problemas, con el talento de nuestra gente y nuestros recursos, es un gran pa\u00eds y tenemos que hacerlo valer&#8221;<\/strong>, asever\u00f3.<\/p>\n<p>El candidato presidencial se\u00f1al\u00f3 que &#8220;el ataque a la cultura es un intento de tiro al alma de los argentinos, que no viene solo&#8221;.<\/p>\n<figure class=\"mb-3\"><img loading=\"lazy\" data-src=\"http:\/\/cordobadirecto.com\/wp-content\/uploads\/2023\/11\/massa-se-comprometio-a-trabajar-en-mas-y-mejor-financiamiento-para-el-cine-argentino-2.jpg\" src=\"https:\/\/www.telam.com.ar\/assets\/img\/not_image.png\" class=\" lazy \" width=\"100%\" height=\"100%\" alt=\"Foto Diego Izquierdo\"><figcaption> Foto: Diego Izquierdo. <\/figcaption><\/figure>\n<p>&#8220;Esa construcci\u00f3n de que hay que tachar porque es gasto la cultura. Ese desapego por lo nuestro tiene una expresi\u00f3n que es tal vez la m\u00e1s pr\u00edstina de cu\u00e1les son los dos modelos de pa\u00eds, y que se ve reflejada en la posiciones frente a Malvinas: mientras defendemos la sangre y la historia de nuestros ca\u00eddos en Malvinas, escuchamos del otro lado que no tenemos derechos&#8221;, subray\u00f3.<\/p>\n<figure class=\"mb-3\"><img loading=\"lazy\" data-src=\"http:\/\/cordobadirecto.com\/wp-content\/uploads\/2023\/11\/massa-se-comprometio-a-trabajar-en-mas-y-mejor-financiamiento-para-el-cine-argentino-3.jpg\" src=\"https:\/\/www.telam.com.ar\/assets\/img\/not_image.png\" class=\" lazy \" width=\"100%\" height=\"100%\" alt=\"Foto Diego Izquierdo\"><figcaption> Foto: Diego Izquierdo. <\/figcaption><\/figure>\n<p>En esa l\u00ednea, expres\u00f3: &#8220;Sin dudas la identidad argentina se defiende desde el federalismo, desde la cultura, y tambi\u00e9n se defiende desde la soberan\u00eda&#8221;.<\/p>\n<p>&#8220;So\u00f1emos, motoricemos y sobre todas las cosas, si Dios y los argentinos me dan la responsabilidad de gobernar, desde el 10 de diciembre construyamos un modelo de naci\u00f3n que nos enorgullezca a todos, donde el cine argentino, para mostrarle al mundo lo que somos, tiene que tener un papel central&#8221;, finaliz\u00f3.<\/p>\n<p>En el marco de la apertura del festival, el candidato de UxP mantuvo adem\u00e1s un encuentro con personalidades de la industria cinematogr\u00e1fica nacional -como Juan Leyrado, Pablo Echarri y Mercedes Mor\u00e1n-, nucleadas en el colectivo &#8220;Cine Argentino Unido&#8221;, que advirtieron sobre la preocupaci\u00f3n del sector ante las amenazas de miembros de La Libertad Avanza (LLA) de cerrar el Instituto Nacional de Cine y Artes Audiovisuales (Incaa).<\/p>\n<figure class=\"mb-3\"><img loading=\"lazy\" data-src=\"http:\/\/cordobadirecto.com\/wp-content\/uploads\/2023\/11\/massa-se-comprometio-a-trabajar-en-mas-y-mejor-financiamiento-para-el-cine-argentino-4.jpg\" src=\"https:\/\/www.telam.com.ar\/assets\/img\/not_image.png\" class=\" lazy \" width=\"100%\" height=\"100%\" alt=\"Foto Diego Izquierdo\"><figcaption> Foto: Diego Izquierdo. <\/figcaption><\/figure>\n<figure class=\"mb-3\"><img loading=\"lazy\" data-src=\"http:\/\/cordobadirecto.com\/wp-content\/uploads\/2023\/11\/massa-se-comprometio-a-trabajar-en-mas-y-mejor-financiamiento-para-el-cine-argentino-5.jpg\" src=\"https:\/\/www.telam.com.ar\/assets\/img\/not_image.png\" class=\" lazy \" width=\"100%\" height=\"100%\" alt=\"Foto Diego Izquierdo\"><figcaption> Foto: Diego Izquierdo. <\/figcaption><\/figure>\n<p>En su paso por la localidad balnearia, <strong>Massa particip\u00f3 adem\u00e1s de un seminario junto a jubilados, en el que asegur\u00f3 que si es electo Presidente, los &#8220;jubilados y pensionados&#8221; van a ser parte de sus &#8220;prioridades&#8221;<\/strong>.<\/p>\n<p>Anunci\u00f3 adem\u00e1s que, junto a la titular de Administraci\u00f3n Nacional de la Seguridad Social (ANSES), Fernanda Raverta, trabajan para &#8220;ir a buscar a los 20 mil jubilados argentinos que cayeron v\u00edctimas del sistema de AFJP&#8221; y &#8220;darles el derecho a una jubilaci\u00f3n digna como merecen&#8221;.<\/p>\n<p>En ese sentido, asegur\u00f3 que en el balotaje &#8220;lo que se define es en qu\u00e9 pa\u00eds queremos vivir&#8221;, y pidi\u00f3 que &#8220;el 19 vayan a votar para seguir defendiendo el futuro de nuestros jubilados&#8221;.<\/p>\n<p>Durante la inauguraci\u00f3n del festival de Cine, <strong>el ministro de Cultura, Trist\u00e1n Bauer<\/strong>, asegur\u00f3 por su parte que en la segunda vuelta electoral se define entre &#8220;dos modelos de pa\u00eds&#8221;.<\/p>\n<figure class=\"mb-3\"><img loading=\"lazy\" data-src=\"http:\/\/cordobadirecto.com\/wp-content\/uploads\/2023\/11\/massa-se-comprometio-a-trabajar-en-mas-y-mejor-financiamiento-para-el-cine-argentino-6.jpg\" src=\"https:\/\/www.telam.com.ar\/assets\/img\/not_image.png\" class=\" lazy \" width=\"100%\" height=\"100%\" alt=\"Foto imagen de TV\"><figcaption> Foto: imagen de TV. <\/figcaption><\/figure>\n<p><strong>&#8220;Ah\u00ed est\u00e1n los que proponen la desaparici\u00f3n del Ministerio de Cultura, el cierre del Incaa. No se construye con motosierra ni con dinamita, se construye tom\u00e1ndonos de la mano, generando m\u00e1s democracia&#8221;<\/strong>, se\u00f1al\u00f3.<\/p>\n<p>En la agenda del candidato presidencial en la ciudad balnearia, est\u00e1 prevista para la ma\u00f1ana del viernes el lanzamiento en la zona de Playa Grande de un cluster vinculado a la industria del conocimiento, donde estar\u00e1 acompa\u00f1ado por el secretario de esa \u00e1rea a nivel nacional y concejal electo en General Pueyrredon, Juan Manuel Cheppi.<\/p>\n<p>Asistir\u00e1n tambi\u00e9n el titular de la Agencia Nacional de Promoci\u00f3n de la Investigaci\u00f3n, el Desarrollo Tecnol\u00f3gico y la Innovaci\u00f3n, Fernando Peirano; el presidente de Arsat, Facundo Leal; y la secretaria de Innovaci\u00f3n P\u00fablica, Micaela Sanchez Malcom. <\/p>\n","protected":false},"excerpt":{"rendered":"<p>Massa se comprometi\u00f3 a &#8220;trabajar en m\u00e1s y mejor financiamiento&#8221; para el cine argentino VER VIDEO El ministro de Econom\u00eda y candidato presidencial de Uni\u00f3n por la Patria (UxP), Sergio Massa, defendi\u00f3 el cine nacional como &#8220;uno de los pilares de la construcci\u00f3n de la identidad argentina&#8221; y destac\u00f3 el rol del Estado para su [&hellip;]<\/p>\n","protected":false},"author":1,"featured_media":142138,"comment_status":"closed","ping_status":"closed","sticky":false,"template":"","format":"standard","meta":[],"categories":[20],"tags":[],"_links":{"self":[{"href":"http:\/\/cordobadirecto.com\/index.php\/wp-json\/wp\/v2\/posts\/142137"}],"collection":[{"href":"http:\/\/cordobadirecto.com\/index.php\/wp-json\/wp\/v2\/posts"}],"about":[{"href":"http:\/\/cordobadirecto.com\/index.php\/wp-json\/wp\/v2\/types\/post"}],"author":[{"embeddable":true,"href":"http:\/\/cordobadirecto.com\/index.php\/wp-json\/wp\/v2\/users\/1"}],"replies":[{"embeddable":true,"href":"http:\/\/cordobadirecto.com\/index.php\/wp-json\/wp\/v2\/comments?post=142137"}],"version-history":[{"count":0,"href":"http:\/\/cordobadirecto.com\/index.php\/wp-json\/wp\/v2\/posts\/142137\/revisions"}],"wp:featuredmedia":[{"embeddable":true,"href":"http:\/\/cordobadirecto.com\/index.php\/wp-json\/wp\/v2\/media\/142138"}],"wp:attachment":[{"href":"http:\/\/cordobadirecto.com\/index.php\/wp-json\/wp\/v2\/media?parent=142137"}],"wp:term":[{"taxonomy":"category","embeddable":true,"href":"http:\/\/cordobadirecto.com\/index.php\/wp-json\/wp\/v2\/categories?post=142137"},{"taxonomy":"post_tag","embeddable":true,"href":"http:\/\/cordobadirecto.com\/index.php\/wp-json\/wp\/v2\/tags?post=142137"}],"curies":[{"name":"wp","href":"https:\/\/api.w.org\/{rel}","templated":true}]}}