{"id":142141,"date":"2023-11-02T20:52:24","date_gmt":"2023-11-02T20:52:24","guid":{"rendered":"https:\/\/www.ole.com.ar\/autos\/agustin-herrera-fallecio-piloto-turismo-nacional-luto_0_2rn0zaeJIi.html"},"modified":"2023-11-02T20:52:24","modified_gmt":"2023-11-02T20:52:24","slug":"el-automovilismo-argentino-esta-de-luto-fallecio-agustin-herrera","status":"publish","type":"post","link":"http:\/\/cordobadirecto.com\/index.php\/2023\/11\/02\/el-automovilismo-argentino-esta-de-luto-fallecio-agustin-herrera\/","title":{"rendered":"El automovilismo argentino est\u00e1 de luto: falleci\u00f3 Agust\u00edn Herrera"},"content":{"rendered":"<p><time class=\"createDate\" datetime=\"2023-11-02T17:52:24-03:00\">02\/11\/2023 17:52hs.<\/time><time class=\"modificatedDate\" datetime=\"2023-11-02T17:52:24-03:00\"><\/time><\/p>\n<div id=\"storyBody\">\n<p>Agust\u00edn Herrera, reconocido piloto de Turismo Nacional (TN), muri\u00f3 esta tarde luego de protagonizar un accidente en&nbsp;el kil\u00f3metro 161 de la Ruta Nacional 205, a unos 20 kil\u00f3metros de la ciudad bonaerense de Saladillo.<\/p>\n<p>El olavarriense conduc\u00eda un BMW que impact\u00f3 de frente con un Toyota Corolla que circulaba en direcci\u00f3n contraria y falleci\u00f3 en el acto tras el impacto, al igual que el conductor del otro veh\u00edculo. <\/p>\n<p>El &#8220;Chapul\u00edn&#8221; Herrera viajaba acompa\u00f1ado de su mujer, quien sufri\u00f3 politraumatismos y fue derivada a un hospital de la zona.<\/p>\n<div class=\"sc-e7b891c4-0 jPbnQF\"><img alt=\"El piloto ten\u00eda 33 a\u00f1os\" src=\"http:\/\/cordobadirecto.com\/wp-content\/uploads\/2023\/11\/el-automovilismo-argentino-esta-de-luto-fallecio-agustin-herrera.jpg\" width=\"720\" height=\"100\" decoding=\"async\" data-nimg=\"future\" loading=\"lazy\"><span class=\"epigraphe\">El piloto ten\u00eda 33 a\u00f1os<\/span><\/div>\n<p>Herrera, quien ten\u00eda 33 a\u00f1os, compiti\u00f3 con gran suceso en la Clase 2 del TN, categor\u00eda que lo vio alcanzar su punto m\u00e1ximo en 2019, cuando logr\u00f3 el subcampeonato a bordo de un Toyota Etios.&nbsp;<\/p>\n<p>Tambi\u00e9n prob\u00f3 suerte en el mundo de la ACTC, tanto en el TC Mouras (fue subcampe\u00f3n del TCP Mouras en 2009)&nbsp;como en el TC Pista, aunque sin lograr resultados destacados.<\/p>\n<p>Su \u00faltima carrera fue el pasado fin de semana en La Plata cuando disput\u00f3 junto a Juan Mart\u00edn Eluchans la carrera de los 300 Pilotos del Turismo Pista.<\/p>\n<div class=\"custom-embedhtml\" readability=\"8.3018018018018\">\n<blockquote class=\"twitter-tweet\" readability=\"10.486486486486\">\n<p lang=\"es\" dir=\"ltr\">Todos los que formamos Tango Motorsports queremos expresar nuestro profundo dolor por el fallecimiento de Agust\u00edn Herrera, ocurrido en el d\u00eda de la fecha, record\u00e1ndolo por su paso en TC2000 Series y Top Race V6. <\/p>\n<p>A sus familiares y amigos, nuestras condolencias. <a href=\"https:\/\/t.co\/ADoNYtaLk9\">pic.twitter.com\/ADoNYtaLk9<\/a><\/p>\n<p>\u2014 TC2000 (@SuperTC2000) <a href=\"https:\/\/twitter.com\/SuperTC2000\/status\/1720179837321523296?ref_src=twsrc%5Etfw\">November 2, 2023<\/a><\/p><\/blockquote><\/div>\n<p><h2><strong>El comunicado del Turismo Nacional<\/strong><\/h2>\n<\/p>\n<div class=\"custom-text \" readability=\"37\">\n<p>La Asociaci\u00f3n Pilotos Autom\u00f3viles Turismo (APAT) manifiesta su hondo pesar ante el fallecimiento del piloto Agust\u00edn Herrera, quien participaba en el Campeonato Argentino R\u00edo Uruguay Seguros de Turismo Nacional Clase 3, ocurrido durante la tarde del d\u00eda de hoy en la localidad de Saladillo (Buenos Aires).<\/p>\n<\/div>\n<div class=\"custom-text \" readability=\"41\">\n<p>Nacido el 10 de noviembre de 1989, el piloto olavarriense, sobrino del ex piloto de Turismo Carretera, Jos\u00e9 Mar\u00eda Romero (Chueco), debut\u00f3 en el Turismo Nacional el 15 de abril de 2012 en el Aut\u00f3dromo Rosendo Hern\u00e1ndez (San Luis), a los mandos de un Renault Clio atendido por el equipo Tigre Racing. Actualmente, integraba el plantel de pilotos de Clase 3 compitiendo a bordo de un Ford Focus atendido por el equipo GR Competici\u00f3n.<\/p>\n<\/div>\n<div class=\"custom-text \" readability=\"38\">\n<p>Su labor destacada anual la obtuvo en el Campeonato Argentino 2019, habi\u00e9ndose consagrado Subcampe\u00f3n de la Clase 2 sobre un Renault Clio atendido por GR Competici\u00f3n, motorizado por Esteban Pou. En esta divisional logr\u00f3 su \u00faltima victoria, el 01\/09\/2019 en el Circuito Termas de R\u00edo Hondo (Santiago del Estero).<\/p>\n<\/div>\n<div class=\"custom-text \" readability=\"36\">\n<p>Quienes integramos la familia del Turismo Nacional, acompa\u00f1amos en este triste momento a sus familiares, amigos y allegados, rogando por su eterno descanso en paz.<\/p>\n<\/div>\n<div class=\"sc-a7166897-0 exHLBh\" readability=\"6\">\n<section readability=\"2\"><picture><img alt=\"Colapinto y otro paso hacia la F\u00f3rmula 1: estar\u00e1 con Williams en el GP de Brasil\" src=\"http:\/\/cordobadirecto.com\/wp-content\/uploads\/2023\/11\/el-automovilismo-argentino-esta-de-luto-fallecio-agustin-herrera-1.jpg\" width=\"290\" height=\"290\" decoding=\"async\" data-nimg=\"future\" loading=\"lazy\"><\/picture>\n<p><span>Mir\u00e1 tambi\u00e9n<\/span><\/p>\n<hr>\n<h3>Colapinto y otro paso hacia la F\u00f3rmula 1: estar\u00e1 con Williams en el GP de Brasil<\/h3>\n<\/p>\n<\/section>\n<\/div>\n<div class=\"sc-a7166897-0 exHLBh\" readability=\"6\">\n<section readability=\"2\"><picture><img alt=\"El compa\u00f1ero de Canapino en la Indycar ser\u00e1 un ex F\u00f3rmula 1\" src=\"http:\/\/cordobadirecto.com\/wp-content\/uploads\/2023\/11\/el-automovilismo-argentino-esta-de-luto-fallecio-agustin-herrera-2.jpg\" width=\"290\" height=\"290\" decoding=\"async\" data-nimg=\"future\" loading=\"lazy\"><\/picture>\n<p><span>Mir\u00e1 tambi\u00e9n<\/span><\/p>\n<hr>\n<h3>El compa\u00f1ero de Canapino en la Indycar ser\u00e1 un ex F\u00f3rmula 1<\/h3>\n<\/p>\n<\/section>\n<\/div>\n<\/div>\n","protected":false},"excerpt":{"rendered":"<p>02\/11\/2023 17:52hs. Agust\u00edn Herrera, reconocido piloto de Turismo Nacional (TN), muri\u00f3 esta tarde luego de protagonizar un accidente en&nbsp;el kil\u00f3metro 161 de la Ruta Nacional 205, a unos 20 kil\u00f3metros de la ciudad bonaerense de Saladillo. El olavarriense conduc\u00eda un BMW que impact\u00f3 de frente con un Toyota Corolla que circulaba en direcci\u00f3n contraria y [&hellip;]<\/p>\n","protected":false},"author":1,"featured_media":142142,"comment_status":"closed","ping_status":"closed","sticky":false,"template":"","format":"standard","meta":[],"categories":[21],"tags":[],"_links":{"self":[{"href":"http:\/\/cordobadirecto.com\/index.php\/wp-json\/wp\/v2\/posts\/142141"}],"collection":[{"href":"http:\/\/cordobadirecto.com\/index.php\/wp-json\/wp\/v2\/posts"}],"about":[{"href":"http:\/\/cordobadirecto.com\/index.php\/wp-json\/wp\/v2\/types\/post"}],"author":[{"embeddable":true,"href":"http:\/\/cordobadirecto.com\/index.php\/wp-json\/wp\/v2\/users\/1"}],"replies":[{"embeddable":true,"href":"http:\/\/cordobadirecto.com\/index.php\/wp-json\/wp\/v2\/comments?post=142141"}],"version-history":[{"count":0,"href":"http:\/\/cordobadirecto.com\/index.php\/wp-json\/wp\/v2\/posts\/142141\/revisions"}],"wp:featuredmedia":[{"embeddable":true,"href":"http:\/\/cordobadirecto.com\/index.php\/wp-json\/wp\/v2\/media\/142142"}],"wp:attachment":[{"href":"http:\/\/cordobadirecto.com\/index.php\/wp-json\/wp\/v2\/media?parent=142141"}],"wp:term":[{"taxonomy":"category","embeddable":true,"href":"http:\/\/cordobadirecto.com\/index.php\/wp-json\/wp\/v2\/categories?post=142141"},{"taxonomy":"post_tag","embeddable":true,"href":"http:\/\/cordobadirecto.com\/index.php\/wp-json\/wp\/v2\/tags?post=142141"}],"curies":[{"name":"wp","href":"https:\/\/api.w.org\/{rel}","templated":true}]}}