{"id":142143,"date":"2023-11-02T20:31:56","date_gmt":"2023-11-02T20:31:56","guid":{"rendered":"https:\/\/www.ole.com.ar\/autos\/formula-1hora-tv-gran-premio-brasil_0_xXYV0jwGWB.html"},"modified":"2023-11-02T20:31:56","modified_gmt":"2023-11-02T20:31:56","slug":"f1-hora-tv-y-todo-lo-que-tenes-que-saber-del-gp-de-brasil","status":"publish","type":"post","link":"http:\/\/cordobadirecto.com\/index.php\/2023\/11\/02\/f1-hora-tv-y-todo-lo-que-tenes-que-saber-del-gp-de-brasil\/","title":{"rendered":"F1: hora, TV y todo lo que ten\u00e9s que saber del GP de Brasil"},"content":{"rendered":"<p><time class=\"createDate\" datetime=\"2023-11-02T17:31:56-03:00\">02\/11\/2023 17:31hs.<\/time><time class=\"modificatedDate\" datetime=\"2023-11-02T17:31:56-03:00\"><\/time><\/p>\n<div id=\"storyBody\">\n<div class=\"custom-text \" readability=\"36.56976744186\">\n<p>La <strong><a href=\"https:\/\/www.ole.com.ar\/tema\/formula-1.html\" title=\"F\u00f3rmula 1\" alt=\"F\u00f3rmula 1\" class=\"slug\">F\u00f3rmula 1<\/a><\/strong> est\u00e1 pr\u00f3xima a transitar uno de sus \u00faltimos tres cap\u00edtulos en <strong>Brasil <\/strong>(luego vienen Las Vegas y Abu Dhabi para el cierre del campeonato). En el Aut\u00f3dromo Jos\u00e9 Carlos Pace se llevar\u00e1 a cabo la 21\u00aa fecha del torneo, que ya tiene a <a href=\"https:\/\/www.ole.com.ar\/tema\/max-verstappen.html\" title=\"Max Verstappen\" alt=\"Max Verstappen\" class=\"slug\">Max Verstappen <\/a>como tricampe\u00f3n de la tabla de pilotos, que quiere seguir haciendo historia ampliando el r\u00e9cord de victorias en una \u00fanica temporada, y a <a href=\"https:\/\/www.ole.com.ar\/tema\/red-bull.html\" title=\"Red Bull\" alt=\"Red Bull\" class=\"slug\">Red Bull<\/a> como la mejor escuder\u00eda. En la lucha por el segundo puesto, que ocupa con algo de margen <a href=\"https:\/\/www.ole.com.ar\/tema\/sergio-perez.html\" title=\"Sergio P\u00e9rez\" alt=\"Sergio P\u00e9rez\" class=\"slug\">Sergio P\u00e9rez<\/a>, <a href=\"https:\/\/www.ole.com.ar\/tema\/lewis-hamilton.html\" title=\"Lewis Hamilton\" alt=\"Lewis Hamilton\" class=\"slug\">Lewis Hamilton<\/a> intentar\u00e1 hacer una buena carrera en el mismo lugar donde consigui\u00f3 su primer t\u00edtulo mundial para as\u00ed acercarse al mexicano en la tabla de posiciones.<\/p>\n<\/div>\n<div class=\"custom-text \" readability=\"37\">\n<p>La M\u00e1xima viaja al sur del continente americano, luego de la fecha en el Aut\u00f3dromo Hermanos Rodr\u00edguez, en el que <strong>Checo P\u00e9rez<\/strong> no pudo completar la carrera tras un golpazo ins\u00f3lito en la primera curva de la carrera, que lo hicieron abandonar y dejarle a Mad Max la victoria en bandeja.<\/p>\n<\/div>\n<div class=\"sc-e7b891c4-0 jPbnQF\"><img alt=\"Max sigue ganando.\" src=\"http:\/\/cordobadirecto.com\/wp-content\/uploads\/2023\/11\/f1-hora-tv-y-todo-lo-que-tenes-que-saber-del-gp-de-brasil.jpg\" width=\"720\" height=\"100\" decoding=\"async\" data-nimg=\"future\" loading=\"lazy\"><span class=\"epigraphe\">Max sigue ganando.<\/span><\/div>\n<div class=\"custom-text \" readability=\"42\">\n<p>Tras la pesadilla que pas\u00f3 en su pa\u00eds, el mexicano (240 puntos) todav\u00eda tiene <strong>20 unidades <\/strong>de ventaja sobre Hamilton (220), que termin\u00f3 2\u00b0 la \u00faltima carrera. Para asegurarse el segundo puesto y el subcampeonato, Checo tendr\u00eda que sumar 33 puntos m\u00e1s que el brit\u00e1nico, teniendo en cuenta que este fin de semana hay 86 unidades en juego contando el <strong>sprint (26 de la carrera -25 por ser primero, 1 por la vuelta r\u00e1pida- y 8 en el sprint)<\/strong>. Con el primer o segundo puesto en la carrera previa y ganando el GP sumado a que el piloto de Mercedes no consiga puntos, P\u00e9rez llegar\u00eda a Las Vegas con el subcampeonato en su poder. Claro, parece dif\u00edcil.<\/p>\n<\/div>\n<div class=\"sc-e7b891c4-0 jPbnQF\"><img alt=\"El accidente de Checo P\u00e9rez en M\u00e9xico.\" src=\"http:\/\/cordobadirecto.com\/wp-content\/uploads\/2023\/11\/f1-hora-tv-y-todo-lo-que-tenes-que-saber-del-gp-de-brasil-1.jpg\" width=\"720\" height=\"100\" decoding=\"async\" data-nimg=\"future\" loading=\"lazy\"><span class=\"epigraphe\">El accidente de Checo P\u00e9rez en M\u00e9xico.<\/span><\/div>\n<div class=\"custom-text \" readability=\"43\">\n<p>Como sucede desde el primer Gran Premio de Brasil en 1973, la carrera se llevar\u00e1 a cabo en el Aut\u00f3dromo Jos\u00e9 Carlos Pace, m\u00e1s conocido como <strong>Interlagos<\/strong>, en San Pablo. Dise\u00f1ado en base a los circuitos de Brooklands en el Reino Unido, Roosevelt Raceway en Estados Unidos y Montlhery en Francia, tiene 4,309 kil\u00f3metros de longitud y se correr\u00e1 a 71 vueltas con 15 curvas. Eso s\u00ed, no es un circuito que se le d\u00e9 bien al piloto principal de Red Bull, donde apenas gan\u00f3 una vez y fue en 2019.<\/p>\n<\/div>\n<p><h2>Hora y TV del cronograma del GP de Brasil de la F\u00f3rmula 1<\/h2>\n<\/p>\n<div class=\"custom-text \" readability=\"38\">\n<p>Con previsiones de lluvia para el fin de semana (de las seis \u00faltimas ediciones, en cinco tuvo que salir el Safety Car por la lluvia), la actividad en San Pablo comenzar\u00e1 este viernes, con el \u00fanico <strong>entrenamiento <\/strong>libre a las 11.30 y la <strong>clasificaci\u00f3n <\/strong>a las 15. El s\u00e1bado empezar\u00e1 a las 11 con el Sprint Shootout y el <strong>Sprint <\/strong>final a las 15.30. Ya el domingo ser\u00e1 la <strong>carrera <\/strong>final a partir de las 14 y todo ir\u00e1 con transmisi\u00f3n en vivo de Star+.<\/p>\n<\/div>\n<div class=\"sc-e7b891c4-0 jPbnQF\"><img alt=\"George Russel, el \u00faltimo campe\u00f3n en Brasil.\" src=\"http:\/\/cordobadirecto.com\/wp-content\/uploads\/2023\/11\/f1-hora-tv-y-todo-lo-que-tenes-que-saber-del-gp-de-brasil-2.jpg\" width=\"720\" height=\"100\" decoding=\"async\" data-nimg=\"future\" loading=\"lazy\"><span class=\"epigraphe\">George Russel, el \u00faltimo campe\u00f3n en Brasil.<\/span><\/div>\n<div class=\"sc-a7166897-0 exHLBh\" readability=\"6\">\n<section readability=\"2\"><picture><img alt=\"Colapinto y otro paso hacia la F\u00f3rmula 1: estar\u00e1 con Williams en el GP de Brasil\" src=\"http:\/\/cordobadirecto.com\/wp-content\/uploads\/2023\/11\/f1-hora-tv-y-todo-lo-que-tenes-que-saber-del-gp-de-brasil-3.jpg\" width=\"290\" height=\"290\" decoding=\"async\" data-nimg=\"future\" loading=\"lazy\"><\/picture>\n<p><span>Mir\u00e1 tambi\u00e9n<\/span><\/p>\n<hr>\n<h3>Colapinto y otro paso hacia la F\u00f3rmula 1: estar\u00e1 con Williams en el GP de Brasil<\/h3>\n<\/p>\n<\/section>\n<\/div>\n<div class=\"sc-a7166897-0 exHLBh\" readability=\"6\">\n<section readability=\"2\"><picture><img alt=\"El compa\u00f1ero de Canapino en la Indycar ser\u00e1 un ex F\u00f3rmula 1\" src=\"http:\/\/cordobadirecto.com\/wp-content\/uploads\/2023\/11\/f1-hora-tv-y-todo-lo-que-tenes-que-saber-del-gp-de-brasil-4.jpg\" width=\"290\" height=\"290\" decoding=\"async\" data-nimg=\"future\" loading=\"lazy\"><\/picture>\n<p><span>Mir\u00e1 tambi\u00e9n<\/span><\/p>\n<hr>\n<h3>El compa\u00f1ero de Canapino en la Indycar ser\u00e1 un ex F\u00f3rmula 1<\/h3>\n<\/p>\n<\/section>\n<\/div>\n<div class=\"sc-a7166897-0 exHLBh\" readability=\"6\">\n<section readability=\"2\"><picture><img alt=\"Hist\u00f3rico: Franco Colapinto se prueba en la F\u00f3rmula 1\" src=\"http:\/\/cordobadirecto.com\/wp-content\/uploads\/2023\/11\/f1-hora-tv-y-todo-lo-que-tenes-que-saber-del-gp-de-brasil-5.jpg\" width=\"290\" height=\"290\" decoding=\"async\" data-nimg=\"future\" loading=\"lazy\"><\/picture>\n<p><span>Mir\u00e1 tambi\u00e9n<\/span><\/p>\n<hr>\n<h3>Hist\u00f3rico: Franco Colapinto se prueba en la F\u00f3rmula 1<\/h3>\n<\/p>\n<\/section>\n<\/div>\n<div class=\"sc-a7166897-0 exHLBh\" readability=\"6.5\">\n<section readability=\"3\"><picture><img alt=\"Se confirm\u00f3 d\u00f3nde se podr\u00e1 seguir la final de la Libertadores para los que no consiguieron entradas en Brasil \" src=\"http:\/\/cordobadirecto.com\/wp-content\/uploads\/2023\/11\/f1-hora-tv-y-todo-lo-que-tenes-que-saber-del-gp-de-brasil-6.jpg\" width=\"290\" height=\"290\" decoding=\"async\" data-nimg=\"future\" loading=\"lazy\"><\/picture>\n<p><span>Mir\u00e1 tambi\u00e9n<\/span><\/p>\n<hr>\n<h3>Se confirm\u00f3 d\u00f3nde se podr\u00e1 seguir la final de la Libertadores para los que no consiguieron entradas en Brasil <\/h3>\n<\/p>\n<\/section>\n<\/div>\n<\/div>\n","protected":false},"excerpt":{"rendered":"<p>02\/11\/2023 17:31hs. La F\u00f3rmula 1 est\u00e1 pr\u00f3xima a transitar uno de sus \u00faltimos tres cap\u00edtulos en Brasil (luego vienen Las Vegas y Abu Dhabi para el cierre del campeonato). En el Aut\u00f3dromo Jos\u00e9 Carlos Pace se llevar\u00e1 a cabo la 21\u00aa fecha del torneo, que ya tiene a Max Verstappen como tricampe\u00f3n de la tabla [&hellip;]<\/p>\n","protected":false},"author":1,"featured_media":142144,"comment_status":"closed","ping_status":"closed","sticky":false,"template":"","format":"standard","meta":[],"categories":[21],"tags":[],"_links":{"self":[{"href":"http:\/\/cordobadirecto.com\/index.php\/wp-json\/wp\/v2\/posts\/142143"}],"collection":[{"href":"http:\/\/cordobadirecto.com\/index.php\/wp-json\/wp\/v2\/posts"}],"about":[{"href":"http:\/\/cordobadirecto.com\/index.php\/wp-json\/wp\/v2\/types\/post"}],"author":[{"embeddable":true,"href":"http:\/\/cordobadirecto.com\/index.php\/wp-json\/wp\/v2\/users\/1"}],"replies":[{"embeddable":true,"href":"http:\/\/cordobadirecto.com\/index.php\/wp-json\/wp\/v2\/comments?post=142143"}],"version-history":[{"count":0,"href":"http:\/\/cordobadirecto.com\/index.php\/wp-json\/wp\/v2\/posts\/142143\/revisions"}],"wp:featuredmedia":[{"embeddable":true,"href":"http:\/\/cordobadirecto.com\/index.php\/wp-json\/wp\/v2\/media\/142144"}],"wp:attachment":[{"href":"http:\/\/cordobadirecto.com\/index.php\/wp-json\/wp\/v2\/media?parent=142143"}],"wp:term":[{"taxonomy":"category","embeddable":true,"href":"http:\/\/cordobadirecto.com\/index.php\/wp-json\/wp\/v2\/categories?post=142143"},{"taxonomy":"post_tag","embeddable":true,"href":"http:\/\/cordobadirecto.com\/index.php\/wp-json\/wp\/v2\/tags?post=142143"}],"curies":[{"name":"wp","href":"https:\/\/api.w.org\/{rel}","templated":true}]}}