{"id":142147,"date":"2023-11-01T15:44:05","date_gmt":"2023-11-01T15:44:05","guid":{"rendered":"https:\/\/es.digitaltrends.com\/?p=1008988"},"modified":"2023-11-01T15:44:05","modified_gmt":"2023-11-01T15:44:05","slug":"la-monja-de-la-feria-quien-es-este-personaje-viral-mexicano","status":"publish","type":"post","link":"http:\/\/cordobadirecto.com\/index.php\/2023\/11\/01\/la-monja-de-la-feria-quien-es-este-personaje-viral-mexicano\/","title":{"rendered":"La Monja de la Feria: qui\u00e9n es este personaje viral mexicano"},"content":{"rendered":"<div><img src=\"http:\/\/cordobadirecto.com\/wp-content\/uploads\/2023\/11\/la-monja-de-la-feria-quien-es-este-personaje-viral-mexicano.jpg\" class=\"ff-og-image-inserted\"><\/div>\n<div class=\"dtvideos-container\" data-provider=\"youtube\">\n<div class=\"dtvideos-details h-dtvideos-details-embed\">\n<div class=\"dtvideos-title\">El \u00daltimo Baile de la monja En la Feria de Torreon \ud83c\uddf2\ud83c\uddfd\ud83c\udf7f\ud83c\udfa1<\/div>\n<\/div>\n<\/div>\n<p>En la Feria Nacional de Durango en M\u00e9xico hace ya varios d\u00edas comenz\u00f3 a hacerse<a href=\"https:\/\/es.digitaltrends.com\/tendencias\/oso-malayo-viral-chino\/\"><strong> viral<\/strong> <\/a>un extra\u00f1o personaje: \u00ab<strong>La Monja de la Feria<\/strong>\u00ab, un \u00abalguien\u00bb embetunado en el disfraz de una religiosa que baila arriba de la atracci\u00f3n llamada popularmente como Tagada.<\/p>\n<p>Parada al centro de una atracci\u00f3n mec\u00e1nica giratoria en movimiento, con su velo negro y unos colmillos retorcidos, la monja baila contoneando la cadera y sacudiendo sus hombros al ritmo de un corrido mexicano remixeado al estilo tribal, sostiene Infobae, para hacer una descripci\u00f3n del personaje.<\/p>\n<h2>\u00bfQui\u00e9n es la Monja de la Feria?<\/h2>\n<p>Lo primero, es que el personaje est\u00e1 inspirado en la cinta <a href=\"https:\/\/es.digitaltrends.com\/entretenimiento\/mrs-davis-trailer-monja-enojada-ia\/\"><strong>La Monja<\/strong><\/a> de 2018. Y qui\u00e9n est\u00e1 detr\u00e1s del disfraz es&nbsp;<b>Pamela Jasso P\u00e9rez<\/b>, una joven de 17 a\u00f1os originaria de Celaya, Guanajuato, quien junto con su esposo tuvo la idea de divertir a los asistentes a la colorida feria con su disfraz a ritmo de la canci\u00f3n<i>&nbsp;Las Monjitas<\/i>, de Grupo exterminador, en un remix realizado por DJ Monst3r5.<\/p>\n<p>La joven ha comentado que todo esto lo hace para homenajear a un amigo fallecido que le gustaba bailar.<\/p>\n<p>\u00abMe siento genial, siento que estoy recordando a mi amigo, y s\u00e9 que su esposa est\u00e1 agradecida de que lo estemos honrando de esta manera\u00bb.<\/p>\n<p>Por supuesto, desde ese momento, la Feria Nacional de Durango se ha transformado en una parada obligada para turistas y obviamente uno de los espect\u00e1culos principales es la monja arriba del tagada.<\/p>\n<h4 class=\"b-editors-recs-title h-editors-recs-title\"> Recomendaciones del editor<\/h4>\n<p> <span id=\"publisher-md\" itemprop=\"publisher\" itemscope itemtype=\"https:\/\/schema.org\/Organization\"> <span itemprop=\"url\" itemtype=\"https:\/\/schema.org\/Url\" content=\"https:\/\/es.digitaltrends.com\"> <span itemprop=\"logo\" itemscope itemtype=\"https:\/\/schema.org\/ImageObject\"> <meta itemprop=\"url\" content=\"https:\/\/cdn.dtcn.com\/dt\/dt-logo-small.png\"> <meta itemprop=\"width\" content=\"0\"> <meta itemprop=\"height\" content=\"0\"> <\/span> <meta itemprop=\"name\" content=\"Digital Trends Espa\u00f1ol\"> <\/span> <span itemprop=\"image\" itemscope itemtype=\"https:\/\/schema.org\/ImageObject\"> <meta itemprop=\"url\" content=\"https:\/\/es.digitaltrends.com\/wp-content\/uploads\/2023\/11\/Captura-web_1-11-2023_123859_www.youtube.com_.jpeg?p=1\"> <\/span> <\/span> <\/p>\n","protected":false},"excerpt":{"rendered":"<p>El \u00daltimo Baile de la monja En la Feria de Torreon \ud83c\uddf2\ud83c\uddfd\ud83c\udf7f\ud83c\udfa1 En la Feria Nacional de Durango en M\u00e9xico hace ya varios d\u00edas comenz\u00f3 a hacerse viral un extra\u00f1o personaje: \u00abLa Monja de la Feria\u00ab, un \u00abalguien\u00bb embetunado en el disfraz de una religiosa que baila arriba de la atracci\u00f3n llamada popularmente como Tagada. [&hellip;]<\/p>\n","protected":false},"author":1,"featured_media":142148,"comment_status":"closed","ping_status":"closed","sticky":false,"template":"","format":"standard","meta":[],"categories":[26],"tags":[],"_links":{"self":[{"href":"http:\/\/cordobadirecto.com\/index.php\/wp-json\/wp\/v2\/posts\/142147"}],"collection":[{"href":"http:\/\/cordobadirecto.com\/index.php\/wp-json\/wp\/v2\/posts"}],"about":[{"href":"http:\/\/cordobadirecto.com\/index.php\/wp-json\/wp\/v2\/types\/post"}],"author":[{"embeddable":true,"href":"http:\/\/cordobadirecto.com\/index.php\/wp-json\/wp\/v2\/users\/1"}],"replies":[{"embeddable":true,"href":"http:\/\/cordobadirecto.com\/index.php\/wp-json\/wp\/v2\/comments?post=142147"}],"version-history":[{"count":0,"href":"http:\/\/cordobadirecto.com\/index.php\/wp-json\/wp\/v2\/posts\/142147\/revisions"}],"wp:featuredmedia":[{"embeddable":true,"href":"http:\/\/cordobadirecto.com\/index.php\/wp-json\/wp\/v2\/media\/142148"}],"wp:attachment":[{"href":"http:\/\/cordobadirecto.com\/index.php\/wp-json\/wp\/v2\/media?parent=142147"}],"wp:term":[{"taxonomy":"category","embeddable":true,"href":"http:\/\/cordobadirecto.com\/index.php\/wp-json\/wp\/v2\/categories?post=142147"},{"taxonomy":"post_tag","embeddable":true,"href":"http:\/\/cordobadirecto.com\/index.php\/wp-json\/wp\/v2\/tags?post=142147"}],"curies":[{"name":"wp","href":"https:\/\/api.w.org\/{rel}","templated":true}]}}