{"id":142171,"date":"2023-11-03T19:55:13","date_gmt":"2023-11-03T19:55:13","guid":{"rendered":"http:\/\/cordobadirecto.com\/index.php\/2023\/11\/03\/desvincularon-a-melconian-de-fundacion-mediterranea-tras-la-derrota-de-bullrich\/"},"modified":"2023-11-03T19:55:13","modified_gmt":"2023-11-03T19:55:13","slug":"desvincularon-a-melconian-de-fundacion-mediterranea-tras-la-derrota-de-bullrich","status":"publish","type":"post","link":"http:\/\/cordobadirecto.com\/index.php\/2023\/11\/03\/desvincularon-a-melconian-de-fundacion-mediterranea-tras-la-derrota-de-bullrich\/","title":{"rendered":"Desvincularon a Melconian de Fundaci\u00f3n Mediterr\u00e1nea tras la derrota de Bullrich"},"content":{"rendered":"<p>Durante un encuentro en <b>C\u00f3rdoba<\/b>, en agosto, el expresidente de Banco Naci\u00f3n hab\u00eda sido presentado como eventual ministro de <b>Econom\u00eda<\/b> de Bullrich si la&nbsp;&#8230; <\/p>\n","protected":false},"excerpt":{"rendered":"<p>Durante un encuentro en C\u00f3rdoba, en agosto, el expresidente de Banco Naci\u00f3n hab\u00eda sido presentado como eventual ministro de Econom\u00eda de Bullrich si la&nbsp;&#8230;<\/p>\n","protected":false},"author":1,"featured_media":0,"comment_status":"closed","ping_status":"closed","sticky":false,"template":"","format":"standard","meta":[],"categories":[40],"tags":[],"_links":{"self":[{"href":"http:\/\/cordobadirecto.com\/index.php\/wp-json\/wp\/v2\/posts\/142171"}],"collection":[{"href":"http:\/\/cordobadirecto.com\/index.php\/wp-json\/wp\/v2\/posts"}],"about":[{"href":"http:\/\/cordobadirecto.com\/index.php\/wp-json\/wp\/v2\/types\/post"}],"author":[{"embeddable":true,"href":"http:\/\/cordobadirecto.com\/index.php\/wp-json\/wp\/v2\/users\/1"}],"replies":[{"embeddable":true,"href":"http:\/\/cordobadirecto.com\/index.php\/wp-json\/wp\/v2\/comments?post=142171"}],"version-history":[{"count":0,"href":"http:\/\/cordobadirecto.com\/index.php\/wp-json\/wp\/v2\/posts\/142171\/revisions"}],"wp:attachment":[{"href":"http:\/\/cordobadirecto.com\/index.php\/wp-json\/wp\/v2\/media?parent=142171"}],"wp:term":[{"taxonomy":"category","embeddable":true,"href":"http:\/\/cordobadirecto.com\/index.php\/wp-json\/wp\/v2\/categories?post=142171"},{"taxonomy":"post_tag","embeddable":true,"href":"http:\/\/cordobadirecto.com\/index.php\/wp-json\/wp\/v2\/tags?post=142171"}],"curies":[{"name":"wp","href":"https:\/\/api.w.org\/{rel}","templated":true}]}}