{"id":142172,"date":"2023-11-03T19:53:00","date_gmt":"2023-11-03T19:53:00","guid":{"rendered":"http:\/\/cordobadirecto.com\/index.php\/2023\/11\/03\/israel-recomendo-evitar-los-viajes-al-extranjero-ante-el-aumento-del-antisemitismo\/"},"modified":"2023-11-03T19:53:00","modified_gmt":"2023-11-03T19:53:00","slug":"israel-recomendo-evitar-los-viajes-al-extranjero-ante-el-aumento-del-antisemitismo","status":"publish","type":"post","link":"http:\/\/cordobadirecto.com\/index.php\/2023\/11\/03\/israel-recomendo-evitar-los-viajes-al-extranjero-ante-el-aumento-del-antisemitismo\/","title":{"rendered":"Israel recomend\u00f3 evitar los viajes al extranjero ante el &#8220;aumento del antisemitismo&#8221;"},"content":{"rendered":"<figure class=\"mb-3\"><img loading=\"lazy\" data-src=\"http:\/\/cordobadirecto.com\/wp-content\/uploads\/2023\/11\/israel-recomendo-evitar-los-viajes-al-extranjero-ante-el-aumento-del-antisemitismo.jpg\" src=\"https:\/\/www.telam.com.ar\/assets\/img\/not_image.png\" class=\" lazy \" width=\"100%\" height=\"100%\" alt=\"Las autoridades tambin instaron a los ciudadanos a mantenerse al margen de las manifestaciones Foto 123RF\"><figcaption> Las autoridades tambi\u00e9n instaron a los ciudadanos a mantenerse al margen de las manifestaciones \/ Foto: 123RF. <\/figcaption><\/figure>\n<p>Israel recomend\u00f3 a sus ciudadanos aplazar los viajes al extranjero y no exhibir s\u00edmbolos israel\u00edes y jud\u00edos ante el &#8220;aumento significativo del antisemitismo&#8221; en el mundo, luego de que Israel lanzara una operaci\u00f3n militar contra la Franja de Gaza en respuesta a los ataques del movimiento islamista palestino Hamas del 7 de octubre.<\/p>\n<p>Las autoridades israel\u00edes &#8220;ven un aumento significativo del antisemitismo&#8221; y una &#8220;incitaci\u00f3n&#8221; a ello, as\u00ed como &#8220;ataques que pueden poner en peligro la vida de los israel\u00edes y jud\u00edos en el mundo&#8221;, afirm\u00f3 el Consejo Seguridad Nacional israel\u00ed.<\/p>\n<figure class=\"mb-3\"><img loading=\"lazy\" data-src=\"http:\/\/cordobadirecto.com\/wp-content\/uploads\/2023\/11\/israel-recomendo-evitar-los-viajes-al-extranjero-ante-el-aumento-del-antisemitismo-1.jpg\" src=\"https:\/\/www.telam.com.ar\/assets\/img\/not_image.png\" class=\" lazy \" width=\"100%\" height=\"100%\" alt=\"Foto 123RF\"><figcaption> Foto: 123RF. <\/figcaption><\/figure>\n<p>Por ello, recomend\u00f3 aplazar los viajes a aquellos pa\u00edses o territorios para los que existan alertas espec\u00edficas, con un \u00e9nfasis particular en el caso de los pa\u00edses \u00e1rabes y de Medio Oriente, las zonas aleda\u00f1as a Ir\u00e1n y el C\u00e1ucaso norte, despu\u00e9s del <strong>ataque registrado el pasado fin de semana en la rep\u00fablica rusa de Daguest\u00e1n<\/strong>.<\/p>\n<p>En dicho incidente, una muchedumbre irrumpi\u00f3 en el <strong>aeropuerto de Majachkala<\/strong>, la capital de Daguest\u00e1n, en busca de israel\u00edes y jud\u00edos e intentaron <strong>subirse a un vuelo llegado de Tel Aviv<\/strong>, pero las fuerzas de seguridad lo impidieron con una represi\u00f3n que termin\u00f3 con al menos <strong>20 heridos y 60 detenidos<\/strong>.<\/p>\n<blockquote class><p>Entre los potenciales objetivos de ataques, Israel identifica sinagogas, restaurantes kosher y empresas vinculadas a israel\u00edes, as\u00ed como aeropuertos a los que puedan llegar vuelos procedentes de territorio israel\u00ed<\/p><\/blockquote>\n<p>Si bien El Consejo de Seguridad israel\u00ed se\u00f1al\u00f3 ciertas zonas espec\u00edficas, aclar\u00f3 que se est\u00e1n produciendo incidentes en pa\u00edses para los que no existe ning\u00fan tipo de aviso, por lo que consideran conveniente aplazar cualquier tipo de desplazamiento no esencial y consultar en cualquier caso las protestas que puedan producirse.<\/p>\n<p>Las autoridades tambi\u00e9n instaron a los ciudadanos a <strong>mantenerse al margen de las manifestaciones<\/strong>.<\/p>\n<p>Entre los potenciales objetivos de ataques, Israel identifica sinagogas, restaurantes kosher y empresas vinculadas a israel\u00edes, as\u00ed como aeropuertos a los que puedan llegar vuelos procedentes de territorio israel\u00ed. <\/p>\n","protected":false},"excerpt":{"rendered":"<p>Las autoridades tambi\u00e9n instaron a los ciudadanos a mantenerse al margen de las manifestaciones \/ Foto: 123RF. Israel recomend\u00f3 a sus ciudadanos aplazar los viajes al extranjero y no exhibir s\u00edmbolos israel\u00edes y jud\u00edos ante el &#8220;aumento significativo del antisemitismo&#8221; en el mundo, luego de que Israel lanzara una operaci\u00f3n militar contra la Franja de [&hellip;]<\/p>\n","protected":false},"author":1,"featured_media":142173,"comment_status":"closed","ping_status":"closed","sticky":false,"template":"","format":"standard","meta":[],"categories":[24],"tags":[],"_links":{"self":[{"href":"http:\/\/cordobadirecto.com\/index.php\/wp-json\/wp\/v2\/posts\/142172"}],"collection":[{"href":"http:\/\/cordobadirecto.com\/index.php\/wp-json\/wp\/v2\/posts"}],"about":[{"href":"http:\/\/cordobadirecto.com\/index.php\/wp-json\/wp\/v2\/types\/post"}],"author":[{"embeddable":true,"href":"http:\/\/cordobadirecto.com\/index.php\/wp-json\/wp\/v2\/users\/1"}],"replies":[{"embeddable":true,"href":"http:\/\/cordobadirecto.com\/index.php\/wp-json\/wp\/v2\/comments?post=142172"}],"version-history":[{"count":0,"href":"http:\/\/cordobadirecto.com\/index.php\/wp-json\/wp\/v2\/posts\/142172\/revisions"}],"wp:featuredmedia":[{"embeddable":true,"href":"http:\/\/cordobadirecto.com\/index.php\/wp-json\/wp\/v2\/media\/142173"}],"wp:attachment":[{"href":"http:\/\/cordobadirecto.com\/index.php\/wp-json\/wp\/v2\/media?parent=142172"}],"wp:term":[{"taxonomy":"category","embeddable":true,"href":"http:\/\/cordobadirecto.com\/index.php\/wp-json\/wp\/v2\/categories?post=142172"},{"taxonomy":"post_tag","embeddable":true,"href":"http:\/\/cordobadirecto.com\/index.php\/wp-json\/wp\/v2\/tags?post=142172"}],"curies":[{"name":"wp","href":"https:\/\/api.w.org\/{rel}","templated":true}]}}