{"id":142174,"date":"2023-11-03T19:07:00","date_gmt":"2023-11-03T19:07:00","guid":{"rendered":"http:\/\/cordobadirecto.com\/index.php\/2023\/11\/03\/meloni-envio-al-parlamento-italiano-la-madre-de-todas-las-reformas\/"},"modified":"2023-11-03T19:07:00","modified_gmt":"2023-11-03T19:07:00","slug":"meloni-envio-al-parlamento-italiano-la-madre-de-todas-las-reformas","status":"publish","type":"post","link":"http:\/\/cordobadirecto.com\/index.php\/2023\/11\/03\/meloni-envio-al-parlamento-italiano-la-madre-de-todas-las-reformas\/","title":{"rendered":"Meloni envi\u00f3 al Parlamento italiano la &#8220;madre de todas las reformas&#8221;"},"content":{"rendered":"<figure class=\"mb-3\"><img loading=\"lazy\" data-src=\"http:\/\/cordobadirecto.com\/wp-content\/uploads\/2023\/11\/meloni-envio-al-parlamento-italiano-la-madre-de-todas-las-reformas.jpg\" src=\"https:\/\/www.telam.com.ar\/assets\/img\/not_image.png\" class=\" lazy \" width=\"100%\" height=\"100%\" alt=\"El objetivo es garantizar que gobierne quien ha sido elegido por el pueblo dijo Meloni Foto TWGiorgiaMeloni\"><figcaption> &#8220;El objetivo es garantizar que gobierne quien ha sido elegido por el pueblo&#8221; dijo Meloni. Foto: TW@GiorgiaMeloni <\/figcaption><\/figure>\n<p>El Gobierno italiano, que encabeza la premier Giorgia Meloni, aprob\u00f3 este viernes en reuni\u00f3n de Gabinete el env\u00edo al Parlamento de la que considera &#8220;madre de todas las reformas&#8221; para que el primer ministro sea elegido por el voto popular, y no con acuerdos partidarios como hasta ahora, y que prev\u00e9 tambi\u00e9n la eliminaci\u00f3n de los senadores vitalicios.<\/p>\n<p>&#8220;Se trata de una reforma constitucional que introduce la elecci\u00f3n directa del primer ministro y garantiza dos objetivos que nos hemos comprometido a alcanzar desde el principio: el derecho de los ciudadanos a decidir qui\u00e9n los gobierna y acabar con los pactos palaciegos, gobiernos que son t\u00e9cnicos y que pasan por alto a los ciudadanos&#8221;, afirm\u00f3 Meloni este viernes al presentar la medida en conferencia de prensa.<\/p>\n<p>&#8220;El objetivo es garantizar que gobierne quien ha sido elegido por el pueblo&#8221;, agreg\u00f3 luego la premier, en un contexto en que en los \u00faltimos 13 a\u00f1os solo Meloni en 2022 y Silvio Berlusconi en 2009 llegaron a la c\u00fapula del Ejecutivo votados en las urnas y no por acuerdos parlamentarios.<\/p>\n<blockquote class><p>Actualmente, el primer ministro llega al cargo en base a acuerdos parlamentarios que puedan o no coronar a un dirigente que se haya propuesto para ocupar la m\u00e1xima autoridad del Gobierno<\/p><\/blockquote>\n<p>&nbsp;<br \/>El proyecto, que ser\u00e1 ahora enviado al Parlamento, donde deber\u00e1 tener doble aval de diputados y de senadores, pide en lo formal &#8220;la introducci\u00f3n de la elecci\u00f3n directa del Presidente del Consejo de Ministros&#8221; y prev\u00e9 que el premier sea elegido por el voto directo, con un mandato de cinco a\u00f1os.<\/p>\n<p>Actualmente, el primer ministro llega al cargo en base a acuerdos parlamentarios que puedan o no coronar a un dirigente que se haya propuesto para ocupar la m\u00e1xima autoridad del Gobierno.<\/p>\n<p>&#8220;Esta es la madre de todas las reformas que se pueden hacer en Italia porque si damos un paso atr\u00e1s y miramos los \u00faltimos 20 a\u00f1os, hemos tenido 12 primeros ministros&#8221;, justific\u00f3 Meloni.<\/p>\n<figure class=\"mb-3\"><img loading=\"lazy\" data-src=\"http:\/\/cordobadirecto.com\/wp-content\/uploads\/2023\/11\/meloni-envio-al-parlamento-italiano-la-madre-de-todas-las-reformas-1.jpg\" src=\"https:\/\/www.telam.com.ar\/assets\/img\/not_image.png\" class=\" lazy \" width=\"100%\" height=\"100%\" alt=\"En los ltimos 13 aos solo Meloni en 2022 y Silvio Berlusconi en 2009 llegaron a la cpula del Ejecutivo votados en las urnas y no por acuerdos parlamentarios\"><figcaption> En los \u00faltimos 13 a\u00f1os solo Meloni en 2022 y Silvio Berlusconi en 2009 llegaron a la c\u00fapula del Ejecutivo votados en las urnas y no por acuerdos parlamentarios. <\/figcaption><\/figure>\n<p>Adem\u00e1s de la elecci\u00f3n directa del premier el proyecto incluye tambi\u00e9n la supresi\u00f3n de los senadores vitalicios de designaci\u00f3n presidencial, por lo que solo los expresidente tendr\u00e1n derecho a una banca perpetua en la C\u00e1mara Alta y ya no quienes demuestran &#8220;m\u00e9ritos en el campo social, cient\u00edfico, art\u00edstico y literario&#8221;, como hasta ahora.<\/p>\n<p>De acuerdo al texto que enviar\u00e1 el Gobierno, no habr\u00e1 cambios en la elecci\u00f3n del Presidente, una figura centrada en lo institucional, que se seguir\u00e1 haciendo a trav\u00e9s de los miembros del Parlamento y no con el voto directo. Meloni confirm\u00f3 este viernes que hubo una &#8220;interlocuci\u00f3n&#8221; con el actual mandatario Sergio Mattarella sobre este tema.<\/p>\n<p>La reforma promovida por Meloni se suma a otro cambio estructural reciente en la pol\u00edtica italiana, cuando el hoy opositor Movimiento Cinco Estrellas impuls\u00f3 en 2019 la reducci\u00f3n del n\u00famero de parlamentarios y, durante el Gobierno del entonces premier Giuseppe Conte, consigui\u00f3 reducir los diputados de 630 a 400 y los senadores de 315 a 200.<\/p>\n<blockquote class><p>Durante la campa\u00f1a electoral de 2022, Meloni justificaba el proyecto en la necesidad de dar &#8220;estabilidad&#8221; a un pa\u00eds en el que, como record\u00f3, los premiers tienen una duraci\u00f3n media de 13 meses y en el que hubo 68 Gobiernos en los 77 a\u00f1os de Rep\u00fablica<\/p><\/blockquote>\n<p>Seg\u00fan plante\u00f3 la premier, la &#8220;incidencia&#8221; de los senadores vitalicios en el debate p\u00fablico hab\u00eda aumentado con la reducci\u00f3n de los legisladores, por lo que se decidi\u00f3 restringir la figura solo para los exmandatarios.<\/p>\n<p>En cuanto a los equilibrios entre la Presidencia y el premier, el jefe de Estado mantendr\u00e1 la prerrogativa constitucional del art\u00edculo 92 para dar el encargo de Gobierno y designar a los ministros, siempre en base a indicaciones del primer ministro.<\/p>\n<p>Durante la campa\u00f1a electoral de 2022, Meloni justificaba el proyecto en la necesidad de dar &#8220;estabilidad&#8221; a un pa\u00eds en el que, como record\u00f3, los premiers tienen una duraci\u00f3n media de 13 meses y en el que hubo 68 Gobiernos en los 77 a\u00f1os de Rep\u00fablica. <\/p>\n","protected":false},"excerpt":{"rendered":"<p>&#8220;El objetivo es garantizar que gobierne quien ha sido elegido por el pueblo&#8221; dijo Meloni. Foto: TW@GiorgiaMeloni El Gobierno italiano, que encabeza la premier Giorgia Meloni, aprob\u00f3 este viernes en reuni\u00f3n de Gabinete el env\u00edo al Parlamento de la que considera &#8220;madre de todas las reformas&#8221; para que el primer ministro sea elegido por el [&hellip;]<\/p>\n","protected":false},"author":1,"featured_media":142175,"comment_status":"closed","ping_status":"closed","sticky":false,"template":"","format":"standard","meta":[],"categories":[24],"tags":[],"_links":{"self":[{"href":"http:\/\/cordobadirecto.com\/index.php\/wp-json\/wp\/v2\/posts\/142174"}],"collection":[{"href":"http:\/\/cordobadirecto.com\/index.php\/wp-json\/wp\/v2\/posts"}],"about":[{"href":"http:\/\/cordobadirecto.com\/index.php\/wp-json\/wp\/v2\/types\/post"}],"author":[{"embeddable":true,"href":"http:\/\/cordobadirecto.com\/index.php\/wp-json\/wp\/v2\/users\/1"}],"replies":[{"embeddable":true,"href":"http:\/\/cordobadirecto.com\/index.php\/wp-json\/wp\/v2\/comments?post=142174"}],"version-history":[{"count":0,"href":"http:\/\/cordobadirecto.com\/index.php\/wp-json\/wp\/v2\/posts\/142174\/revisions"}],"wp:featuredmedia":[{"embeddable":true,"href":"http:\/\/cordobadirecto.com\/index.php\/wp-json\/wp\/v2\/media\/142175"}],"wp:attachment":[{"href":"http:\/\/cordobadirecto.com\/index.php\/wp-json\/wp\/v2\/media?parent=142174"}],"wp:term":[{"taxonomy":"category","embeddable":true,"href":"http:\/\/cordobadirecto.com\/index.php\/wp-json\/wp\/v2\/categories?post=142174"},{"taxonomy":"post_tag","embeddable":true,"href":"http:\/\/cordobadirecto.com\/index.php\/wp-json\/wp\/v2\/tags?post=142174"}],"curies":[{"name":"wp","href":"https:\/\/api.w.org\/{rel}","templated":true}]}}