{"id":142182,"date":"2023-11-03T20:18:11","date_gmt":"2023-11-03T20:18:11","guid":{"rendered":"https:\/\/cordoba.gob.ar\/?p=52737"},"modified":"2023-11-03T20:18:11","modified_gmt":"2023-11-03T20:18:11","slug":"economia-circular-se-compactaron-los-primeros-500-vehiculos-abandonados-en-el-deposito-municipal-de-barrio-san-martin","status":"publish","type":"post","link":"http:\/\/cordobadirecto.com\/index.php\/2023\/11\/03\/economia-circular-se-compactaron-los-primeros-500-vehiculos-abandonados-en-el-deposito-municipal-de-barrio-san-martin\/","title":{"rendered":"Econom\u00eda circular: se compactaron los primeros 500 veh\u00edculos abandonados en el dep\u00f3sito municipal de barrio San Mart\u00edn"},"content":{"rendered":"<div><img src=\"http:\/\/cordobadirecto.com\/wp-content\/uploads\/2023\/11\/economia-circular-se-compactaron-los-primeros-500-vehiculos-abandonados-en-el-deposito-municipal-de-barrio-san-martin.jpg\" class=\"ff-og-image-inserted\"><\/div>\n<ul>\n<li><strong>Se trata de 120 motos y 405 autom\u00f3viles que por su estado general eran irrecuperables.<\/strong><\/li>\n<li><strong>Los hierros recuperados ser\u00e1n utilizados por la industria sider\u00fargica, insert\u00e1ndose como insumos de la econom\u00eda circular.<\/strong><\/li>\n<li><strong>La medida se da en el marco de la ordenanza 13.001, sancionada en 2020, que habilit\u00f3 la compactaci\u00f3n y disposici\u00f3n final de los veh\u00edculos en dep\u00f3sitos de la ciudad.<\/strong><\/li>\n<\/ul>\n<p>La Municipalidad de C\u00f3rdoba avanza en el proceso de eliminaci\u00f3n de chatarra y ya compact\u00f3 los primeros 525 veh\u00edculos abandonados en el dep\u00f3sito n\u00famero 19, en barrio San Mart\u00edn. Se trata de autos y motos cuyos hierros ser\u00e1n recuperados para la industria sider\u00fargica, transform\u00e1ndose en nuevos recursos de la econom\u00eda circular.<\/p>\n<p>Este dep\u00f3sito funciona en el predio de la excervecer\u00eda R\u00edo Segundo, ubicado en calle Jos\u00e9 Mar\u00eda Gal\u00e1n 715 y contiene 2.253 veh\u00edculos. Casi una cuarta parte de ellos ya est\u00e1 compactada, liberando espacio en el lugar de cuatro hect\u00e1reas de superficie.<\/p>\n<p>Considerando los otros dos dep\u00f3sitos municipales, en total existen 3.546 veh\u00edculos abandonados hace a\u00f1os que ser\u00e1n compactados y pasados a disposici\u00f3n final como chatarra.<\/p>\n<p>La iniciativa no representa costo alguno para el municipio capitalino. La empresa encargada de los trabajos cubre todos los gastos y comercializar\u00e1 los materiales reciclables que obtenga en el proceso. A su vez, abonar\u00e1 al Estado municipal el canon establecido oportunamente en subasta electr\u00f3nica.<\/p>\n<p>La medida se da en el marco de la ordenanza 13.001, sancionada en 2020, que habilit\u00f3 la compactaci\u00f3n y disposici\u00f3n final de los veh\u00edculos en dep\u00f3sitos de la ciudad, seg\u00fan ciertos requisitos.<\/p>\n<p>La n\u00f3mina de los veh\u00edculos fueron oportunamente publicados por el Municipio y verificados previamente a su compactaci\u00f3n. De esta manera se evitan eventuales medidas judiciales u otras situaciones particulares sobre los mismos.<\/p>\n<p><strong>El proceso de compactaci\u00f3n<\/strong><\/p>\n<p>Antes de ser compactados, a los veh\u00edculos se les extraen bater\u00edas y los tubos de GNC. Los primeros para ser tratados como residuos peligros, mientras que los segundos son inutilizados con un corte por cuestiones de seguridad.<\/p>\n<p>Realizado este paso, la m\u00e1quina compactadora utiliza una pluma en forma de garra que toma el veh\u00edculo y lo deposita en la caja estanca de carga de 1,73 metros de ancho por 5,25 de largo.<\/p>\n<p>El prensado se realiza a trav\u00e9s de bombas hidr\u00e1ulicas que presionan con toneladas de potencia una tapa met\u00e1lica y una pala. Estas son las encargadas de la forma de cubo de chatarra a la que se reducen los veh\u00edculos.<\/p>\n<p>En paralelo se activa un sistema que recolecta l\u00edquidos del veh\u00edculo como agua, refrigerante y aceites, los cuales se conducen hasta un dep\u00f3sito especial para su tratamiento como residuos peligrosos.<\/p>\n<p>En aproximadamente 10 minutos, el veh\u00edculo sale de la caja de carga convertido en un bloque de 0,5 metros c\u00fabicos, que se apilan y luego son trasladados a las acer\u00edas encargadas de su fundici\u00f3n.<\/p>\n","protected":false},"excerpt":{"rendered":"<p>Se trata de 120 motos y 405 autom\u00f3viles que por su estado general eran irrecuperables. Los hierros recuperados ser\u00e1n utilizados por la industria sider\u00fargica, insert\u00e1ndose como insumos de la econom\u00eda circular. La medida se da en el marco de la ordenanza 13.001, sancionada en 2020, que habilit\u00f3 la compactaci\u00f3n y disposici\u00f3n final de los veh\u00edculos [&hellip;]<\/p>\n","protected":false},"author":1,"featured_media":142183,"comment_status":"closed","ping_status":"closed","sticky":false,"template":"","format":"standard","meta":[],"categories":[44],"tags":[],"_links":{"self":[{"href":"http:\/\/cordobadirecto.com\/index.php\/wp-json\/wp\/v2\/posts\/142182"}],"collection":[{"href":"http:\/\/cordobadirecto.com\/index.php\/wp-json\/wp\/v2\/posts"}],"about":[{"href":"http:\/\/cordobadirecto.com\/index.php\/wp-json\/wp\/v2\/types\/post"}],"author":[{"embeddable":true,"href":"http:\/\/cordobadirecto.com\/index.php\/wp-json\/wp\/v2\/users\/1"}],"replies":[{"embeddable":true,"href":"http:\/\/cordobadirecto.com\/index.php\/wp-json\/wp\/v2\/comments?post=142182"}],"version-history":[{"count":0,"href":"http:\/\/cordobadirecto.com\/index.php\/wp-json\/wp\/v2\/posts\/142182\/revisions"}],"wp:featuredmedia":[{"embeddable":true,"href":"http:\/\/cordobadirecto.com\/index.php\/wp-json\/wp\/v2\/media\/142183"}],"wp:attachment":[{"href":"http:\/\/cordobadirecto.com\/index.php\/wp-json\/wp\/v2\/media?parent=142182"}],"wp:term":[{"taxonomy":"category","embeddable":true,"href":"http:\/\/cordobadirecto.com\/index.php\/wp-json\/wp\/v2\/categories?post=142182"},{"taxonomy":"post_tag","embeddable":true,"href":"http:\/\/cordobadirecto.com\/index.php\/wp-json\/wp\/v2\/tags?post=142182"}],"curies":[{"name":"wp","href":"https:\/\/api.w.org\/{rel}","templated":true}]}}