{"id":142188,"date":"2023-11-03T07:10:00","date_gmt":"2023-11-03T07:10:00","guid":{"rendered":"https:\/\/lmdiario.com.ar\/contenido\/430541\/david-lebon-herencia-y-legado-soy-musico-no-artista"},"modified":"2023-11-03T07:10:00","modified_gmt":"2023-11-03T07:10:00","slug":"david-lebon-herencia-y-legado-soy-musico-no-artista","status":"publish","type":"post","link":"http:\/\/cordobadirecto.com\/index.php\/2023\/11\/03\/david-lebon-herencia-y-legado-soy-musico-no-artista\/","title":{"rendered":"David Leb\u00f3n, herencia y legado: \u201cSoy m\u00fasico, no artista\u201d"},"content":{"rendered":"<p><style><!-- \/*---[Etiquetas(temas)]---*\/ a.fullpost__etiqueta { padding: 5px 10px 4px 10px; border: solid 1px #dbdbdb; border-radius: 5px; margin-bottom: 15px;\n} \/*---[Estilos Encabezados]---*\/ .fullpost__cuerpo h1, h2, h3, h4, h5, h6 { font-family: 'Bitter', serif; line-height: 1.4em; } --><\/style>\n<\/p>\n<div readability=\"227\">\n<p><a href=\"https:\/\/lmdiario.com.ar\/tema\/5313\/edicion-impresa\" target=\"_self\" rel=\"noopener\"><img loading=\"lazy\" alt=\"chapa_ed_impresa_01 \" class=\"img-responsive lazyload\" data-src=\"http:\/\/cordobadirecto.com\/wp-content\/uploads\/2023\/11\/david-lebon-herencia-y-legado-soy-musico-no-artista.png\" height=\"22\" src=\"data:,\" title=\"Ed. Impresa_01\" width=\"140\"><\/a> &nbsp;<span><strong><em><\/em><\/strong><\/span>&nbsp;<\/p>\n<p><span><strong><em>Especial para La Nueva Ma\u00f1ana<\/em><\/strong><\/span><\/p>\n<p>ENTREVISTA<\/p>\n<p>Un pr\u00f3cer, un sobreviviente, uno de los \u00faltimos que quedan de la generaci\u00f3n dorada del rock argentino de los setentas, ochentas y noventas. El hombre que estuvo con todos y toc\u00f3 con todos, sobre todo con los \u201cgrandes\u201d, mote que a \u00e9l le cabe perfectamente, como lo de integrar el \u201cOlimpo de los sagrados\u201d, donde ya tiene un lugar asignado. Eximio guitarrista que lleg\u00f3 a forjar su propio sonido e impronta y sin dudas entre los cinco mejores de nuestra historia, y due\u00f1o de una voz tan singular como dulce y aterciopelada; todos se peleaban por tenerlo en sus filas. Con Pappo comparti\u00f3 el primer Pappo\u2019s Blues; con Luis Alberto Spinetta, Pescado Rabioso y con Charly Garc\u00eda tocaron juntos en la mejor banda de la historia del rock argentino como fue Ser\u00fa Gir\u00e1n. Paralelamente, desarroll\u00f3 una magn\u00edfica carrera solista que ya tiene 50 a\u00f1os. En ese marco, su nuevo proyecto se denomina simplemente \u201cHerencia Leb\u00f3n\u201d.<\/p>\n<h3>Cl\u00e1sicos que no se olvidan<\/h3>\n<p>Hace 50 a\u00f1os, David Leb\u00f3n lanzaba su primer \u00e1lbum solista (\u201cDavid Leb\u00f3n\u201d, 1973). Mucha m\u00fasica que Leb\u00f3n hered\u00f3 para construir su propio \u201cmundo agradable\u201d de arte. A la vez que las nuevas generaciones heredan la m\u00fasica que fue la banda de sonido de nuestras vidas, con canciones como \u201cDespi\u00e9rtate nena\u201d, \u201cSeminare\u201d, \u201cEsperando nacer\u201d, \u201cCu\u00e1nto tiempo m\u00e1s llevar\u00e1\u201d, \u201cMundo agradable\u201d, o \u201cEl tiempo es veloz\u201d.<\/p>\n<p>Bajo este concepto, Herencia Leb\u00f3n, David con su banda grab\u00f3 un show de seis temas que se conocieron en dos tandas. La primera parte del proyecto audiovisual comienza con \u201cNoche de perros\u201d, de Ser\u00fa Gir\u00e1n, sigue con \u201cSin vos voy a estallar\u201d de \u201cEl tiempo es veloz\u201d, y cierra con \u201cDespi\u00e9rtate Nena\u201d, de Pescado Rabioso, con Baltazar Comotto como invitado.<\/p>\n<p>David Leb\u00f3n est\u00e1 muy bien, en paz consigo mismo, en un momento espiritualmente alto, exhala positivismo y buena onda, y esa vibra es la que se percibe cuando recibe a La Nueva Ma\u00f1ana para hablar de esto y de mucho m\u00e1s.<\/p>\n<p><em><strong>-\u00bfC\u00f3mo nace el concepto y la idea del \u201cHerencia Leb\u00f3n\u201d?<\/strong><\/em><\/p>\n<p>-Esto de Herencia Leb\u00f3n es una idea de Patricia, mi mujer y manager; es una idea de ella de llamar a esto \u201cherencia\u201d. Hace poco naci\u00f3 mi noveno nieto, y por otro lado hace poco se fue uno de mis hijos, Tyda, que lo extra\u00f1o con toda mi alma, y no voy a llorar m\u00e1s porque lo tengo ac\u00e1 (se toca el pecho del lado del coraz\u00f3n) muy adentro m\u00edo, y un maestro gran amigo m\u00edo me dec\u00eda: \u201ccuando quieras acordarte de alguien que ya no est\u00e1, est\u00e1 bien que llores, pero metete ah\u00ed, adentro, que te est\u00e1 esperando\u201d. Hoy me acord\u00e9 de Tyda mucho (la hija que falleci\u00f3 el a\u00f1o pasado), y me acord\u00e9 de mi nieto tambi\u00e9n, porque por ejemplo yo tengo en mi tel\u00e9fono&#8230; (se acerca a la mesita que tiene al lado, lo busca y lo muestra), ac\u00e1 la tengo como fondo de pantalla a Antonia, mi nieta, que est\u00e1 meditando, y ella medita para que yo toque bien, porque hay veces que no estoy bien, que vengo enfermo, mal de la voz, etc., y de golpe no s\u00e9, llega la divinidad, como que me dice \u201cvos correte, calmate, dejame a m\u00ed\u201d, y cuando sale de adentro es imposible no cantar, no tocar, es imposible no ser respetuoso.<\/p>\n<p><em><strong>&#8211; Si hablamos de los que no est\u00e1n, \u00bfesta \u201cherencia\u201d tambi\u00e9n incluye a Pappo, Luis (Spinetta), Oscar Moro&#8230;?<\/strong><\/em><\/p>\n<p>-Esto viene de mi mam\u00e1, que estuvo en la Segunda Guerra Mundial, y ella me ayud\u00f3 para ser lo que soy ahora, soy un mont\u00f3n de cosas, pero lo que m\u00e1s soy es m\u00fasico, no artista, m\u00fasico. Artistas son los pintores, escultores, los que bailan, sin faltarles el respeto \u2013ojo-, pero no me gusta que me digan \u201cartista\u201d, yo soy \u201cm\u00fasico\u201d. Tampoco me gusta que me digan \u201cgrande rey!\u201d&#8230; \u00bfRey de qu\u00e9? (risas), amo a la gente, y es algo que me viene de mi vieja, mi abuela, mi hermana, mis perros, me ense\u00f1aron esto de ser amoroso, y tambi\u00e9n de decir las cosas cuando las tengo que decir.<\/p>\n<p><em><strong>-\u00bfHay pr\u00f3ximo disco a corto plazo?<\/strong><\/em><\/p>\n<p>-Estoy trabajando en algo, no s\u00e9 si decirlo, pero quiero grabar un disco con canciones en ingl\u00e9s, porque toda mi infancia la viv\u00ed all\u00e1, en EE.UU., y a los Beatles los conoc\u00ed all\u00e1, y aprend\u00ed a tocar all\u00e1. Yo discut\u00eda con mi profesor y le dec\u00eda que \u201c2 y 2\u201d tiene que ser \u201c22\u201d, y hoy todos tendr\u00edamos m\u00e1s plata (risas). Hay conceptos, \u00bfviste?, si vos pod\u00e9s cambiar de corte de pelo, o pod\u00e9s cambiar el auto, o pod\u00e9s cambiar la ropa, o pod\u00e9s cambiar la planta de lugar, \u00bfpor qu\u00e9 no pod\u00e9s cambiar la matem\u00e1tica? \u00bfPor qu\u00e9 no? Tendr\u00edamos m\u00e1s plata!&nbsp;<\/p>\n<p><img loading=\"lazy\" alt=\"david-lebon-2023\" class=\"img-responsive lazyload\" data-src=\"http:\/\/cordobadirecto.com\/wp-content\/uploads\/2023\/11\/david-lebon-herencia-y-legado-soy-musico-no-artista.webp\" data-srcset=\"\/download\/multimedia.normal.bd3cb68478fc52af.ZGF2aWQtbGVib24tMjAyM19ub3JtYWwud2VicA%3D%3D.webp 1000w, \/download\/multimedia.miniatura.9dc541d4f2b0445f.ZGF2aWQtbGVib24tMjAyM19taW5pYXR1cmEud2VicA%3D%3D.webp 400w\" height=\"667\" src=\"data:,\" width=\"1000\"><\/p>\n<h3>Con los ojos cerrados, me ves mejor<\/h3>\n<p>Esto es David hoy, un hombre de 71 a\u00f1os que disfruta cada segundo de la vida, un abuelo feliz, un padre orgulloso, enamorado de su pareja, alguien que da gracias todas las ma\u00f1anas a la vida por seguir respirando, y que respeta al p\u00fablico y a su legado. Due\u00f1o de una obra monumental, en los \u00faltimos a\u00f1os se dedic\u00f3 a revisionar toda su carrera, como ahora con este \u201cHerencia Leb\u00f3n\u201d, pero desde hace un tiempo con los dos vol\u00famenes de \u201cLeb\u00f3n &amp; Co.\u201d, dos discos de grandes \u00e9xitos, donde a cada canci\u00f3n la comparti\u00f3 con un invitado de lujo. Es as\u00ed que pasaron desde Julieta Venegas, Skay, Vicentico, Charly Garc\u00eda, Pedro Aznar, Coti, Fito Paez, Andr\u00e9s Calamaro, y un largo etc.<\/p>\n<p><em><strong>&#8211; \u00bfCre\u00e9s que ese \u201cLeb\u00f3n &amp; Co.\u201d te devolvi\u00f3 a los primeros planos? Da la impresi\u00f3n de que s\u00ed, ganaste un par de premios importantes como el \u201cGardel de Oro\u201d en el 2020, o temas tuyos que estaban un poco olvidados, con los invitados y dem\u00e1s, dio la impresi\u00f3n que reflotaron. \u00bfLe deb\u00e9s mucho al \u201cLeb\u00f3n &amp; Co.\u201d?<\/strong><\/em><\/p>\n<p>-Vos sabes que ese proyecto me pareci\u00f3 m\u00e1gico, y lo digo desde la conveniencia. Algo est\u00e1 pasando con nuestras vidas, la m\u00eda en este caso, estamos hablando de m\u00ed, perd\u00f3n, pero es para todos. Estamos cambiando, a veces no nos damos cuenta porque estamos muy adentro de nuestras cabezas, no estamos tanto ac\u00e1 (se golpea el pecho); o sea, al ruido de afuera lo arregl\u00e1s con un par de tapones en los o\u00eddos y listo, pero el ruido de la cabeza, de adentro, \u00bfc\u00f3mo lo par\u00e1s? Entonces nada, hay f\u00f3rmulas, cerrar los ojos, ir para dentro y respirar, y la respiraci\u00f3n es la mina de oro m\u00e1s grande que hay en el universo, no hay m\u00e1s oro que eso, el hecho que vos te vayas a dormir, y te despiertes al otro d\u00eda a la ma\u00f1ana vivo. \u00bfQui\u00e9n respir\u00f3 por vos? \u00bfD\u00f3nde estuviste? A veces tengo pesadillas, y digo \u00bfpor qu\u00e9 no tuve un sue\u00f1o de sexo, por ejemplo? (risas). Estoy muy feliz.<\/p>\n<p>&nbsp;&nbsp;<\/p>\n<table>\n<tbody>\n<tr>\n<td><a href=\"https:\/\/lmdiario.com.ar\/tema\/5313\/edicion-impresa\" rel=\"noopener\" target=\"_blank\"><img loading=\"lazy\" alt=\"Edici\u00f3n Impresa Nro.: 335\" class=\"img-responsive lazyload\" data-src=\"http:\/\/cordobadirecto.com\/wp-content\/uploads\/2023\/11\/david-lebon-herencia-y-legado-soy-musico-no-artista-1.webp\" height=\"262\" src=\"data:,\" width=\"200\"><\/a><\/td>\n<\/tr>\n<\/tbody>\n<\/table>\n<hr>\n<p><strong><em>Segu\u00ed el desarrollo de esta noticia y otras m\u00e1s&nbsp;<br \/>en la edici\u00f3n impresa de La Nueva Ma\u00f1ana<\/em><\/strong>&nbsp;<br \/><span><em>[&nbsp;<span>Todos los <\/span><\/em><\/span><span><em><span>viernes en tu kiosco&nbsp;<\/span>]<\/em><\/span><\/p>\n<hr>\n<\/div>\n","protected":false},"excerpt":{"rendered":"<p>&nbsp;&nbsp; Especial para La Nueva Ma\u00f1ana ENTREVISTA Un pr\u00f3cer, un sobreviviente, uno de los \u00faltimos que quedan de la generaci\u00f3n dorada del rock argentino de los setentas, ochentas y noventas. El hombre que estuvo con todos y toc\u00f3 con todos, sobre todo con los \u201cgrandes\u201d, mote que a \u00e9l le cabe perfectamente, como lo de [&hellip;]<\/p>\n","protected":false},"author":1,"featured_media":142189,"comment_status":"closed","ping_status":"closed","sticky":false,"template":"","format":"standard","meta":[],"categories":[20],"tags":[],"_links":{"self":[{"href":"http:\/\/cordobadirecto.com\/index.php\/wp-json\/wp\/v2\/posts\/142188"}],"collection":[{"href":"http:\/\/cordobadirecto.com\/index.php\/wp-json\/wp\/v2\/posts"}],"about":[{"href":"http:\/\/cordobadirecto.com\/index.php\/wp-json\/wp\/v2\/types\/post"}],"author":[{"embeddable":true,"href":"http:\/\/cordobadirecto.com\/index.php\/wp-json\/wp\/v2\/users\/1"}],"replies":[{"embeddable":true,"href":"http:\/\/cordobadirecto.com\/index.php\/wp-json\/wp\/v2\/comments?post=142188"}],"version-history":[{"count":0,"href":"http:\/\/cordobadirecto.com\/index.php\/wp-json\/wp\/v2\/posts\/142188\/revisions"}],"wp:featuredmedia":[{"embeddable":true,"href":"http:\/\/cordobadirecto.com\/index.php\/wp-json\/wp\/v2\/media\/142189"}],"wp:attachment":[{"href":"http:\/\/cordobadirecto.com\/index.php\/wp-json\/wp\/v2\/media?parent=142188"}],"wp:term":[{"taxonomy":"category","embeddable":true,"href":"http:\/\/cordobadirecto.com\/index.php\/wp-json\/wp\/v2\/categories?post=142188"},{"taxonomy":"post_tag","embeddable":true,"href":"http:\/\/cordobadirecto.com\/index.php\/wp-json\/wp\/v2\/tags?post=142188"}],"curies":[{"name":"wp","href":"https:\/\/api.w.org\/{rel}","templated":true}]}}