{"id":142258,"date":"2023-11-03T20:47:50","date_gmt":"2023-11-03T20:47:50","guid":{"rendered":"https:\/\/www.ole.com.ar\/autos\/formula1-verstappen-pole-qualy-gp-brasil_0_HsOnogoqJm.html"},"modified":"2023-11-03T20:47:50","modified_gmt":"2023-11-03T20:47:50","slug":"verstappen-hizo-la-pole-en-brasil-en-un-final-bajo-la-lluvia","status":"publish","type":"post","link":"http:\/\/cordobadirecto.com\/index.php\/2023\/11\/03\/verstappen-hizo-la-pole-en-brasil-en-un-final-bajo-la-lluvia\/","title":{"rendered":"Verstappen hizo la pole en Brasil, en un final bajo la lluvia"},"content":{"rendered":"<p><time class=\"createDate\" datetime=\"2023-11-03T17:47:50-03:00\">03\/11\/2023 17:47hs.<\/time><time class=\"modificatedDate\" datetime=\"2023-11-03T17:47:49-03:00\"><\/time><\/p>\n<div id=\"storyBody\">\n<div class=\"custom-text \" readability=\"39.035928143713\">\n<p>La <strong><a href=\"https:\/\/www.ole.com.ar\/tema\/formula-1.html\" title=\"F\u00f3rmula 1\" alt=\"F\u00f3rmula 1\" class=\"slug\">F\u00f3rmula 1<\/a><\/strong> empez\u00f3 con la actividad de la 21\u00aa fecha del campeonato en el Aut\u00f3dromo Jos\u00e9 Carlos Pace, m\u00e1s conocido como circuito de Interlagos, para el Gran Premio de San Pablo en Brasil. En la clasificaci\u00f3n para la carrera final, <strong><a href=\"https:\/\/www.ole.com.ar\/tema\/max-verstappen.html\" title=\"Max Verstappen\" alt=\"Max Verstappen\" class=\"slug\">Max Verstappen <\/a><\/strong>termin\u00f3 con el mejor tiempo y nuevamente gan\u00f3 la pole. En una oscura jornada bajo la oscuridad de las nubes y las lluvias llev\u00f3 a que se muestre la bandera roja, indicando que se terminaba la qualy a falta de cuatro minutos con accidentes por medio que ayudaron a tomar la decisi\u00f3n. El neerland\u00e9s, ya tricampe\u00f3n de la M\u00e1xima junto a <a href=\"https:\/\/www.ole.com.ar\/tema\/red-bull.html\" title=\"Red Bull\" alt=\"Red Bull\" class=\"slug\">Red Bull<\/a>, buscar\u00e1 ampliar el r\u00e9cord de victorias en una \u00fanica temporada.<\/p>\n<\/div>\n<div class=\"custom-text \" readability=\"43\">\n<p>La jornada comenz\u00f3 con una sesi\u00f3n de entrenamientos libres, en la que Carlos Sainz hab\u00eda dejado una muy buena imagen y con Max lejos de los primeros tiempos, pero una vez empezada la clasificaci\u00f3n, todo cambi\u00f3. En la primera y segunda ronda, Verstappen fue escolta de los dos brit\u00e1nicos, primero de <strong>George Russell<\/strong>, que buscar\u00e1 repetir la victoria de 2022, y luego de Lando Norris, que le sac\u00f3 0s141 de ventaja en seis vueltas al campe\u00f3n.<\/p>\n<\/div>\n<div class=\"sc-e7b891c4-0 jPbnQF\"><img alt=\"Todos quieren ver a Verstappen.\" src=\"http:\/\/cordobadirecto.com\/wp-content\/uploads\/2023\/11\/verstappen-hizo-la-pole-en-brasil-en-un-final-bajo-la-lluvia.jpg\" width=\"720\" height=\"100\" decoding=\"async\" data-nimg=\"future\" loading=\"lazy\"><span class=\"epigraphe\">Todos quieren ver a Verstappen.<\/span><\/div>\n<div class=\"custom-text \" readability=\"35.307086614173\">\n<p>En la tercera y \u00faltima serie, Mad Max aceler\u00f3 a fondo y primero termin\u00f3. Con apenas tres vueltas. el piloto de la escuder\u00eda austr\u00edaca hizo un tiempo de 1m10s727, seguido de <strong><a href=\"https:\/\/www.ole.com.ar\/tema\/charles-leclerc.html\" title=\"Charles Leclerc\" alt=\"Charles Leclerc\" class=\"slug\">Charles Leclerc <\/a><\/strong>(+0s294) y <a href=\"https:\/\/www.ole.com.ar\/tema\/lance-stroll.html\" title=\"Lance Stroll\" alt=\"Lance Stroll\" class=\"slug\">Lance Stroll<\/a> (+0s617). Su coequiper Sergio P\u00e9rez no tuvo su mejor tarde y qued\u00f3 9\u00b0, al borde de la eliminaci\u00f3n en la primera ronda y detr\u00e1s de su compa\u00f1ero en la segunda.<\/p>\n<\/div>\n<div class=\"custom-text \" readability=\"41\">\n<p>&#8220;No sab\u00edamos cu\u00e1ndo iba a llegar esta lluvia, pero es de locos. Nuestras vueltas estuvieron bien, pero <strong>perdimos mucho tiempo por vuelta por el viento<\/strong>, y el \u00faltimo giro tuvo mucho tr\u00e1fico. Todo va a estar muy apretado, ya lo vimos en la clasificaci\u00f3n, y va a haber mucha degradaci\u00f3n&#8221;, asegur\u00f3 el ya campe\u00f3n de la tabla de pilotos luego de la fren\u00e9tica jornada en San Pablo.<\/p>\n<\/div>\n<p><h2>Interlagos 2030<\/h2>\n<\/p>\n<div class=\"custom-text \" readability=\"39\">\n<p>El circuito en el que se llevar\u00e1 a cabo una de las \u00faltimas tres fechas del campeonato renov\u00f3 su contrato con la M\u00e1xima y lo extendi\u00f3 por cinco a\u00f1os m\u00e1s, hasta <strong>2030, dado que le v\u00ednculo vigente expiraba en 2025. <\/strong>Stefano Domenicali, director ejecutivo de la F1, habl\u00f3 al respecto y dijo: &#8220;Estoy encantado de anunciar que nos quedaremos en Interlagos hasta 2030. Brasil re\u00fane todo lo bueno de las carreras y esperamos ver c\u00f3mo se desarrolla en los pr\u00f3ximos a\u00f1os para crear un experiencia a\u00fan mejor&#8221;.<\/p>\n<\/div>\n<div class=\"sc-e7b891c4-0 jPbnQF\"><img alt=\"Adriano le entreg\u00f3 el premio a Max por ganar la Pole.\" src=\"http:\/\/cordobadirecto.com\/wp-content\/uploads\/2023\/11\/verstappen-hizo-la-pole-en-brasil-en-un-final-bajo-la-lluvia-1.jpg\" width=\"720\" height=\"100\" decoding=\"async\" data-nimg=\"future\" loading=\"lazy\"><span class=\"epigraphe\">Adriano le entreg\u00f3 el premio a Max por ganar la Pole.<\/span><\/div>\n<p><h2>La lucha por el subcampeonato<\/h2>\n<\/p>\n<div class=\"custom-text \" readability=\"36\">\n<p>La M\u00e1xima se encuentra en el sur del continente luego de la fecha <strong>M\u00e9xico<\/strong>, en la que Checo no complet\u00f3 la carrera tras un golpazo en la primera curva de la carrera, que lo hizo abandonar y estirar la lucha por el subcampeonato.<\/p>\n<\/div>\n<div class=\"sc-e7b891c4-0 jPbnQF\"><img alt=\"Checo empez\u00f3 mal y remont\u00f3.\" src=\"http:\/\/cordobadirecto.com\/wp-content\/uploads\/2023\/11\/verstappen-hizo-la-pole-en-brasil-en-un-final-bajo-la-lluvia-2.jpg\" width=\"720\" height=\"100\" decoding=\"async\" data-nimg=\"future\" loading=\"lazy\"><span class=\"epigraphe\">Checo empez\u00f3 mal y remont\u00f3.<\/span><\/div>\n<div class=\"custom-text \" readability=\"43\">\n<p>Tras la pesadilla en el Hermanos Rodr\u00edguez, el mexicano (240) tiene <strong>20 puntos <\/strong>de ventaja sobre Lewis Hamilton (220), que sali\u00f3 2\u00b0 en la \u00faltima carrera. Para asegurarse el subcampeonato, Checo deber\u00eda sumar 33 puntos m\u00e1s que el brit\u00e1nico, contando que este fin de semana hay 86 unidades en juego, con el <strong>sprint (26 de la carrera -25 por ser primero, 1 por la vuelta r\u00e1pida- y 8 en el sprint) <\/strong>de por medio. Con el primer o segundo puesto en la carrera previa y ganando el GP sumado a que el piloto de Mercedes no consiga puntos, P\u00e9rez llegar\u00eda a Las Vegas con el subcampeonato en su poder. Claro, parece dif\u00edcil.<\/p>\n<\/div>\n<p><h2>Hora y TV del cronograma del GP de Brasil de la F\u00f3rmula 1<\/h2>\n<\/p>\n<div class=\"custom-text \" readability=\"37\">\n<p>Con previsiones de lluvia para lo que resta del fin de semana (de las seis \u00faltimas ediciones, en cinco tuvo que salir el Safety Car por la lluvia), la acci\u00f3n en San Pablo continuar\u00e1 este s\u00e1bado a las 11 con el Sprint Shootout y el <strong>Sprint <\/strong>final a las 15.30. Ya el domingo ser\u00e1 la <strong>carrera <\/strong>final a partir de las 14 y todo ir\u00e1 con transmisi\u00f3n en vivo de Star+.<\/p>\n<\/div>\n<div class=\"sc-e7b891c4-0 jPbnQF\"><img alt=\"Se hizo de noche en San Pablo.\" src=\"http:\/\/cordobadirecto.com\/wp-content\/uploads\/2023\/11\/verstappen-hizo-la-pole-en-brasil-en-un-final-bajo-la-lluvia-3.jpg\" width=\"720\" height=\"100\" decoding=\"async\" data-nimg=\"future\" loading=\"lazy\"><span class=\"epigraphe\">Se hizo de noche en San Pablo.<\/span><\/div>\n<div class=\"sc-a7166897-0 exHLBh\" readability=\"6\">\n<section readability=\"2\"><picture><img alt=\"Colapinto y otro paso hacia la F\u00f3rmula 1: estar\u00e1 con Williams en el GP de Brasil\" src=\"http:\/\/cordobadirecto.com\/wp-content\/uploads\/2023\/11\/verstappen-hizo-la-pole-en-brasil-en-un-final-bajo-la-lluvia-4.jpg\" width=\"290\" height=\"290\" decoding=\"async\" data-nimg=\"future\" loading=\"lazy\"><\/picture>\n<p><span>Mir\u00e1 tambi\u00e9n<\/span><\/p>\n<hr>\n<h3>Colapinto y otro paso hacia la F\u00f3rmula 1: estar\u00e1 con Williams en el GP de Brasil<\/h3>\n<\/p>\n<\/section>\n<\/div>\n<div class=\"sc-a7166897-0 exHLBh\" readability=\"6\">\n<section readability=\"2\"><picture><img alt=\"El compa\u00f1ero de Canapino en la Indycar ser\u00e1 un ex F\u00f3rmula 1\" src=\"http:\/\/cordobadirecto.com\/wp-content\/uploads\/2023\/11\/verstappen-hizo-la-pole-en-brasil-en-un-final-bajo-la-lluvia-5.jpg\" width=\"290\" height=\"290\" decoding=\"async\" data-nimg=\"future\" loading=\"lazy\"><\/picture>\n<p><span>Mir\u00e1 tambi\u00e9n<\/span><\/p>\n<hr>\n<h3>El compa\u00f1ero de Canapino en la Indycar ser\u00e1 un ex F\u00f3rmula 1<\/h3>\n<\/p>\n<\/section>\n<\/div>\n<div class=\"sc-a7166897-0 exHLBh\" readability=\"6\">\n<section readability=\"2\"><picture><img alt=\"Hist\u00f3rico: Franco Colapinto se prueba en la F\u00f3rmula 1\" src=\"http:\/\/cordobadirecto.com\/wp-content\/uploads\/2023\/11\/verstappen-hizo-la-pole-en-brasil-en-un-final-bajo-la-lluvia-6.jpg\" width=\"290\" height=\"290\" decoding=\"async\" data-nimg=\"future\" loading=\"lazy\"><\/picture>\n<p><span>Mir\u00e1 tambi\u00e9n<\/span><\/p>\n<hr>\n<h3>Hist\u00f3rico: Franco Colapinto se prueba en la F\u00f3rmula 1<\/h3>\n<\/p>\n<\/section>\n<\/div>\n<\/div>\n","protected":false},"excerpt":{"rendered":"<p>03\/11\/2023 17:47hs. La F\u00f3rmula 1 empez\u00f3 con la actividad de la 21\u00aa fecha del campeonato en el Aut\u00f3dromo Jos\u00e9 Carlos Pace, m\u00e1s conocido como circuito de Interlagos, para el Gran Premio de San Pablo en Brasil. En la clasificaci\u00f3n para la carrera final, Max Verstappen termin\u00f3 con el mejor tiempo y nuevamente gan\u00f3 la pole. [&hellip;]<\/p>\n","protected":false},"author":1,"featured_media":142259,"comment_status":"closed","ping_status":"closed","sticky":false,"template":"","format":"standard","meta":[],"categories":[21],"tags":[],"_links":{"self":[{"href":"http:\/\/cordobadirecto.com\/index.php\/wp-json\/wp\/v2\/posts\/142258"}],"collection":[{"href":"http:\/\/cordobadirecto.com\/index.php\/wp-json\/wp\/v2\/posts"}],"about":[{"href":"http:\/\/cordobadirecto.com\/index.php\/wp-json\/wp\/v2\/types\/post"}],"author":[{"embeddable":true,"href":"http:\/\/cordobadirecto.com\/index.php\/wp-json\/wp\/v2\/users\/1"}],"replies":[{"embeddable":true,"href":"http:\/\/cordobadirecto.com\/index.php\/wp-json\/wp\/v2\/comments?post=142258"}],"version-history":[{"count":0,"href":"http:\/\/cordobadirecto.com\/index.php\/wp-json\/wp\/v2\/posts\/142258\/revisions"}],"wp:featuredmedia":[{"embeddable":true,"href":"http:\/\/cordobadirecto.com\/index.php\/wp-json\/wp\/v2\/media\/142259"}],"wp:attachment":[{"href":"http:\/\/cordobadirecto.com\/index.php\/wp-json\/wp\/v2\/media?parent=142258"}],"wp:term":[{"taxonomy":"category","embeddable":true,"href":"http:\/\/cordobadirecto.com\/index.php\/wp-json\/wp\/v2\/categories?post=142258"},{"taxonomy":"post_tag","embeddable":true,"href":"http:\/\/cordobadirecto.com\/index.php\/wp-json\/wp\/v2\/tags?post=142258"}],"curies":[{"name":"wp","href":"https:\/\/api.w.org\/{rel}","templated":true}]}}