{"id":142315,"date":"2023-11-03T18:18:27","date_gmt":"2023-11-03T18:18:27","guid":{"rendered":"https:\/\/cordoba.gob.ar\/?p=52711"},"modified":"2023-11-03T18:18:27","modified_gmt":"2023-11-03T18:18:27","slug":"sexualidad-y-discapacidad-estudiantes-concluyeron-el-taller-sobre-autocuidado","status":"publish","type":"post","link":"http:\/\/cordobadirecto.com\/index.php\/2023\/11\/03\/sexualidad-y-discapacidad-estudiantes-concluyeron-el-taller-sobre-autocuidado\/","title":{"rendered":"Sexualidad y discapacidad: estudiantes concluyeron el taller sobre autocuidado"},"content":{"rendered":"<div><img src=\"http:\/\/cordobadirecto.com\/wp-content\/uploads\/2023\/11\/sexualidad-y-discapacidad-estudiantes-concluyeron-el-taller-sobre-autocuidado.jpg\" class=\"ff-og-image-inserted\"><\/div>\n<ul>\n<li><strong>Se desarroll\u00f3 a lo largo de seis meses de manera complementaria para 15 alumnos con discapacidad que se encontraban realizando talleres art\u00edsticos y recreativos<\/strong><\/li>\n<li><strong>En cada encuentro se busc\u00f3 promover una sexualidad sana y responsable.<\/strong><\/li>\n<li><strong><strong>Las clases estuvieron a cargo de profesionales de la psicolog\u00eda y acompa\u00f1antes terap\u00e9uticos.<\/strong><\/strong><br \/>\n<hr>\n<\/li>\n<\/ul>\n<p>La Municipalidad de C\u00f3rdoba, a trav\u00e9s de la Direcci\u00f3n General de Discapacidad e Intervenci\u00f3n Social dependiente de la Secretar\u00eda de Pol\u00edticas Sociales, Inclusi\u00f3n y Convivencia, llev\u00f3 a cabo la entrega de certificados de asistencia a quienes completaron el taller de Sexualidad y Discapacidad.<\/p>\n<p>El espacio educativo naci\u00f3 luego que desde la Direcci\u00f3n General de Discapacidad se observ\u00f3 el escaso abordaje en relaci\u00f3n a la sexualidad de las personas con discapacidad.<\/p>\n<p>De este modo, se llev\u00f3 a cabo un taller de manera complementaria, para 15 alumnos que se encontraban realizando Talleres Art\u00edsticos y Recreativos. El objetivo fue promover en cada uno de ellos una sexualidad sana ,responsable y saludable, otorgando nuevas miradas sobre el tema y el autoconocimiento.<\/p>\n<p>A lo largo de seis meses, cada alumno pudo reflexionar y debatir sobre mitos y derechos acompa\u00f1ados por un equipo de profesionales en psicolog\u00eda y acompa\u00f1antes terap\u00e9uticos que les brindaron conocimientos sobre su sexualidad desde los derechos sexuales fundamentales para el ser humano.<\/p>\n<p>De esta manera, se abordaron temas como nuevas miradas y paradigmas sobre la sexualidad, sexualidad responsable y saludable, derechos sexuales, espacios de intimidad y reconocimiento y respeto del cuerpo.<\/p>\n<p>El \u00faltimo encuentro estuvo a cargo de Luis Kremer, m\u00e9dico Infect\u00f3logo, integrante del Programa Municipal de VIH e Infecciones de Transmisi\u00f3n Sexual de la Direcci\u00f3n de Medicina Preventiva Municipal, quien dirigi\u00f3 una charla para los alumnos y sus familiares<\/p>\n","protected":false},"excerpt":{"rendered":"<p>Se desarroll\u00f3 a lo largo de seis meses de manera complementaria para 15 alumnos con discapacidad que se encontraban realizando talleres art\u00edsticos y recreativos En cada encuentro se busc\u00f3 promover una sexualidad sana y responsable. Las clases estuvieron a cargo de profesionales de la psicolog\u00eda y acompa\u00f1antes terap\u00e9uticos. La Municipalidad de C\u00f3rdoba, a trav\u00e9s de [&hellip;]<\/p>\n","protected":false},"author":1,"featured_media":142316,"comment_status":"closed","ping_status":"closed","sticky":false,"template":"","format":"standard","meta":[],"categories":[44],"tags":[],"_links":{"self":[{"href":"http:\/\/cordobadirecto.com\/index.php\/wp-json\/wp\/v2\/posts\/142315"}],"collection":[{"href":"http:\/\/cordobadirecto.com\/index.php\/wp-json\/wp\/v2\/posts"}],"about":[{"href":"http:\/\/cordobadirecto.com\/index.php\/wp-json\/wp\/v2\/types\/post"}],"author":[{"embeddable":true,"href":"http:\/\/cordobadirecto.com\/index.php\/wp-json\/wp\/v2\/users\/1"}],"replies":[{"embeddable":true,"href":"http:\/\/cordobadirecto.com\/index.php\/wp-json\/wp\/v2\/comments?post=142315"}],"version-history":[{"count":0,"href":"http:\/\/cordobadirecto.com\/index.php\/wp-json\/wp\/v2\/posts\/142315\/revisions"}],"wp:featuredmedia":[{"embeddable":true,"href":"http:\/\/cordobadirecto.com\/index.php\/wp-json\/wp\/v2\/media\/142316"}],"wp:attachment":[{"href":"http:\/\/cordobadirecto.com\/index.php\/wp-json\/wp\/v2\/media?parent=142315"}],"wp:term":[{"taxonomy":"category","embeddable":true,"href":"http:\/\/cordobadirecto.com\/index.php\/wp-json\/wp\/v2\/categories?post=142315"},{"taxonomy":"post_tag","embeddable":true,"href":"http:\/\/cordobadirecto.com\/index.php\/wp-json\/wp\/v2\/tags?post=142315"}],"curies":[{"name":"wp","href":"https:\/\/api.w.org\/{rel}","templated":true}]}}