{"id":142399,"date":"2023-11-02T18:22:42","date_gmt":"2023-11-02T18:22:42","guid":{"rendered":"https:\/\/www.ole.com.ar\/autos\/franco-colapinto-formula-1-entrenamientos-williams-gp-brasil_0_4k5LzWHVHU.html"},"modified":"2023-11-02T18:22:42","modified_gmt":"2023-11-02T18:22:42","slug":"colapinto-y-otro-paso-hacia-la-formula-1-estara-con-williams-en-el-gp-de-brasil","status":"publish","type":"post","link":"http:\/\/cordobadirecto.com\/index.php\/2023\/11\/02\/colapinto-y-otro-paso-hacia-la-formula-1-estara-con-williams-en-el-gp-de-brasil\/","title":{"rendered":"Colapinto y otro paso hacia la F\u00f3rmula 1: estar\u00e1 con Williams en el GP de Brasil"},"content":{"rendered":"<p><time class=\"createDate\" datetime=\"2023-11-02T15:22:42-03:00\">02\/11\/2023 15:22hs.<\/time><time class=\"modificatedDate\" datetime=\"2023-11-02T15:22:42-03:00\"><\/time><\/p>\n<div id=\"storyBody\">\n<div class=\"custom-text \" readability=\"13.214659685864\">\n<p><strong><a href=\"https:\/\/www.ole.com.ar\/tema\/franco-colapinto.html\" title=\"Franco Colapinto\" alt=\"Franco Colapinto\" class=\"slug\">Franco Colapinto<\/a><\/strong> est\u00e1 haciendo historia para el automovilismo argentino. Hac\u00eda m\u00e1s de una d\u00e9cada y media que no hab\u00eda un piloto nacional tan cerca de la <strong><a href=\"https:\/\/www.ole.com.ar\/tema\/formula-1.html\" title=\"F\u00f3rmula 1\" alt=\"F\u00f3rmula 1\" class=\"slug\">F\u00f3rmula 1<\/a><\/strong>. Si bien su carrera viene dando los pasos esperados y <strong><a href=\"https:\/\/www.ole.com.ar\/autos\/franco-colapinto-f2-anuncio-automovilismo-mp-team_0_XUwX6Hz6WZ.html\" target=\"_blank\" title=\"el a\u00f1o pr\u00f3ximo participar\u00e1 de la F\u00f3rmula 2\" alt=\"el a\u00f1o pr\u00f3ximo participar\u00e1 de la F\u00f3rmula 2\" rel=\"noopener\">el a\u00f1o pr\u00f3ximo participar\u00e1 de la F\u00f3rmula 2<\/a><\/strong> (esta temporada qued\u00f3 cuarto en la F\u00f3rmula 3), <strong>Williams <\/strong>lo tiene muy bien considerado para el futuro. En ese sentido, lo invit\u00f3 a <strong><a href=\"https:\/\/www.ole.com.ar\/autos\/franco-colapinto-prueba-formula-1-f1_0_Ev9XSqw1un.html\" target=\"_blank\" title=\"ser parte del rookie test que se llevar\u00e1 a cabo en Abu Dhabi\" alt=\"ser parte del rookie test que se llevar\u00e1 a cabo en Abu Dhabi\" rel=\"noopener\">ser parte del rookie test que se llevar\u00e1 a cabo en Abu Dhabi<\/a><\/strong>, en la previa a la \u00faltima carrera de 2023. Sin embargo, eso no es todo, dado que el pilarense de 20 a\u00f1os lleg\u00f3 hoy a San Pablo para sumarse a la delegaci\u00f3n de la escuder\u00eda brit\u00e1nica, que participar\u00e1 durante todo el fin de semana del <strong>Gran Premio de Brasil<\/strong> en el m\u00edtico circuito de Interlagos.<\/p>\n<\/div>\n<div class=\"custom-text \" readability=\"14\">\n<p>&#8220;Buen d\u00eda a todos. Miren la S de Senna. Estoy muy feliz de estar en Intergalos, estoy disfrutando much\u00edsimo. Ya hemos caminado la pista junto a Logan (Sargent) y todo el equipo. <strong>Estoy muy feliz de que Williams me haya dado la posibilidad de ser parte de un Gran Premio junto a ellos<\/strong>. Tengo muchas ganas de que lleguen las carreras del s\u00e1bado y domingo. Estamos muy cerca de mi pa\u00eds, de Argentina. Quiero verlos este fin de semana y ojal\u00e1 termine de la mejor manera. Chau, chau&#8221;, dijo el argentino en un video posteado en las redes sociales de Williams.<\/p>\n<\/div>\n<div type=\"embed\" class=\"sc-7ce6049-0 dwIKul\">\n<div class=\"sc-7ce6049-1 bdcBBS videoText\" id=\"contentTitleembedw6oEU297\" type=\"embed\" readability=\"6\"><svg fill=\"#ffffff\"><symbol id=\"play\" viewBox=\"0 0 512 512\"><path d=\"M512 256C512 397.4 397.4 512 256 512C114.6 512 0 397.4 0 256C0 114.6 114.6 0 256 0C397.4 0 512 114.6 512 256zM176 168V344C176 352.7 180.7 360.7 188.3 364.9C195.8 369.2 205.1 369 212.5 364.5L356.5 276.5C363.6 272.1 368 264.4 368 256C368 247.6 363.6 239.9 356.5 235.5L212.5 147.5C205.1 142.1 195.8 142.8 188.3 147.1C180.7 151.3 176 159.3 176 168V168z\" \/><\/symbol><use xlink:href=\"#play\" \/><\/svg><\/p>\n<div class=\"right\" readability=\"7\">\n<p>Franco Colapinto<!-- --> &#8211;<!-- --> <span>2-11-2023<\/span><\/p>\n<h2 class=\"title-vid\">Franco Colapinto est\u00e1 en Brasil junto a Williams<\/h2>\n<\/div>\n<\/div>\n<p><span class=\"back\" id=\"spanBackembedw6oEU297\"><\/span><\/div>\n<p><h2><strong>El rendimiento de Colapinto en este 2023<\/strong><\/h2>\n<\/p>\n<div class=\"custom-text \" readability=\"14\">\n<p>Colapinto viene de cerrar un gran 2023 en su segunda temporada en la F3: <strong>finaliz\u00f3 en la cuarta posici\u00f3n<\/strong> (110 puntos, a 54 del campe\u00f3n, el brasile\u00f1o Gabriel Bortoleto), obteniendo dos victorias y cinco podios para MP. Un gran a\u00f1o en el que qued\u00f3 muy cerca de alcanzar el segundo lugar: tan solo lo separaron nueve unidades del brit\u00e1nico Zak O&#8217;Sullivan, del Prema Powerteam.<\/p>\n<\/div>\n<div class=\"sc-e7b891c4-0 jPbnQF\"><img alt=\"Colapinto probar\u00e1 un F1.\" src=\"http:\/\/cordobadirecto.com\/wp-content\/uploads\/2023\/11\/colapinto-y-otro-paso-hacia-la-formula-1-estara-con-williams-en-el-gp-de-brasil.jpg\" width=\"720\" height=\"100\" decoding=\"async\" data-nimg=\"future\" loading=\"lazy\"><span class=\"epigraphe\">Colapinto probar\u00e1 un F1.<\/span><\/div>\n<p><h2><strong>Hora y TV del GP de Brasil de la F1<\/strong><\/h2>\n<\/p>\n<div class=\"custom-text \" readability=\"16\">\n<p>Por la 21\u00aa fecha de la F\u00f3rmula 1 (luego vienen Las Vegas y Abu Dhabi para cerrar el a\u00f1o automovil\u00edstico), los 20 pilotos de la parrilla llegaron a Sudam\u00e9rica para correr en Interlagos, donde tantas veces se defini\u00f3 el t\u00edtulo. Ahora, con la corona ya puesta en la cabeza de Max Verstappen, habr\u00e1 otras cuestiones en juego como el segundo lugar, por el que pugnan Checo P\u00e9rez y Lewis Hamilton (240 vs. 220, respectivamente).<\/p>\n<\/div>\n<div class=\"custom-text \" readability=\"14\">\n<p>Este viernes habr\u00e1 un ensayo libre desde las 11.30 (hora de Argentina) y luego se celebrar\u00e1 la clasificaci\u00f3n para la final del domingo a las 15. El s\u00e1bado, a las 11, habr\u00e1 un Sprint shootout para ordenar la grilla de partida para el Sprint, que comenzar\u00e1 a las 15.30. Finalmente, la gran carrera ser\u00e1 el domingo a las 14. Toda la actividad se podr\u00e1 ver por Star+.<\/p>\n<\/div>\n<div class=\"sc-a7166897-0 exHLBh\" readability=\"6\">\n<section readability=\"2\"><picture><img alt=\"Hist\u00f3rico: Franco Colapinto se prueba en la F\u00f3rmula 1\" src=\"http:\/\/cordobadirecto.com\/wp-content\/uploads\/2023\/11\/colapinto-y-otro-paso-hacia-la-formula-1-estara-con-williams-en-el-gp-de-brasil-1.jpg\" width=\"290\" height=\"290\" decoding=\"async\" data-nimg=\"future\" loading=\"lazy\"><\/picture>\n<p><span>Mir\u00e1 tambi\u00e9n<\/span><\/p>\n<hr>\n<h3>Hist\u00f3rico: Franco Colapinto se prueba en la F\u00f3rmula 1<\/h3>\n<\/p>\n<\/section>\n<\/div>\n<div class=\"sc-a7166897-0 exHLBh\" readability=\"6\">\n<section readability=\"2\"><picture><img alt=\"Confirmado: \u00a1Franco Colapinto correr\u00e1 en la F2 en el 2024!\" src=\"http:\/\/cordobadirecto.com\/wp-content\/uploads\/2023\/11\/colapinto-y-otro-paso-hacia-la-formula-1-estara-con-williams-en-el-gp-de-brasil-2.jpg\" width=\"290\" height=\"290\" decoding=\"async\" data-nimg=\"future\" loading=\"lazy\"><\/picture>\n<p><span>Mir\u00e1 tambi\u00e9n<\/span><\/p>\n<hr>\n<h3>Confirmado: \u00a1Franco Colapinto correr\u00e1 en la F2 en el 2024!<\/h3>\n<\/p>\n<\/section>\n<\/div>\n<\/div>\n","protected":false},"excerpt":{"rendered":"<p>02\/11\/2023 15:22hs. Franco Colapinto est\u00e1 haciendo historia para el automovilismo argentino. Hac\u00eda m\u00e1s de una d\u00e9cada y media que no hab\u00eda un piloto nacional tan cerca de la F\u00f3rmula 1. Si bien su carrera viene dando los pasos esperados y el a\u00f1o pr\u00f3ximo participar\u00e1 de la F\u00f3rmula 2 (esta temporada qued\u00f3 cuarto en la F\u00f3rmula [&hellip;]<\/p>\n","protected":false},"author":1,"featured_media":142400,"comment_status":"closed","ping_status":"closed","sticky":false,"template":"","format":"standard","meta":[],"categories":[21],"tags":[],"_links":{"self":[{"href":"http:\/\/cordobadirecto.com\/index.php\/wp-json\/wp\/v2\/posts\/142399"}],"collection":[{"href":"http:\/\/cordobadirecto.com\/index.php\/wp-json\/wp\/v2\/posts"}],"about":[{"href":"http:\/\/cordobadirecto.com\/index.php\/wp-json\/wp\/v2\/types\/post"}],"author":[{"embeddable":true,"href":"http:\/\/cordobadirecto.com\/index.php\/wp-json\/wp\/v2\/users\/1"}],"replies":[{"embeddable":true,"href":"http:\/\/cordobadirecto.com\/index.php\/wp-json\/wp\/v2\/comments?post=142399"}],"version-history":[{"count":0,"href":"http:\/\/cordobadirecto.com\/index.php\/wp-json\/wp\/v2\/posts\/142399\/revisions"}],"wp:featuredmedia":[{"embeddable":true,"href":"http:\/\/cordobadirecto.com\/index.php\/wp-json\/wp\/v2\/media\/142400"}],"wp:attachment":[{"href":"http:\/\/cordobadirecto.com\/index.php\/wp-json\/wp\/v2\/media?parent=142399"}],"wp:term":[{"taxonomy":"category","embeddable":true,"href":"http:\/\/cordobadirecto.com\/index.php\/wp-json\/wp\/v2\/categories?post=142399"},{"taxonomy":"post_tag","embeddable":true,"href":"http:\/\/cordobadirecto.com\/index.php\/wp-json\/wp\/v2\/tags?post=142399"}],"curies":[{"name":"wp","href":"https:\/\/api.w.org\/{rel}","templated":true}]}}