{"id":142410,"date":"2023-11-03T15:28:24","date_gmt":"2023-11-03T15:28:24","guid":{"rendered":"https:\/\/cordoba.gob.ar\/?p=52701"},"modified":"2023-11-03T15:28:24","modified_gmt":"2023-11-03T15:28:24","slug":"noche-de-los-museos-2023-estos-son-los-espacios-municipales-que-forman-parte-de-la-propuesta","status":"publish","type":"post","link":"http:\/\/cordobadirecto.com\/index.php\/2023\/11\/03\/noche-de-los-museos-2023-estos-son-los-espacios-municipales-que-forman-parte-de-la-propuesta\/","title":{"rendered":"Noche de los Museos 2023: estos son los espacios municipales que forman parte de la propuesta"},"content":{"rendered":"<div><img src=\"http:\/\/cordobadirecto.com\/wp-content\/uploads\/2023\/11\/noche-de-los-museos-2023-estos-son-los-espacios-municipales-que-forman-parte-de-la-propuesta.jpg\" class=\"ff-og-image-inserted\"><\/div>\n<ul>\n<li><strong>El evento, que se llevar\u00e1 a cabo de 20 a 01 horas, ofrecer\u00e1 muestras art\u00edsticas, espect\u00e1culos musicales y visitas guiadas.<\/strong><\/li>\n<li><strong>El Teatro Comedia, el Museo Metropolitano de Arte Urbano y el Parque de la Biodiversidad algunas de las locaciones aportadas por el municipio capitalino.<\/strong><\/li>\n<li><strong>Habr\u00e1 transporte gratuito dentro del circuito que comprende las sedes del evento.<\/strong><\/li>\n<\/ul>\n<hr>\n<p>La ciudad vivir\u00e1 esta noche una nueva edici\u00f3n de la Noche de los Museos, que se llevar\u00e1 a cabo desde las 20 hasta las 01 horas.<\/p>\n<p>En el marco de los 450 a\u00f1os de la ciudad de C\u00f3rdoba y los 40 a\u00f1os de democracia, la Noche de los Museos se celebra como un evento que reconoce la riqueza y diversidad del patrimonio cordob\u00e9s.<\/p>\n<p>Bajo el lema \u201cCiudad y Democracia\u201d, esta iniciativa es coorganizada por la Municipalidad de C\u00f3rdoba, la Universidad Nacional de C\u00f3rdoba (UNC), la Agencia C\u00f3rdoba Cultura y numerosas instituciones locales.<\/p>\n<p>Durante la jornada habr\u00e1 muestras art\u00edsticas, espect\u00e1culos musicales y visitas guiadas, donde participar\u00e1n 19 espacios municipales y 8 invitados.<\/p>\n<p>En esta edici\u00f3n, se suman al circuito el reci\u00e9n inaugurado Teatro Comedia y el Museo Metropolitano de Arte Urbano (MMAU) ubicado en Plaza Espa\u00f1a. Tambi\u00e9n, espacios invitados como el Jockey Club y el Parque de la Biodiversidad.<\/p>\n<p>Otros de los espacios destacados son los museos: Genaro P\u00e9rez, MARCO, Juan de Tejeda, de la Industria, Iberoamericano de Artesan\u00edas (MIA), MUCI y la Cripta Jesu\u00edtica.<\/p>\n<p>A su vez, los centros culturales Teatro Comedia, Casa de Pepino, Espa\u00f1a C\u00f3rdoba (CCEC), Paseo de las Artes, Casona Municipal, la Sala Malicha, el Cabildo de C\u00f3rdoba y el Cineclub Municipal.<\/p>\n<p>El Jockey Club, sede centro; los museos Catalina de Mar\u00eda, escolar Madre Catalina y Fray Jos\u00e9 Le\u00f3n Torres, la Iglesia Sagrado Coraz\u00f3n de los Padres Capuchinos, la Pizzer\u00eda Don Luis, el Ministerio P\u00fablico Fiscal y Museo de la Cervecer\u00eda de C\u00f3rdoba y La Metro, Escuela de Dise\u00f1o y Comunicaci\u00f3n Audiovisual, son los espacios invitados para esta nueva edici\u00f3n.<\/p>\n<p>Los visitantes podr\u00e1n disfrutar de traslados gratuitos por todo el circuito que incluye museos y espacios, gracias a la colaboraci\u00f3n de la Secretar\u00eda de Transporte de la Municipalidad de C\u00f3rdoba y las empresas de transporte urbano,<\/p>\n<p>Se contar\u00e1 con dos salidas especiales de colectivos hacia el Museo Arco de C\u00f3rdoba (MARCO) saldr\u00e1 a las 21 hs desde la calle Montevideo esquina V\u00e9lez Sarsfield.<\/p>\n<p>Toda la informaci\u00f3n sobre las paradas y recorridos est\u00e1 disponible en el siguiente <a href=\"https:\/\/nochedelosmuseos.unc.edu.ar\/transporte\/\">link<\/a>.<\/p>\n<p><strong>Programaci\u00f3n de los espacios municipales<\/strong><\/p>\n<p><strong>Cabildo de C\u00f3rdoba \u2013 Museo de la Ciudad<\/strong><\/p>\n<p>Cabildo de C\u00f3rdoba, Independencia 30<\/p>\n<p>Instagram: municba<\/p>\n<p>20:00 a 01:00<\/p>\n<p>Viv\u00ed el Cabildo \u2013 Viv\u00ed el Patrimonio 450 a\u00f1os de historia.<\/p>\n<p>El Cabildo nuclear\u00e1 la programaci\u00f3n del Museo de la Ciudad (MUCI); intervenciones art\u00edsticas, m\u00fasica en vivo y m\u00e1s acciones para compartir. Por su parte, el Museo de la Ciudad convidar\u00e1 visitas patrimoniales e hist\u00f3ricas a trav\u00e9s de recorridos guiados\/acompa\u00f1adas a partir de las 21:00 (cada 30 minutos).<\/p>\n<p>Presentaci\u00f3n de la Banda Sinf\u00f3nica Municipal<br \/>Milonga \u2013 Patio de Tango<br \/>Presentaci\u00f3n del Ensamble Municipal de M\u00fasica Ciudadana<br \/>DJ Teby<br \/>Coro \u201cEl Tropel\u201d \u2013 Colegio de Kinesi\u00f3logos y Fisioterapeutas de C\u00f3rdoba<br \/>Muestra \u201cEl cuero del vac\u00edo\u201d \u2013 Morfolog\u00eda 2B \u2013 Facultad de Arquitectura Urbanismo y Dise\u00f1o UNC<br \/>Realidad Virtual: \u201cC\u00f3rdoba Virtual\u201d<br \/>Cambio de Guardia de Honor<br \/>Tienda Creativa<\/p>\n<p><strong>Museo Genaro P\u00e9rez<\/strong><\/p>\n<p>General Paz 33<\/p>\n<p>IG museo.genaroperez<\/p>\n<p>FB museo.genaroperez<\/p>\n<p>TW MGenaroPerez<\/p>\n<p>Web museogenaroperez.wordpress.com<\/p>\n<p>Programaci\u00f3n: https:\/\/linktr.ee\/museo.genaroperez<\/p>\n<p>20:00 a 01:00<\/p>\n<p>El Museo presentar\u00e1 la muestra de artes visuales por su aniversario 80, titulada \u201cPrimuras de un Jard\u00edn Desmesurado\u201d.<\/p>\n<p>Centrada exclusivamente en su Colecci\u00f3n Permanente, las 12 salas del museo contienen en su interior 600 obras, creando una experiencia integral de contemplaci\u00f3n.<\/p>\n<p>La exposici\u00f3n ha sido pensada bajo la consigna simple y potente de mostrar en simult\u00e1neo la mayor cantidad de obras de su colecci\u00f3n. Obras desconocidas u obras relegadas, obras famosas y obras maestras, obras de todas las disciplinas y edades.<\/p>\n<p>Acompa\u00f1an esta muestra dos proyectos nuevos del museo. Por un lado, una sala dedicada a la historia del museo como instituci\u00f3n. Por el otro, al final del recorrido, nos encontraremos con una exposici\u00f3n sobre el trabajo de restauraci\u00f3n y conservaci\u00f3n de obras de arte que lleva adelante el CCRIyB D. Biffarella del MGP.<\/p>\n<p><strong>Museo Obispo Jos\u00e9 Antonio de San Alberto<\/strong><\/p>\n<p>Obispo Trejo 194<\/p>\n<p>museosanalberto@gmail.com<\/p>\n<p>Facebook: Museo San Alberto \/ Jos\u00e9 Antonio de San Alberto<\/p>\n<p>Instagram: museosanalberto<\/p>\n<p>20:00 a 00:00<\/p>\n<p>El Museo San Alberto invita a espiar las salas de una casa-museo, un espacio a\u00fan habitado que desde los inicios de C\u00f3rdoba aparece ligado a la educaci\u00f3n: en principio como Convictorio Nuestra Se\u00f1ora de Monserrat y luego como Colegio Santa Teresa de Jes\u00fas. Se recorrer\u00e1n los patios del museo destacando momentos y detalles \u00fanicos de su colecci\u00f3n.<\/p>\n<p>Tambi\u00e9n convidar\u00e1 a las 20:30 con la actuaci\u00f3n del Coro del C\u00edrculo Trentino de C\u00f3rdoba; visitas guiadas espont\u00e1neas de 20:00 a 23:30 caracterizados por los personajes que transitaron la casa en las distintas \u00e9pocas; y un juego de adivinanzas \u201cOro parece, plata no es\u201d para disfrutar en familia.<\/p>\n<p><strong>Museo de sitio Cripta Jesu\u00edtica del Antiguo Noviciado<\/strong><\/p>\n<p>Av. Col\u00f3n 100 (esq. Rivera Indarte)<\/p>\n<p>www.criptajesuitica.wordpress.com<\/p>\n<p>criptajesuitica@gmail.com<\/p>\n<p>Instagram: @lacriptajesuitica<\/p>\n<p>20:00 a 01:00<\/p>\n<p>M\u00edstica y atrapante, la Cripta Jesu\u00edtica del Noviciado Viejo condensa en sus antiguos muros soterrados varios cap\u00edtulos de la historia de C\u00f3rdoba, abarcando el devenir de la ciudad desde 1700 hasta nuestros d\u00edas.<\/p>\n<p>De manera fortuita, en 1989, un tendido de redes telef\u00f3nicas subterr\u00e1neas la rescat\u00f3 del olvido en la memoria ciudadana al descubrir vestigios de una de sus murallas\u2026 Hoy, m\u00e1s de 30 a\u00f1os despu\u00e9s, descender las escaleras y transitar hacia sus profundidades, le permite al visitante la posibilidad de despojarse de lo cotidiano y ser abrazado por el h\u00famedo silencio que contrasta con el bullicio de una de las esquinas m\u00e1s transitadas de la urbe. Se podr\u00e1 recorrer a trav\u00e9s de visitas guiadas.<\/p>\n<p><strong>Cineclub Municipal<\/strong><\/p>\n<p>Bv. San Juan 49<\/p>\n<p>IG: @cineclubmunicipal_<\/p>\n<p>Facebook: @cineclubmunicipal<\/p>\n<p>TW: @cineclubmuni<\/p>\n<p>20:30<\/p>\n<p>Funci\u00f3n Especial \u00a1Qu\u00e9menlos!<\/p>\n<p>(Argentina, 2023, DCP, 120\u2019, ATP)<\/p>\n<p>Documental dirigido por Adri\u00e1n Jaime.<\/p>\n<p>La orden de quemar libros solo fue un preanuncio del porvenir que tendr\u00edan miles de hombres y mujeres que resist\u00edan a la dictadura imperante en Argentina. Este documental traza el derrotero de aquella resistencia civil en la ciudad de C\u00f3rdoba, cuna de la industria automotriz argentina y de la Reforma Universitaria. Como nunca antes se ha visto, una reconstrucci\u00f3n de lo ocurrido en el Cordobazo.<\/p>\n<p><strong>MARCO Museo del Arco de C\u00f3rdoba<\/strong><\/p>\n<p>Av. Amadeo Sabattini 4591<\/p>\n<p>IG @marco_museoarcocordoba<\/p>\n<p>20:00 a 01:00<\/p>\n<p>Habr\u00e1 visitas guiadas y transporte gratuito con dos salidas especiales con colectivos de Tamse hacia el MARCO desde Montevideo esq. V\u00e9lez Sarsfield, a las 21:00 y 22:00.<\/p>\n<p>A las 20:30 se presentar\u00e1 el Coro Preparatorio de la Escuela Ni\u00f1os Cantores de C\u00f3rdoba \u2013 ISEAM \u201cDomingo Zipoli\u201d, bajo la direcci\u00f3n del Prof Jorge Colnago. La cita ser\u00e1 en el Auditorio \u201cCacho Iriarte\u201d del C.P.C. N\u00b07 Empalme.<\/p>\n<p>Desde las 21:00 hasta 23:30 las piedras labradas del Arco ser\u00e1n iluminadas y la Plaza de la Rep\u00fablica ser\u00e1 escenario de las intervenciones a cargo de murga teatro \u201cBatu Clown\u201d, de Sergio Navarro y Daniel Rosales.<\/p>\n<p><strong>Museo de Arte Religioso Juan de Tejeda<\/strong><\/p>\n<p>Independencia 122<\/p>\n<p>Mail: info@museotejeda.com<\/p>\n<p>web: www.museotejeda.com<\/p>\n<p>IG: @museotejeda<\/p>\n<p>Facebook: Museo de Arte Religioso Juan de Tejeda<\/p>\n<p>20:00, 21:30, 22:00, 23:00<\/p>\n<p>Visitas guiadas introductorias en el patio. Luego el p\u00fablico continuar\u00e1 con gu\u00edas de sala en los espacios de exposici\u00f3n en modalidad de postas. Los grupos en sala se conformar\u00e1n por orden de llegada respetando el aforo previsto.<\/p>\n<p>El recorrido propone conocer el origen del sitio como vivienda de la familia Tejeda, luego Monasterio San Jos\u00e9 de Carmelitas Descalzas y finalmente museo de arte religioso. El lugar fue declarado Monumento Hist\u00f3rico Nacional en 1941 y resguarda una de las colecciones de arte religioso m\u00e1s importantes de Am\u00e9rica del Sur.<\/p>\n<p>Entre las 20:00 y las 00:00 se podr\u00e1 acceder a la Torre de la iglesia Santa Teresa. Por orden de llegada se formar\u00e1n grupos para el ascenso respetando el aforo del lugar. Se podr\u00e1 visitar tambi\u00e9n la Ermita.<\/p>\n<p>A las 20:30 se presentar\u00e1 el Coro de la Universidad Blas Pascal, dirigido por Ariel Borda. Interpretar\u00e1n un repertorio seleccionado especialmente para la ocasi\u00f3n de la Noche de los Museos.<\/p>\n<p>Desde las 20 hasta las 22, en el taller de Conservaci\u00f3n, la Lic. Romina Induni, voluntaria del \u00e1rea de Conservaci\u00f3n del Museo, expondr\u00e1 los trabajos de conservaci\u00f3n preventiva y actualizaci\u00f3n de registro llevados a cabo en la colecci\u00f3n de detentes, escapularios y se\u00f1aladores. De esta manera, este detr\u00e1s de escena permitir\u00e1 a los visitantes poder comprender tareas sencillas, pero sumamente importantes, para preservar el rico patrimonio del museo.<\/p>\n<p>Tambi\u00e9n se podr\u00e1 realizar un recorrido por las muestras temporarias \u201c450 a\u00f1os de C\u00f3rdoba\u201d y \u201cAquellos primeros tiempos\u201d.<\/p>\n<p><strong>Museo de la Industria<\/strong><\/p>\n<p>Libertad 1130 \u2013 B\u00b0 General Paz<\/p>\n<p>Instagram + Twitter + Facebook + LinkedIn @museodelaindustria<\/p>\n<p>20:00 a 01:00<\/p>\n<p>El p\u00fablico podr\u00e1 disfrutar de la colecci\u00f3n permanente del museo. Un cap\u00edtulo especial de la C\u00f3rdoba productiva. Los avances y desarrollos aportados por esta provincia, principalmente en mitad del siglo XX, se manifestaron en hitos concretos que nos enorgullecen hasta el d\u00eda de hoy. Aviones, autos, utilitarios, m\u00e1quinas y herramientas, hacen de esta muestra, un verdadero orgullo nacional, mensaje impl\u00edcito que dejaron nuestros pioneros, porque pensaron en un proyecto no solamente local, sino de un gran pa\u00eds.<\/p>\n<p><strong>Museo Iberoamericano de Artesan\u00edas (MIA) y Centro Cultural Paseo de las Artes<\/strong><\/p>\n<p>Belgrano esquina Pasaje Revol \u2013 G\u00fcemes<\/p>\n<p>Email: museoiberoamericanoartesanias@gmail.com<\/p>\n<p>Facebook: museo iberoamericano artesan\u00edas<\/p>\n<p>IG: museo iberoamericano<\/p>\n<p>20:00 a 01:00<\/p>\n<p>En esta nueva edici\u00f3n, el Museo Iberoamericano de Artesan\u00edas, adem\u00e1s de exhibir piezas que forman parte de su colecci\u00f3n, expondr\u00e1 durante noviembre la muestra colectiva \u201cAves Aut\u00f3ctonas de C\u00f3rdoba\u201d. La exhibici\u00f3n est\u00e1 basada en el libro sobre investigaci\u00f3n y relevamiento de las Aves Aut\u00f3ctonas de la zona de Vaquer\u00edas, editado por Bi\u00f3logos de la Universidad Nacional de C\u00f3rdoba. La propuesta surgi\u00f3 desde el grupo del Taller de Bordados \u201cGirasoles\u201d a cargo de la Profesora Fabiana Garc\u00eda, que se desarroll\u00f3 en el MIA, y de una muestra conjunta con artistas de diferentes \u00e1reas de Artes Visuales y alumnos del Taller de Cer\u00e1mica de la Secretar\u00eda de Extensi\u00f3n de la Facultad de Artes de la UNC. Artistas bordadoras: Ana L\u00eda De Longi, M\u00f3nica Sol\u00eds, Mar\u00eda C. D\u00ed Negro, Sandra Busilacchio, Fabiana Garc\u00eda y Ester Costas. Artista Acuarelista de la UNC: Prof. Ana Mar\u00eda Pellegrini. Artista Pl\u00e1stica y Escultora de la UNC.: Lic. Liliana Di Negro<\/p>\n<p>Por su parte, las 22:00 y 00:00 h se podr\u00e1 disfrutar de la actuaci\u00f3n de Augusto de C\u00f3rdoba (Trap) en el Patio del Centro Cultural Paseo de las Artes.<\/p>\n<p><strong>Museo Metropolitano de Arte Urbano (MMAU)<\/strong><\/p>\n<p>Plaza Espa\u00f1a, Chacabuco esq Hip\u00f3lito Irigoyen<\/p>\n<p>IG @museomau<\/p>\n<p>20:00 a 01:00<\/p>\n<p>El MMAU abrir\u00e1 sus puertas para recorrer las muestras \u201cProyecto Abasto \u2013 Itinerante\u201d a cargo de Orfila, \u201cMetal Arte\u201d, \u201cArte de Nuestra Gente\u201d, y la exhibici\u00f3n del artista Mauricio Rondot. Adem\u00e1s, se sumar\u00e1n proyecciones e intervenciones de arte digital y tecnolog\u00eda; DJ\u2019s y producciones electr\u00f3nicas a cargo de Radio Ultra FM.<\/p>\n<p>Instalaci\u00f3n \u201cMonte Quemado\u201d de Mauricio Rondot<br \/>Muestra \u201cProyecto Abasto\u201d de Orfila Casa de Arte<br \/>Muestra \u201cMetal Arte\u201d<br \/>Muestra \u201cHistorieta por la identidad\u201d \u2013 BNMM<br \/>Muestra \u201cArte de Nuestra Gente\u201d<br \/>Radio Ultra Electronic 106.5 \u2013 Live DJ Set<br \/>Muestra \u201cPensamiento Creativo\u201d \u2013 Lic. En Dise\u00f1o \u2013 Facultada de Arquitectura UCC<br \/>Muestra interactiva \u201cExperiencias l\u00fadicas en\/con el espacio\u201d Morfolog\u00eda 1\u00aa \u2013 Facultad de Arquitectura Urbanismo y Dise\u00f1o \u2013 UNC<br \/>Promotores y Convivencia: Acci\u00f3n \u201cConducci\u00f3n Responsable\u201d<br \/>\u201cConstruyendo identidades\u201d \u2013 Cooperativa Tejiendo la Piedra Limitada<br \/>Funci\u00f3n a cargo de la Orquesta de Cuerdas Municipal<br \/>\u201cPlancton\u201d a cargo del Elenco Municipal de Danza Teatro<\/p>\n<p><strong>Centro Cultural Casona Municipal<\/strong><\/p>\n<p>Av. General Paz 395<\/p>\n<p>IG @casonamunicipal<\/p>\n<p>20:00 a 01:00<\/p>\n<p>El Centro Cultural realizar\u00e1 recorridos por la casona, cada una hora, a partir de las 20 h. Se podr\u00e1 conocer toda la casa, la historia de la familia Gal\u00edndez y de todos los fantasmas que habitan en ella. El recorrido ser\u00e1 interrumpido con diversas intervenciones art\u00edsticas a cargo de los talleres anuales de la Casona junto a artistas locales. Fotos instant\u00e1neas a los visitantes, con vestuario y objetos de \u00e9poca; performances po\u00e9ticas a cargo de autoras cordobesas; y una muestra de tejidos en vivo, ser\u00e1n parte del circuito.<\/p>\n<p>Adem\u00e1s, se podr\u00e1 visitar la exposici\u00f3n fotogr\u00e1fica \u201cInstantes Urbanos\u201d de Hugo Campilongo.<\/p>\n<p><strong>Centro Cultural Casa de Pepino<\/strong><\/p>\n<p>Fructuoso Rivera 287 B\u00b0 G\u00fcemes<\/p>\n<p>IG \u2013 Facebook \u2013 TW: @casa.depepino<\/p>\n<p>20:00 a 01:00<\/p>\n<p>Este espacio ofrecer\u00e1 visitas guiadas a partir de las 20 h. Tambi\u00e9n se podr\u00e1n recorrer las muestras Presencias, de Facundo Torres (Planta Alta); Aeropuerto, de Eva Saieva; Asteri\u00f3n, de Fabricio Romero; y La piel ajena, de Nina Haynal (Planta Alta).<\/p>\n<p><strong>Centro Cultural Espa\u00f1a C\u00f3rdoba<\/strong><\/p>\n<p>Entre R\u00edos 40<\/p>\n<p>Web https:\/\/ccec.org.ar\/<\/p>\n<p>IG @ccespanacordoba<\/p>\n<p>Facebook @CCEspCordoba<\/p>\n<p>TW @CCEspCordoba<\/p>\n<p>20:00 a 01:00<\/p>\n<p>El CCEC invita a experimentar \u201cAntimateria\u201d, una obra \u00fanica y envolvente a trav\u00e9s de un Video Mapping en el Auditorio. Tambi\u00e9n de una instalaci\u00f3n multimedial en la Mediateca con \u201cEl sue\u00f1o de los arquitectos del apocalipsis\u201d, visiones on\u00edricas audiovisuales que exhortan a la reflexi\u00f3n sobre los caminos actuales y tambi\u00e9n los posibles para mantener su poder, cuya principal arma es el hipercontrol a trav\u00e9s de los medios de comunicaci\u00f3n.<\/p>\n<p>Por otro lado, se presentar\u00e1 la XV edici\u00f3n del Festival Santo Noise, concebido como una apuesta, que, sometido a los condicionamientos del contexto mundial, parte de un espacio local con proyecci\u00f3n global con la misi\u00f3n de explorar las diversidades actuales de la m\u00fasica experimental y electr\u00f3nica. Su grilla estar\u00e1 compuesta por ELECTRONICA Live, Martin Moretto (USA\/ ARG), Leandro Barzabal (Francia), RomainPerrot (Francia), Catherine Guesde (Francia), y C\u00e9leste Gatier (Francia).<\/p>\n<p><strong>Teatro Comedia<\/strong><\/p>\n<p>Rivadavia 254<\/p>\n<p>IG @teatrocomedia.municba<\/p>\n<p>22:00 a 01:00<\/p>\n<p>El renovado Teatro Comedia abri\u00f3 sus puertas luego de 16 a\u00f1os en julio del 2023. Esta nueva edici\u00f3n de la Noche de los Museos invita a conocer este emblem\u00e1tico Teatro y recorrer 110 a\u00f1os de historia. Con la muestra en el foyer dedicada al archivo de Francisco \u2018Pupito\u2019 Rivilli, due\u00f1o del teatro entre las d\u00e9cadas del 50\u2032 y fines del 70\u2032; y la Sala Mayor del Teatro Comedia ubicada en el coraz\u00f3n del mismo.<\/p>\n<p>Los espacios invitados tienen su programa <a href=\"https:\/\/docs.google.com\/document\/d\/1B11XUAkgBnhTQA8WIfy3l82jFHdaO9MG\/edit?pli=1\">aqu\u00ed<\/a>.<\/p>\n","protected":false},"excerpt":{"rendered":"<p>El evento, que se llevar\u00e1 a cabo de 20 a 01 horas, ofrecer\u00e1 muestras art\u00edsticas, espect\u00e1culos musicales y visitas guiadas. El Teatro Comedia, el Museo Metropolitano de Arte Urbano y el Parque de la Biodiversidad algunas de las locaciones aportadas por el municipio capitalino. Habr\u00e1 transporte gratuito dentro del circuito que comprende las sedes del [&hellip;]<\/p>\n","protected":false},"author":1,"featured_media":142411,"comment_status":"closed","ping_status":"closed","sticky":false,"template":"","format":"standard","meta":[],"categories":[44],"tags":[],"_links":{"self":[{"href":"http:\/\/cordobadirecto.com\/index.php\/wp-json\/wp\/v2\/posts\/142410"}],"collection":[{"href":"http:\/\/cordobadirecto.com\/index.php\/wp-json\/wp\/v2\/posts"}],"about":[{"href":"http:\/\/cordobadirecto.com\/index.php\/wp-json\/wp\/v2\/types\/post"}],"author":[{"embeddable":true,"href":"http:\/\/cordobadirecto.com\/index.php\/wp-json\/wp\/v2\/users\/1"}],"replies":[{"embeddable":true,"href":"http:\/\/cordobadirecto.com\/index.php\/wp-json\/wp\/v2\/comments?post=142410"}],"version-history":[{"count":0,"href":"http:\/\/cordobadirecto.com\/index.php\/wp-json\/wp\/v2\/posts\/142410\/revisions"}],"wp:featuredmedia":[{"embeddable":true,"href":"http:\/\/cordobadirecto.com\/index.php\/wp-json\/wp\/v2\/media\/142411"}],"wp:attachment":[{"href":"http:\/\/cordobadirecto.com\/index.php\/wp-json\/wp\/v2\/media?parent=142410"}],"wp:term":[{"taxonomy":"category","embeddable":true,"href":"http:\/\/cordobadirecto.com\/index.php\/wp-json\/wp\/v2\/categories?post=142410"},{"taxonomy":"post_tag","embeddable":true,"href":"http:\/\/cordobadirecto.com\/index.php\/wp-json\/wp\/v2\/tags?post=142410"}],"curies":[{"name":"wp","href":"https:\/\/api.w.org\/{rel}","templated":true}]}}