{"id":142433,"date":"2023-11-03T12:58:30","date_gmt":"2023-11-03T12:58:30","guid":{"rendered":"https:\/\/cordoba.gob.ar\/?p=52686"},"modified":"2023-11-03T12:58:30","modified_gmt":"2023-11-03T12:58:30","slug":"el-primer-finde-de-noviembre-invita-a-disfrutar-del-patrimonio-historico-cultural-y-natural-de-la-ciudad","status":"publish","type":"post","link":"http:\/\/cordobadirecto.com\/index.php\/2023\/11\/03\/el-primer-finde-de-noviembre-invita-a-disfrutar-del-patrimonio-historico-cultural-y-natural-de-la-ciudad\/","title":{"rendered":"El primer \u00abfinde\u00bb de noviembre invita a disfrutar del patrimonio hist\u00f3rico, cultural y natural de la ciudad"},"content":{"rendered":"<div><img src=\"http:\/\/cordobadirecto.com\/wp-content\/uploads\/2023\/11\/el-primer-finde-de-noviembre-invita-a-disfrutar-del-patrimonio-historico-cultural-y-natural-de-la-ciudad.jpg\" class=\"ff-og-image-inserted\"><\/div>\n<ul>\n<li><strong>La Noche de los Museos es la propuesta principal, donde los visitantes podr\u00e1n participar de muestras art\u00edsticas, espect\u00e1culos musicales y visitas guiadas.<\/strong><\/li>\n<li><strong>Otras alternativas para disfrutar la ciudad son las actividades para hacer al aire libre, en plazas, parques, la Costanera y dem\u00e1s espacios verdes recuperados por el Municipio.<\/strong><\/li>\n<\/ul>\n<hr>\n<p>Los primeros d\u00edas de noviembre anticipan un fin de a\u00f1o repleto de propuestas y este finde no es la excepci\u00f3n. A partir de hoy y hasta el domingo 4, la Agenda Cultural y Recreativa Municipal ofrece actividades imperdibles.<\/p>\n<p>La capital cordobesa despliega sus encantos a trav\u00e9s de sus paisajes urbanos y naturales que invitan a entretenerse y tambi\u00e9n descansar durante estos d\u00edas.<\/p>\n<p>Esta noche, es la tan esperada Noche de los Museos, que de 20 a 01 horas abrir\u00e1n espacios municipales y otros invitados para ser recorridos a trav\u00e9s de un circuito cultural con acceso gratuito.<\/p>\n<p>Participar\u00e1n 19 espacios municipales como el museo Genaro P\u00e9rez, Juan de Tejeda, de la Industria, la Cripta Jesu\u00edtica y muchos m\u00e1s. Tambi\u00e9n se suman centros culturales como la Casa de Pepino, Espa\u00f1a C\u00f3rdoba (CCEC), Casona Municipal, Cabildo, el Cineclub Municipal entre otros.<\/p>\n<p>En esta edici\u00f3n, las novedades son la incorporaci\u00f3n del flamante Teatro Comedia y el nuevo Museo Metropolitano de Arte Urbano de Plaza Espa\u00f1a, como tambi\u00e9n el Jockey Club y el Parque de la Biodiversidad como espacios invitados.<\/p>\n<p>Entre las diversas propuestas, los visitantes podr\u00e1n adentrarse al patrimonio art\u00edstico, arquitect\u00f3nico e hist\u00f3rico de C\u00f3rdoba, como tambi\u00e9n disfrutar de espect\u00e1culos musicales, recorridos por los senderos del Parque de la Biodiversidad, presentaciones de los elencos art\u00edsticos como algunas de las tantas actividades destacadas para esta noche.<\/p>\n<p>Cabe destacar, que el evento concentra cientos de actividades durante cinco horas, a lo largo y ancho de la Provincia, bajo el lema \u201cCiudad y Democracia\u201d y es coorganizado por la Municipalidad de C\u00f3rdoba, la Universidad Nacional de C\u00f3rdoba, la Agencia C\u00f3rdoba Cultura y numerosas instituciones locales.<\/p>\n<p>Para m\u00e1s opciones, las visitas guiadas por el Cementerio San Jer\u00f3nimo tienen diferentes horarios y para el mes de noviembre proponen nuevas tem\u00e1ticas: \u201cHonrando a nuestros difuntos\u201d e \u00abIndustrias, ciencias y artes en el San Jer\u00f3nimo\u00bb.<\/p>\n<p>Tomar unos mates con amigos, hacer actividad f\u00edsica, compartir en familia, descansar y hasta jugar con nuestros animales de compa\u00f1\u00eda es posible en las plazas y parques de la ciudad recuperados por el Municipio.<\/p>\n<p>Entre ellos se puede disfrutar al aire libre de la Costanera, la Plaza Col\u00f3n, el Espacio Cervecer\u00eda C\u00f3rdoba, las Supermanzanas, el Parque Las Heras Elisa, plaza Alberdi, Jard\u00edn Bot\u00e1nico, Reserva San Mart\u00edn como algunas de las m\u00faltiples opciones.<\/p>\n<p>Para quienes gustan recorrer la capital en bici, la Ciclov\u00eda Elevada ofrece postales en altura para ser fotografiadas, que tambi\u00e9n se suma a los extensos trayectos de las bicisendas que conectan distintos puntos de la ciudad.<\/p>\n<p>Este \u201cfinde\u201d estar\u00e1n abiertas tambi\u00e9n las ferias municipales donde el p\u00fablico podr\u00e1 conectarse con productos locales y el mundo de las artesan\u00edas. Para destacar: Las Ferias de G\u00fcemes, las de Econom\u00eda Social y los puestos de la Feria de la Econom\u00eda Circular.<\/p>\n<p>\u00a1Sumate a disfrutar de la ciudad con todas las propuestas que invita la <a href=\"https:\/\/cordoba.gob.ar\/wp-content\/uploads\/2023\/11\/Agenda-Cultural-y-Recreativa-3-4-y-5-de-noviembre.-1.pdf\">Agenda Cultural y Recreativa 3, 4 y 5 de noviembre<\/a>!<\/p>\n","protected":false},"excerpt":{"rendered":"<p>La Noche de los Museos es la propuesta principal, donde los visitantes podr\u00e1n participar de muestras art\u00edsticas, espect\u00e1culos musicales y visitas guiadas. Otras alternativas para disfrutar la ciudad son las actividades para hacer al aire libre, en plazas, parques, la Costanera y dem\u00e1s espacios verdes recuperados por el Municipio. Los primeros d\u00edas de noviembre anticipan [&hellip;]<\/p>\n","protected":false},"author":1,"featured_media":142434,"comment_status":"closed","ping_status":"closed","sticky":false,"template":"","format":"standard","meta":[],"categories":[44],"tags":[],"_links":{"self":[{"href":"http:\/\/cordobadirecto.com\/index.php\/wp-json\/wp\/v2\/posts\/142433"}],"collection":[{"href":"http:\/\/cordobadirecto.com\/index.php\/wp-json\/wp\/v2\/posts"}],"about":[{"href":"http:\/\/cordobadirecto.com\/index.php\/wp-json\/wp\/v2\/types\/post"}],"author":[{"embeddable":true,"href":"http:\/\/cordobadirecto.com\/index.php\/wp-json\/wp\/v2\/users\/1"}],"replies":[{"embeddable":true,"href":"http:\/\/cordobadirecto.com\/index.php\/wp-json\/wp\/v2\/comments?post=142433"}],"version-history":[{"count":0,"href":"http:\/\/cordobadirecto.com\/index.php\/wp-json\/wp\/v2\/posts\/142433\/revisions"}],"wp:featuredmedia":[{"embeddable":true,"href":"http:\/\/cordobadirecto.com\/index.php\/wp-json\/wp\/v2\/media\/142434"}],"wp:attachment":[{"href":"http:\/\/cordobadirecto.com\/index.php\/wp-json\/wp\/v2\/media?parent=142433"}],"wp:term":[{"taxonomy":"category","embeddable":true,"href":"http:\/\/cordobadirecto.com\/index.php\/wp-json\/wp\/v2\/categories?post=142433"},{"taxonomy":"post_tag","embeddable":true,"href":"http:\/\/cordobadirecto.com\/index.php\/wp-json\/wp\/v2\/tags?post=142433"}],"curies":[{"name":"wp","href":"https:\/\/api.w.org\/{rel}","templated":true}]}}