{"id":142529,"date":"2023-11-03T17:13:58","date_gmt":"2023-11-03T17:13:58","guid":{"rendered":"https:\/\/es.digitaltrends.com\/?p=1009338"},"modified":"2023-11-03T17:13:58","modified_gmt":"2023-11-03T17:13:58","slug":"brian-cox-le-hace-un-gran-fk-off-a-la-ia-es-un-tema-de-derechos-humanos","status":"publish","type":"post","link":"http:\/\/cordobadirecto.com\/index.php\/2023\/11\/03\/brian-cox-le-hace-un-gran-fk-off-a-la-ia-es-un-tema-de-derechos-humanos\/","title":{"rendered":"Brian Cox le hace un gran F**k Off a la IA: es un tema de derechos humanos"},"content":{"rendered":"<figure id=\"attachment_989965\" aria-describedby=\"caption-attachment-989965\" class=\"wp-caption alignnone\"><img src=\"http:\/\/cordobadirecto.com\/wp-content\/uploads\/2023\/11\/brian-cox-le-hace-un-gran-fk-off-a-la-ia-es-un-tema-de-derechos-humanos.jpg\" data-dt-lazy-src=\"http:\/\/cordobadirecto.com\/wp-content\/uploads\/2023\/11\/brian-cox-le-hace-un-gran-fk-off-a-la-ia-es-un-tema-de-derechos-humanos.jpg\" onerror=\"dti_load_error(this)\" decoding=\"async\" class=\" size-large wp-image-989965 h-lightbox is-zoomable dt-lazy-no\" alt=\"Logan Roy\" srcset=\"http:\/\/cordobadirecto.com\/wp-content\/uploads\/2023\/11\/brian-cox-le-hace-un-gran-fk-off-a-la-ia-es-un-tema-de-derechos-humanos-1.jpg 414w, http:\/\/cordobadirecto.com\/wp-content\/uploads\/2023\/11\/brian-cox-le-hace-un-gran-fk-off-a-la-ia-es-un-tema-de-derechos-humanos.jpg\" sizes=\"(max-width: 625px) 414px\"><figcaption id=\"caption-attachment-989965\" class=\"wp-caption-text\"><span class=\"credit\">Digital Trends Espa\u00f1ol<\/span><\/figcaption><\/figure>\n<p>El protagonista de <a href=\"https:\/\/es.digitaltrends.com\/entretenimiento\/succession-habra-temporada-5\/\"><strong>Succession<\/strong><\/a>, <a href=\"https:\/\/es.digitaltrends.com\/entretenimiento\/brian-cox-trata-de-jodido-molesto-jeremy-strong\/\"><strong>Brian Cox<\/strong><\/a>, se pleg\u00f3 a la huelga de sus colegas de <a href=\"https:\/\/es.digitaltrends.com\/entretenimiento\/premios-emmy-2023-se-aplazan\/\"><strong>SAG-AFTRA<\/strong><\/a>&nbsp;y realiz\u00f3 una dura cr\u00edtica al uso de IA y c\u00f3mo \u00e9sta podr\u00eda constituir un peligro para los derechos humanos de los actores.<\/p>\n<p>Logan Roy habl\u00f3 de <span>\u00abrobo de identidad\u00bb en una entrevista con&nbsp;<a class=\"sc-1out364-0 dPMosf sc-145m8ut-0 jCErAQ js_link\" href=\"https:\/\/news.sky.com\/story\/succession-star-brian-cox-on-the-use-of-ai-to-replicate-actors-its-a-human-rights-issue-12999168\" target=\"_blank\" rel=\"noopener noreferrer\" data-ga=\"[[&quot;Embedded Url&quot;,&quot;External link&quot;,&quot;https:\/\/news.sky.com\/story\/succession-star-brian-cox-on-the-use-of-ai-to-replicate-actors-its-a-human-rights-issue-12999168&quot;,{&quot;metric25&quot;:1}]]\" data-uri=\"6b7b1de6c0ec020dbecb7f9b1868518b\">Sky News<\/a>&nbsp;esta semana, y agreg\u00f3 que le preocupan los actores j\u00f3venes que pueden ser objetivos principales.<\/span><\/p>\n<p class=\"sc-77igqf-0 fnnahv\">\u00abA los actores m\u00e1s j\u00f3venes se les pone en una situaci\u00f3n en la que se les dice que tienen que hacer esto y no lo hacen, pero no lo saben en ese momento\u2026\u00bb. Cox le dijo al medio, refiri\u00e9ndose a la pr\u00e1ctica cada vez m\u00e1s com\u00fan de los estudios que&nbsp;presionan a los actores&nbsp;para que se hagan esc\u00e1neres corporales y renuncien a sus derechos.<\/p>\n<p>\u00abNo me quita el sue\u00f1o, pero me preocupa y quiero que se solucione\u00bb, dijo Cox. \u00abCreo que la IA es una cuesti\u00f3n de derechos humanos. No es solo un problema sindical. En realidad, es un robo de identidad. Y es muy, muy frecuente en este momento\u00bb.<\/p>\n<p>Cox concluy\u00f3 en su entrevista que lo que est\u00e1 sucediendo en Hollywood ha sido \u00abbastante horrendo. Y luego el trato, ya sabes, te damos $ 50 o \u00a3 50 para tenerte a perpetuidad, bueno, b\u00e1sicamente, les habr\u00eda dicho que se fueran a la\u2026\u00bb.<\/p>\n<h4 class=\"b-editors-recs-title h-editors-recs-title\"> Recomendaciones del editor<\/h4>\n<p> <span id=\"publisher-md\" itemprop=\"publisher\" itemscope itemtype=\"https:\/\/schema.org\/Organization\"> <span itemprop=\"url\" itemtype=\"https:\/\/schema.org\/Url\" content=\"https:\/\/es.digitaltrends.com\"> <span itemprop=\"logo\" itemscope itemtype=\"https:\/\/schema.org\/ImageObject\"> <meta itemprop=\"url\" content=\"https:\/\/cdn.dtcn.com\/dt\/dt-logo-small.png\"> <meta itemprop=\"width\" content=\"0\"> <meta itemprop=\"height\" content=\"0\"> <\/span> <meta itemprop=\"name\" content=\"Digital Trends Espa\u00f1ol\"> <\/span> <span itemprop=\"image\" itemscope itemtype=\"https:\/\/schema.org\/ImageObject\"> <meta itemprop=\"url\" content=\"https:\/\/es.digitaltrends.com\/wp-content\/uploads\/2023\/03\/Captura-web_2-3-2023_15653_www.youtube.com_.jpeg?p=1\"> <\/span> <\/span> <\/p>\n","protected":false},"excerpt":{"rendered":"<p>Digital Trends Espa\u00f1ol El protagonista de Succession, Brian Cox, se pleg\u00f3 a la huelga de sus colegas de SAG-AFTRA&nbsp;y realiz\u00f3 una dura cr\u00edtica al uso de IA y c\u00f3mo \u00e9sta podr\u00eda constituir un peligro para los derechos humanos de los actores. Logan Roy habl\u00f3 de \u00abrobo de identidad\u00bb en una entrevista con&nbsp;Sky News&nbsp;esta semana, y [&hellip;]<\/p>\n","protected":false},"author":1,"featured_media":142530,"comment_status":"closed","ping_status":"closed","sticky":false,"template":"","format":"standard","meta":[],"categories":[18],"tags":[],"_links":{"self":[{"href":"http:\/\/cordobadirecto.com\/index.php\/wp-json\/wp\/v2\/posts\/142529"}],"collection":[{"href":"http:\/\/cordobadirecto.com\/index.php\/wp-json\/wp\/v2\/posts"}],"about":[{"href":"http:\/\/cordobadirecto.com\/index.php\/wp-json\/wp\/v2\/types\/post"}],"author":[{"embeddable":true,"href":"http:\/\/cordobadirecto.com\/index.php\/wp-json\/wp\/v2\/users\/1"}],"replies":[{"embeddable":true,"href":"http:\/\/cordobadirecto.com\/index.php\/wp-json\/wp\/v2\/comments?post=142529"}],"version-history":[{"count":0,"href":"http:\/\/cordobadirecto.com\/index.php\/wp-json\/wp\/v2\/posts\/142529\/revisions"}],"wp:featuredmedia":[{"embeddable":true,"href":"http:\/\/cordobadirecto.com\/index.php\/wp-json\/wp\/v2\/media\/142530"}],"wp:attachment":[{"href":"http:\/\/cordobadirecto.com\/index.php\/wp-json\/wp\/v2\/media?parent=142529"}],"wp:term":[{"taxonomy":"category","embeddable":true,"href":"http:\/\/cordobadirecto.com\/index.php\/wp-json\/wp\/v2\/categories?post=142529"},{"taxonomy":"post_tag","embeddable":true,"href":"http:\/\/cordobadirecto.com\/index.php\/wp-json\/wp\/v2\/tags?post=142529"}],"curies":[{"name":"wp","href":"https:\/\/api.w.org\/{rel}","templated":true}]}}