{"id":14259,"date":"2021-08-16T21:26:59","date_gmt":"2021-08-16T21:26:59","guid":{"rendered":"http:\/\/cordobadirecto.com\/index.php\/2021\/08\/16\/en-tokio-estuvimos-por-debajo-de-nuestro-nivel-dijo-el-dt-de-los-gladiadores\/"},"modified":"2021-08-16T21:26:59","modified_gmt":"2021-08-16T21:26:59","slug":"en-tokio-estuvimos-por-debajo-de-nuestro-nivel-dijo-el-dt-de-los-gladiadores","status":"publish","type":"post","link":"http:\/\/cordobadirecto.com\/index.php\/2021\/08\/16\/en-tokio-estuvimos-por-debajo-de-nuestro-nivel-dijo-el-dt-de-los-gladiadores\/","title":{"rendered":"&#8220;En Tokio estuvimos por debajo de nuestro nivel&#8221;, dijo el DT de los Gladiadores"},"content":{"rendered":"<div class=\"image\" id=\"image\" readability=\"13\"> <img src=\"http:\/\/cordobadirecto.com\/wp-content\/uploads\/2021\/08\/en-tokio-estuvimos-por-debajo-de-nuestro-nivel-dijo-el-dt-de-los-gladiadores.jpg\" alt=\"En Jap\u00f3n, Argentina termin\u00f3 en el \u00faltimo puesto del Grupo A sin puntos tras caer consecutivamente con Francia (33-27), Alemania (33-25), Noruega (27-23), Brasil (25-23) y Espa\u00f1a por (36-27),\" title=\"En Jap\u00f3n, Argentina termin\u00f3 en el \u00faltimo puesto del Grupo A sin puntos tras caer consecutivamente con Francia (33-27), Alemania (33-25), Noruega (27-23), Brasil (25-23) y Espa\u00f1a por (36-27),\"><\/p>\n<p>En Jap\u00f3n, Argentina termin\u00f3 en el \u00faltimo puesto del Grupo A sin puntos tras caer consecutivamente con Francia (33-27), Alemania (33-25), Noruega (27-23), Brasil (25-23) y Espa\u00f1a por (36-27),<\/p>\n<\/div>\n<p>El entrenador del seleccionado argentino masculino de handball, el espa\u00f1ol Manuel Cadenas, afirm\u00f3 este lunes que Los Gladiadores estuvieron &#8220;por debajo de su nivel de rendimiento normal&#8221; en los Juegos Ol\u00edmpicos de Tokio 2020 y reconoci\u00f3 que es &#8220;dif\u00edcil&#8221; compaginar su trabajo en el equipo nacional con el de Ademar Le\u00f3n, su club en el pa\u00eds ib\u00e9rico.<\/p>\n<p>&#8220;Cuando pienso en el rendimiento que tuvo el equipo en Tokio no estoy contento de lo conseguido. Estuvimos por debajo de nuestro nivel de rendimiento normal&#8221;, expres\u00f3 Cadenas, desde Espa\u00f1a, en declaraciones a T\u00e9lam.<\/p>\n<p>&#8220;Y encima los contrarios que nos tocaron fueron m\u00e1s fuertes que nunca. Solo recuerdo que en el mundial de Qatar, Argentina tuvo rivales similares pero el equipo hizo una gran actuaci\u00f3n y alcanz\u00f3 un gran nivel de juego. <strong>Esta vez, en Tokio no alcanzamos ese gran nivel&#8221;, puntualiz\u00f3.<\/strong><\/p>\n<p>En los recientes Juegos Ol\u00edmpicos, Argentina termin\u00f3 en el \u00faltimo puesto del Grupo A sin puntos tras caer consecutivamente con Francia (33-27), Alemania (33-25), Noruega (27-23), Brasil (25-23) y Espa\u00f1a por (36-27), por lo que result\u00f3 marginado con anticipaci\u00f3n de la fase final de la competencia.<\/p>\n<p><strong>Los Gladiadores cerraron de esta manera su tercera experiencia ol\u00edmpica con una peor clasificaci\u00f3n <\/strong>al d\u00e9cimo puesto obtenido en Londres 2012 y R\u00edo de Janeiro 2016. &#8220;Personalmente siempre espero m\u00e1s y creo que los jugadores tambi\u00e9n. A priori, el grupo era casi imposible: Francia, Alemania, Noruega y Espa\u00f1a. El \u00fanico equipo asequible, con un potencial no tan elevado, fue Brasil&#8221;, dijo el DT, de 65 a\u00f1os.<\/p>\n<div class=\"image\" id=\"image\" readability=\"9\"> <img src=\"http:\/\/cordobadirecto.com\/wp-content\/uploads\/2021\/08\/en-tokio-estuvimos-por-debajo-de-nuestro-nivel-dijo-el-dt-de-los-gladiadores-1.jpg\" alt=\"Para el entrenador Cadenas, el seleccionado argentino tuvo poca preparaci\u00f3n para los Juegos Ol\u00edmpicos.\" title=\"Para el entrenador Cadenas, el seleccionado argentino tuvo poca preparaci\u00f3n para los Juegos Ol\u00edmpicos.\"><\/p>\n<p>Para el entrenador Cadenas, el seleccionado argentino tuvo poca preparaci\u00f3n para los Juegos Ol\u00edmpicos.<\/p>\n<\/div>\n<p>&#8220;Hicimos buenos primeros tiempos los tres primeros partidos y en el segundo con las grandes potencias hicimos una buena actuaci\u00f3n en especial con Noruega, Alemania y Francia. Despu\u00e9s el cansancio y las lesiones se acumularon. Ya con Brasil y Espa\u00f1a no estuvimos al mismo nivel. Todos esper\u00e1bamos dar un mayor rendimiento&#8221;, admiti\u00f3.<\/p>\n<p>Y record\u00f3: &#8220;<strong>La preparaci\u00f3n no fue f\u00e1cil; no pudimos jugar amistosos <\/strong>y tambi\u00e9n tuvimos jugadores con la temporada tan cargada que era dif\u00edcil que estuviesen frescos. Las lesiones tambi\u00e9n impidieron una buena puesta a punto y no alcanzamos ese nivel m\u00e1ximo que quer\u00edamos subir. No se cumpli\u00f3 eso que quer\u00edamos todos&#8221;, reconoci\u00f3.<\/p>\n<p>Cadenas lleg\u00f3 al equipo argentino en 2017 y sucedi\u00f3 a Eduardo &#8220;Dady&#8221; Gallardo, DT del equipo en los Juegos Ol\u00edmpicos de Londres 2012 y de R\u00edo de Janeiro 2016; y en los torneos ecum\u00e9nicos de Qatar 2015 y Francia 2017.<\/p>\n<p>El espa\u00f1ol ten\u00eda contrato vigente con la Confederaci\u00f3n Argentina de Handball (CAH) hasta los Juegos de Tokio y definir\u00e1 su futuro en el equipo nacional luego de mantener una charla con los dirigentes.<\/p>\n<p>En otro tramo del di\u00e1logo con T\u00e9lam, <strong>Cadenas, exentrenador del seleccionado espa\u00f1ol entre 2013 a 2016 y del club Barcelona, <\/strong>admiti\u00f3 la dificultad de desarrollar una tarea doble comando entre el seleccionado y el club espa\u00f1ol Ademar Le\u00f3n.<\/p>\n<p>&#8220;En estos momentos es dif\u00edcil poder compaginar la dos cosas: Argentina y Ademar Le\u00f3n. Por ganas, me gustar\u00eda seguir con Los Gladiadores, pero hay que hablar. No es f\u00e1cil ahora mismo por todo lo que exige Ademar pero prefiero tomar la decisi\u00f3n despu\u00e9s de hablar por zoom con los dirigentes&#8221;, expres\u00f3.<\/p>\n<p><strong>&#8220;Lo primero que hay que hacer es un balance y un an\u00e1lisis con la direcci\u00f3n<\/strong>, con Mario (ndr: Moccia, presidente de la CAH) y con Carlos Ferrea, que fueron los art\u00edfices de que est\u00e9 con Argentina para valorar la situaci\u00f3n en la que estamos y los planes de futuro&#8221;, finaliz\u00f3 Cadenas.<\/p>\n<p><strong>Para el siguiente proceso ol\u00edmpico, Argentina ya no contar\u00e1 con dos referentes de los \u00faltimos a\u00f1os: Gonzalo Carou -ultimo capit\u00e1n- y Sebasti\u00e1n Simonet, quienes anunciaron su retiro del seleccionado despu\u00e9s de la competencia en Tokio 2020.<\/strong><\/p>\n<p>Carou, de 41 a\u00f1os, baj\u00f3 el tel\u00f3n de su historia en el equipo nacional siendo el jugador de mayor presencia (270 partidos). Debut\u00f3 con la camiseta &#8220;albiceleste&#8221; en 2000, hizo 250 goles, jug\u00f3 11 Mundiales, 3 Juegos Ol\u00edmpicos (Londres 2012, R\u00edo 2016 y Tokio 2020) y gan\u00f3 dos medallas de oro en los Panamericanos (Guadalajara 2011 y Lima 2019).<\/p>\n<p>Por su lado, Simonet (35) se march\u00f3 de Los Gladiadores con 195 partidos y 417 tantos y los mismos antecedentes ol\u00edmpicos y panamericanos. <\/p>\n","protected":false},"excerpt":{"rendered":"<p>En Jap\u00f3n, Argentina termin\u00f3 en el \u00faltimo puesto del Grupo A sin puntos tras caer consecutivamente con Francia (33-27), Alemania (33-25), Noruega (27-23), Brasil (25-23) y Espa\u00f1a por (36-27), El entrenador del seleccionado argentino masculino de handball, el espa\u00f1ol Manuel Cadenas, afirm\u00f3 este lunes que Los Gladiadores estuvieron &#8220;por debajo de su nivel de rendimiento [&hellip;]<\/p>\n","protected":false},"author":1,"featured_media":14260,"comment_status":"closed","ping_status":"closed","sticky":false,"template":"","format":"standard","meta":[],"categories":[21],"tags":[],"_links":{"self":[{"href":"http:\/\/cordobadirecto.com\/index.php\/wp-json\/wp\/v2\/posts\/14259"}],"collection":[{"href":"http:\/\/cordobadirecto.com\/index.php\/wp-json\/wp\/v2\/posts"}],"about":[{"href":"http:\/\/cordobadirecto.com\/index.php\/wp-json\/wp\/v2\/types\/post"}],"author":[{"embeddable":true,"href":"http:\/\/cordobadirecto.com\/index.php\/wp-json\/wp\/v2\/users\/1"}],"replies":[{"embeddable":true,"href":"http:\/\/cordobadirecto.com\/index.php\/wp-json\/wp\/v2\/comments?post=14259"}],"version-history":[{"count":0,"href":"http:\/\/cordobadirecto.com\/index.php\/wp-json\/wp\/v2\/posts\/14259\/revisions"}],"wp:featuredmedia":[{"embeddable":true,"href":"http:\/\/cordobadirecto.com\/index.php\/wp-json\/wp\/v2\/media\/14260"}],"wp:attachment":[{"href":"http:\/\/cordobadirecto.com\/index.php\/wp-json\/wp\/v2\/media?parent=14259"}],"wp:term":[{"taxonomy":"category","embeddable":true,"href":"http:\/\/cordobadirecto.com\/index.php\/wp-json\/wp\/v2\/categories?post=14259"},{"taxonomy":"post_tag","embeddable":true,"href":"http:\/\/cordobadirecto.com\/index.php\/wp-json\/wp\/v2\/tags?post=14259"}],"curies":[{"name":"wp","href":"https:\/\/api.w.org\/{rel}","templated":true}]}}