{"id":143867,"date":"2023-11-18T17:21:39","date_gmt":"2023-11-18T17:21:39","guid":{"rendered":"https:\/\/puntoapunto.com.ar\/?p=353275"},"modified":"2023-11-18T17:21:39","modified_gmt":"2023-11-18T17:21:39","slug":"martin-zuppi-presidira-la-nueva-comision-directivade-adefa","status":"publish","type":"post","link":"http:\/\/cordobadirecto.com\/index.php\/2023\/11\/18\/martin-zuppi-presidira-la-nueva-comision-directivade-adefa\/","title":{"rendered":"Mart\u00edn Zuppi presidir\u00e1 la nueva Comisi\u00f3n Directivade ADEFA"},"content":{"rendered":"<div><img src=\"http:\/\/cordobadirecto.com\/wp-content\/uploads\/2023\/11\/martin-zuppi-presidira-la-nueva-comision-directivade-adefa.jpg\" class=\"ff-og-image-inserted\"><\/div>\n<p><strong>Mart\u00edn Zuppi, fue electo para presidir la <a href=\"https:\/\/adefa.org.ar\/es\/index.php\">Asociaci\u00f3n de F\u00e1bricas de Automotores (ADEFA)<\/a> durante el ejercicio 2023\/2024, y ser\u00e1 acompa\u00f1ado por Mart\u00edn Galdeano<\/strong> (Ford Argentina S.C.A) y Pablo Sibilla (Renault Argentina S.A) como vicepresidentes y C\u00e9sar Luis Ram\u00edrez Rojas (Scania Argentina S.A),<br \/>en car\u00e1cter de Secretario.<\/p>\n<p>La elecci\u00f3n se realiz\u00f3 durante la celebraci\u00f3n de la Asamblea Anual de ADEFA, en donde qued\u00f3 constituida la nueva Comisi\u00f3n Directiva que se completa con los otros representantes de las Asociadas, en calidad de vocales: Ra\u00fal Mier (General Motors Argentina S.R.L), Takashi Fujisaki (Honda Motor de Argentina S.A), Santos Doncel Jones (Iveco Argentina S.A.), Manuel Mantilla (Mercedes-Benz Argentina S.A.),<\/p>\n<p>Ra\u00fal Barcesat (Mercedes-Benz Camiones y Buses SAU), Ricardo Flammini (Nissan Argentina S.A), Rodrigo P\u00e9rez Graziano (PSA Peugeot Citro\u00ebn Argentina S.A.), Gustavo Salinas (Toyota Argentina S.A) y Marcellus Puig (Volkswagen Argentina S.A) En la asamblea, Zuppi repas\u00f3 el cierre del a\u00f1o y los desaf\u00edos y oportunidades que se presentan para la industria automotriz y asegur\u00f3 que se continuar\u00e1 dialogando con las autoridades y cadena<br \/>de valor para avanzar en la agenda sectorial.<\/p>\n<p>\u201cEl objetivo es dar continuidad al intenso trabajo que viene llevando la entidad estrechando nuestro relacionamiento con la cadena de valor integrada por los proveedores, concesionarios y sindicatos en<br \/>conjunto con las autoridades nacionales, provinciales y municipales para avanzar en la implementaci\u00f3n de medidas que promuevan la producci\u00f3n, exportaci\u00f3n, inversi\u00f3n y empleo, adem\u00e1s de reforzar la mejora de la competitividad frente a un contexto muy desafiante\u201d, se\u00f1al\u00f3 Zuppi.<\/p>\n<p><strong>ACERCA DE MART\u00cdN ZUPPI&nbsp;<\/strong><\/p>\n<p><a href=\"https:\/\/www.linkedin.com\/in\/martin-zuppi-b4192321\/\">Mart\u00edn Zuppi<\/a> es licenciado en Econom\u00eda, Finanzas y Administraci\u00f3n y realiz\u00f3 un MBA en Gesti\u00f3n Empresarial cursado en el IAE Business School. cuenta con una amplia trayectoria profesional y experiencia en el rubro automotor que comenz\u00f3 en 1996 cuando ingres\u00f3 al entonces Grupo Fiat ocupando la posici\u00f3n de Gerente de Log\u00edstica Comercial de Fiat Auto Argentina.<\/p>\n<p>En el 2002 su carrera tom\u00f3 proyecci\u00f3n internacional cuando se traslad\u00f3 a Tur\u00edn, Italia, para desempe\u00f1arse como gerente de Planificaci\u00f3n y Programaci\u00f3n en Fiat Auto S.P.A., teniendo a su cargo la planificaci\u00f3n comercial y producto para los grandes mercados europeos. Posteriormente, en 2004 y a lo largo de un a\u00f1o fue<br \/>responsable de Desarrollo de Nuevos Negocios.<\/p>\n<p>De regreso en la Argentina, en 2006 asumi\u00f3 como Gerente de Ventas Directas, tarea que desempe\u00f1\u00f3 hasta 2014, cuando pas\u00f3 a encabezar la gerencia comercial de Fiat Auto Argentina. Luego tom\u00f3 el puesto de Director General para, ya en 2021, desempe\u00f1arse como presidente de las marcas Fiat, Jeep y RAM en Stellantis Argentina. El \u00faltimo a\u00f1o, Zuppi tambi\u00e9n ejerci\u00f3 el rol de vicepresidente de ADEFA<\/p>\n","protected":false},"excerpt":{"rendered":"<p>Mart\u00edn Zuppi, fue electo para presidir la Asociaci\u00f3n de F\u00e1bricas de Automotores (ADEFA) durante el ejercicio 2023\/2024, y ser\u00e1 acompa\u00f1ado por Mart\u00edn Galdeano (Ford Argentina S.C.A) y Pablo Sibilla (Renault Argentina S.A) como vicepresidentes y C\u00e9sar Luis Ram\u00edrez Rojas (Scania Argentina S.A),en car\u00e1cter de Secretario. La elecci\u00f3n se realiz\u00f3 durante la celebraci\u00f3n de la Asamblea [&hellip;]<\/p>\n","protected":false},"author":1,"featured_media":143868,"comment_status":"closed","ping_status":"closed","sticky":false,"template":"","format":"standard","meta":[],"categories":[25],"tags":[],"_links":{"self":[{"href":"http:\/\/cordobadirecto.com\/index.php\/wp-json\/wp\/v2\/posts\/143867"}],"collection":[{"href":"http:\/\/cordobadirecto.com\/index.php\/wp-json\/wp\/v2\/posts"}],"about":[{"href":"http:\/\/cordobadirecto.com\/index.php\/wp-json\/wp\/v2\/types\/post"}],"author":[{"embeddable":true,"href":"http:\/\/cordobadirecto.com\/index.php\/wp-json\/wp\/v2\/users\/1"}],"replies":[{"embeddable":true,"href":"http:\/\/cordobadirecto.com\/index.php\/wp-json\/wp\/v2\/comments?post=143867"}],"version-history":[{"count":0,"href":"http:\/\/cordobadirecto.com\/index.php\/wp-json\/wp\/v2\/posts\/143867\/revisions"}],"wp:featuredmedia":[{"embeddable":true,"href":"http:\/\/cordobadirecto.com\/index.php\/wp-json\/wp\/v2\/media\/143868"}],"wp:attachment":[{"href":"http:\/\/cordobadirecto.com\/index.php\/wp-json\/wp\/v2\/media?parent=143867"}],"wp:term":[{"taxonomy":"category","embeddable":true,"href":"http:\/\/cordobadirecto.com\/index.php\/wp-json\/wp\/v2\/categories?post=143867"},{"taxonomy":"post_tag","embeddable":true,"href":"http:\/\/cordobadirecto.com\/index.php\/wp-json\/wp\/v2\/tags?post=143867"}],"curies":[{"name":"wp","href":"https:\/\/api.w.org\/{rel}","templated":true}]}}