{"id":143869,"date":"2023-11-18T22:10:20","date_gmt":"2023-11-18T22:10:20","guid":{"rendered":"http:\/\/cordobadirecto.com\/index.php\/2023\/11\/18\/sancor-dio-por-caido-el-fideicomiso-y-busca-un-nuevo-plan\/"},"modified":"2023-11-18T22:10:20","modified_gmt":"2023-11-18T22:10:20","slug":"sancor-dio-por-caido-el-fideicomiso-y-busca-un-nuevo-plan","status":"publish","type":"post","link":"http:\/\/cordobadirecto.com\/index.php\/2023\/11\/18\/sancor-dio-por-caido-el-fideicomiso-y-busca-un-nuevo-plan\/","title":{"rendered":"SanCor dio por ca\u00eddo el fideicomiso y busca un <b>nuevo<\/b> plan"},"content":{"rendered":"<p>Ins\u00f3lito: Milei public\u00f3 una foto de la Marcha del Orgullo como si hubiese sido su cierre de campa\u00f1a en <b>C\u00f3rdoba<\/b> &#8230; <b>econom\u00eda<\/b> popular y su mega feria. Por&nbsp;&#8230; <\/p>\n","protected":false},"excerpt":{"rendered":"<p>Ins\u00f3lito: Milei public\u00f3 una foto de la Marcha del Orgullo como si hubiese sido su cierre de campa\u00f1a en C\u00f3rdoba &#8230; econom\u00eda popular y su mega feria. Por&nbsp;&#8230;<\/p>\n","protected":false},"author":1,"featured_media":0,"comment_status":"closed","ping_status":"closed","sticky":false,"template":"","format":"standard","meta":[],"categories":[40],"tags":[],"_links":{"self":[{"href":"http:\/\/cordobadirecto.com\/index.php\/wp-json\/wp\/v2\/posts\/143869"}],"collection":[{"href":"http:\/\/cordobadirecto.com\/index.php\/wp-json\/wp\/v2\/posts"}],"about":[{"href":"http:\/\/cordobadirecto.com\/index.php\/wp-json\/wp\/v2\/types\/post"}],"author":[{"embeddable":true,"href":"http:\/\/cordobadirecto.com\/index.php\/wp-json\/wp\/v2\/users\/1"}],"replies":[{"embeddable":true,"href":"http:\/\/cordobadirecto.com\/index.php\/wp-json\/wp\/v2\/comments?post=143869"}],"version-history":[{"count":0,"href":"http:\/\/cordobadirecto.com\/index.php\/wp-json\/wp\/v2\/posts\/143869\/revisions"}],"wp:attachment":[{"href":"http:\/\/cordobadirecto.com\/index.php\/wp-json\/wp\/v2\/media?parent=143869"}],"wp:term":[{"taxonomy":"category","embeddable":true,"href":"http:\/\/cordobadirecto.com\/index.php\/wp-json\/wp\/v2\/categories?post=143869"},{"taxonomy":"post_tag","embeddable":true,"href":"http:\/\/cordobadirecto.com\/index.php\/wp-json\/wp\/v2\/tags?post=143869"}],"curies":[{"name":"wp","href":"https:\/\/api.w.org\/{rel}","templated":true}]}}