{"id":143870,"date":"2023-11-18T21:47:00","date_gmt":"2023-11-18T21:47:00","guid":{"rendered":"http:\/\/cordobadirecto.com\/index.php\/2023\/11\/18\/la-senal-amc-exhibira-la-pelicula-fragmentada-con-jazmin-stuart\/"},"modified":"2023-11-18T21:47:00","modified_gmt":"2023-11-18T21:47:00","slug":"la-senal-amc-exhibira-la-pelicula-fragmentada-con-jazmin-stuart","status":"publish","type":"post","link":"http:\/\/cordobadirecto.com\/index.php\/2023\/11\/18\/la-senal-amc-exhibira-la-pelicula-fragmentada-con-jazmin-stuart\/","title":{"rendered":"La se\u00f1al AMC exhibir\u00e1 la pel\u00edcula &#8220;Fragmentada&#8221;, con Jazm\u00edn Stuart"},"content":{"rendered":"<figure class=\"mb-3\"><img loading=\"lazy\" data-src=\"http:\/\/cordobadirecto.com\/wp-content\/uploads\/2023\/11\/la-senal-amc-exhibira-la-pelicula-fragmentada-con-jazmin-stuart.jpg\" src=\"https:\/\/www.telam.com.ar\/assets\/img\/not_image.png\" class=\" lazy \" width=\"100%\" height=\"100%\" alt=\"Telam SE\"><figcaption><\/figcaption><\/figure>\n<p>La<strong> cadena AMC<\/strong> adquiri\u00f3 para su pantalla a la pel\u00edcula argentina <strong>\u201cFragmentada\u201d<\/strong>, protagonizada por<strong> Jazm\u00edn Stuart<\/strong>, producci\u00f3n que ser\u00e1 televisada por la se\u00f1al de cable primera vez y en toda Latinoam\u00e9rica el pr\u00f3ximo 4 de diciembre.<\/p>\n<p>Dirigida y escrita por <strong>Facundo Escudero Salinas<\/strong> y de reciente paso en salas de cine, <strong>&#8220;Fragmentada&#8221; <\/strong>narra la historia de una polic\u00eda que regresa a la Patagonia para cuidar a su madre, pero el asesinato de la hija de una vieja amiga la lleva a involucrarse en un caso que parece ser ignorado por todos y que esconde los oscuros secretos del lugar, poniendo a todos en peligro.<\/p>\n<p>La pel\u00edcula, que se emitir\u00e1 a las 22, cuenta con un elenco conformado por <strong>C\u00e9sar Bord\u00f3n, Beatriz Spelzini y Marcos Woinsky<\/strong>.<\/p>\n<p>&#8220;Me interes\u00f3 la complejidad del protag\u00f3nico, un poco impulsivo en cuanto a la b\u00fasqueda de justicia y verdad y, por momentos, incorrecta en sus m\u00e9todos, que esconden una fragilidad y una sensibilidad muy grande&#8221;, hab\u00eda contado<strong> Stuart<\/strong> a <strong>T\u00e9lam<\/strong> en agosto \u00faltimo con motivo del estreno del filme.<\/p>\n<p>Adem\u00e1s, la actriz sostuvo: &#8220;Tambi\u00e9n me interes\u00f3 la trama, que habla sobre una familia compuesta por mujeres que tiene un destino tr\u00e1gico que se repite. Tangencialmente, habla sobre la violencia machista y el feminismo sin ninguna bajada de l\u00ednea, sino como una expresi\u00f3n de uni\u00f3n y de autoprotecci\u00f3n entre mujeres&#8221;.<\/p>\n<p>&#8220;Al mismo tiempo aborda la cuesti\u00f3n ambiental, sobre empresas privadas que explotan de manera turbia los recursos naturales en connivencia con algunos sectores del gobierno y c\u00f3mo esto deriva en una persecuci\u00f3n a las comunidades ind\u00edgenas&#8221;, agreg\u00f3.<\/p>\n<p>Desde el 27 de octubre, Cablevisi\u00f3n cuenta en su pantalla con las se\u00f1ales <strong>AMC<\/strong> (en la frecuencia 52 de Cablevisi\u00f3n B\u00e1sico y 318 de Cablevisi\u00f3n Digital) y <strong>AMC HD<\/strong> (en el 658 de Cablevisi\u00f3n HD y Max HD).<\/p>\n","protected":false},"excerpt":{"rendered":"<p>La cadena AMC adquiri\u00f3 para su pantalla a la pel\u00edcula argentina \u201cFragmentada\u201d, protagonizada por Jazm\u00edn Stuart, producci\u00f3n que ser\u00e1 televisada por la se\u00f1al de cable primera vez y en toda Latinoam\u00e9rica el pr\u00f3ximo 4 de diciembre. Dirigida y escrita por Facundo Escudero Salinas y de reciente paso en salas de cine, &#8220;Fragmentada&#8221; narra la historia [&hellip;]<\/p>\n","protected":false},"author":1,"featured_media":143871,"comment_status":"closed","ping_status":"closed","sticky":false,"template":"","format":"standard","meta":[],"categories":[24],"tags":[],"_links":{"self":[{"href":"http:\/\/cordobadirecto.com\/index.php\/wp-json\/wp\/v2\/posts\/143870"}],"collection":[{"href":"http:\/\/cordobadirecto.com\/index.php\/wp-json\/wp\/v2\/posts"}],"about":[{"href":"http:\/\/cordobadirecto.com\/index.php\/wp-json\/wp\/v2\/types\/post"}],"author":[{"embeddable":true,"href":"http:\/\/cordobadirecto.com\/index.php\/wp-json\/wp\/v2\/users\/1"}],"replies":[{"embeddable":true,"href":"http:\/\/cordobadirecto.com\/index.php\/wp-json\/wp\/v2\/comments?post=143870"}],"version-history":[{"count":0,"href":"http:\/\/cordobadirecto.com\/index.php\/wp-json\/wp\/v2\/posts\/143870\/revisions"}],"wp:featuredmedia":[{"embeddable":true,"href":"http:\/\/cordobadirecto.com\/index.php\/wp-json\/wp\/v2\/media\/143871"}],"wp:attachment":[{"href":"http:\/\/cordobadirecto.com\/index.php\/wp-json\/wp\/v2\/media?parent=143870"}],"wp:term":[{"taxonomy":"category","embeddable":true,"href":"http:\/\/cordobadirecto.com\/index.php\/wp-json\/wp\/v2\/categories?post=143870"},{"taxonomy":"post_tag","embeddable":true,"href":"http:\/\/cordobadirecto.com\/index.php\/wp-json\/wp\/v2\/tags?post=143870"}],"curies":[{"name":"wp","href":"https:\/\/api.w.org\/{rel}","templated":true}]}}