{"id":143881,"date":"2023-11-19T05:24:13","date_gmt":"2023-11-19T05:24:13","guid":{"rendered":"https:\/\/www.bbc.com\/mundo\/articles\/c9r64xz1p4wo"},"modified":"2023-11-19T05:24:13","modified_gmt":"2023-11-19T05:24:13","slug":"las-nietas-que-hunden-sus-manos-en-la-tierra-buscando-a-sus-abuelos-fusilados-por-el-franquismo-en-espana","status":"publish","type":"post","link":"http:\/\/cordobadirecto.com\/index.php\/2023\/11\/19\/las-nietas-que-hunden-sus-manos-en-la-tierra-buscando-a-sus-abuelos-fusilados-por-el-franquismo-en-espana\/","title":{"rendered":"Las nietas que hunden sus manos en la tierra buscando a sus abuelos fusilados por el franquismo en Espa\u00f1a"},"content":{"rendered":"<figure class=\"bbc-1qn0xuy\" readability=\"1.5\">\n<div class=\"bbc-sni631\" readability=\"8\"><picture><img loading=\"lazy\" src=\"http:\/\/cordobadirecto.com\/wp-content\/uploads\/2023\/11\/las-nietas-que-hunden-sus-manos-en-la-tierra-buscando-a-sus-abuelos-fusilados-por-el-franquismo-en-espana.jpg\" srcset=\"http:\/\/cordobadirecto.com\/wp-content\/uploads\/2023\/11\/las-nietas-que-hunden-sus-manos-en-la-tierra-buscando-a-sus-abuelos-fusilados-por-el-franquismo-en-espana-9.jpg 240w, http:\/\/cordobadirecto.com\/wp-content\/uploads\/2023\/11\/las-nietas-que-hunden-sus-manos-en-la-tierra-buscando-a-sus-abuelos-fusilados-por-el-franquismo-en-espana-10.jpg 320w, http:\/\/cordobadirecto.com\/wp-content\/uploads\/2023\/11\/las-nietas-que-hunden-sus-manos-en-la-tierra-buscando-a-sus-abuelos-fusilados-por-el-franquismo-en-espana-11.jpg 480w, http:\/\/cordobadirecto.com\/wp-content\/uploads\/2023\/11\/las-nietas-que-hunden-sus-manos-en-la-tierra-buscando-a-sus-abuelos-fusilados-por-el-franquismo-en-espana-12.jpg 624w, http:\/\/cordobadirecto.com\/wp-content\/uploads\/2023\/11\/las-nietas-que-hunden-sus-manos-en-la-tierra-buscando-a-sus-abuelos-fusilados-por-el-franquismo-en-espana-13.jpg 800w\" sizes=\"(min-width: 1008px) 760px, 100vw\" alt=\"Parte de las excavaciones gestionadas por ACVSSR\" width=\"976\" height=\"549\" class=\"bbc-1uwua2r\"><\/picture>\n<p class=\"bbc-kaivkm\" role=\"text\"><span class=\"bbc-m04vo2\">Fuente de la imagen, <\/span><span lang=\"en-GB\">\u00c1lvaro Minguito \/ Aranzadi<\/span><\/p>\n<\/div><figcaption dir=\"ltr\" class=\"bbc-847f6b e6i104o0\" readability=\"1\"><span role=\"text\" readability=\"2\"><span class=\"bbc-m04vo2\">Pie de foto, <\/span><\/p>\n<p>Parte de las excavaciones gestionadas por ACVSSR.<\/p>\n<p><\/span><\/figcaption><\/figure>\n<section role=\"region\" aria-labelledby=\"article-byline\" class=\"bbc-1vjaf6b\"><strong id=\"article-byline\" aria-hidden=\"true\" class=\"bbc-m04vo2\">Article information<\/strong><\/p>\n<ul role=\"list\" class=\"bbc-1rvtlej\">\n<li><span role=\"text\"><span class=\"bbc-m04vo2\">Author, <\/span><span class=\"bbc-1ypcc2\">Arnoldo G\u00e1lvez Su\u00e1rez | Madrid<\/span><\/span><\/li>\n<li><span role=\"text\"><span class=\"bbc-m04vo2\">Role, <!-- --> <\/span><span class=\"bbc-1y5sx98\">Centroam\u00e9ricaCuenta@BBCMundo<\/span><\/span><\/li>\n<li class=\"bbc-v8pmqw\">\n<p><time datetime=\"2023-11-19\" class=\"bbc-1dafq0j e1mklfmt0\">3 horas<\/time><\/p>\n<\/li>\n<\/ul>\n<\/section>\n<div dir=\"ltr\" class=\"bbc-19j92fr ebmt73l0\" readability=\"12\">\n<p dir=\"ltr\" class=\"bbc-hhl7in e17g058b0\"><b>Ambos nacieron en 1902 y fueron fusilados en 1939. Las fechas est\u00e1n inscritas en l\u00e1pidas inexistentes, l\u00e1pidas que les fueron negadas cuando arrojaron sus cuerpos a la fosa com\u00fan. Las sentencias no fueron solo de muerte, tambi\u00e9n de olvido. Pero sus verdugos fracasaron. Hoy sus nietas los nombran y recuerdan.<\/b><\/p>\n<\/div>\n<div dir=\"ltr\" class=\"bbc-19j92fr ebmt73l0\" readability=\"9\">\n<p dir=\"ltr\" class=\"bbc-hhl7in e17g058b0\">Manuel Mateo L\u00f3pez y Facundo Navacerrada Perdiguero eran jornaleros pobres, hombres de familia y ciudadanos involucrados en la vida p\u00fablica de su comunidad. <\/p>\n<\/div>\n<div dir=\"ltr\" class=\"bbc-19j92fr ebmt73l0\" readability=\"12\">\n<p dir=\"ltr\" class=\"bbc-hhl7in e17g058b0\">En 1936, tras el golpe de estado del 18 de julio, el llamado a defender la Rep\u00fablica los coloc\u00f3 en posiciones de liderazgo sindical y municipal en el pueblo de San Sebasti\u00e1n de los Reyes, 18 kil\u00f3metros al norte de Madrid.<\/p>\n<\/div>\n<div dir=\"ltr\" class=\"bbc-19j92fr ebmt73l0\" readability=\"11\">\n<p dir=\"ltr\" class=\"bbc-hhl7in e17g058b0\">Manuel era alcalde cuando la aviaci\u00f3n nazi bombarde\u00f3 Colmenar Viejo, un pueblo vecino. En respuesta, Manuel mand\u00f3 a construir refugios para proteger a los sobrevivientes y les garantiz\u00f3 alimentaci\u00f3n y abrigo.<\/p>\n<\/div>\n<div dir=\"ltr\" class=\"bbc-19j92fr ebmt73l0\" readability=\"12\">\n<p dir=\"ltr\" class=\"bbc-hhl7in e17g058b0\">Facundo fue teniente alcalde del mismo concejo municipal. Juntos, le cerraron el paso al hambre y la enfermedad, males subsidiarios de la guerra, y solucionaron los problemas de abastecimiento que enfrentaba el pueblo.<\/p>\n<\/div>\n<div dir=\"ltr\" class=\"bbc-19j92fr ebmt73l0\" readability=\"7\">\n<p dir=\"ltr\" class=\"bbc-hhl7in e17g058b0\">Ambos sirvieron en el frente por la defensa de Madrid.<\/p>\n<\/div>\n<div dir=\"ltr\" class=\"bbc-19j92fr ebmt73l0\" readability=\"10\">\n<p dir=\"ltr\" class=\"bbc-hhl7in e17g058b0\">En medio de las explosiones, la sangre y la traici\u00f3n, Manuel y Facundo imaginaron e hicieron realidad maneras alternativas de organizar la vida.<\/p>\n<\/div>\n<div dir=\"ltr\" class=\"bbc-19j92fr ebmt73l0\" readability=\"8\">\n<p dir=\"ltr\" class=\"bbc-hhl7in e17g058b0\">Al parecer, ese fue su crimen.<\/p>\n<\/div>\n<figure class=\"bbc-1qn0xuy\" readability=\"1.5\">\n<div class=\"bbc-sni631\" readability=\"8\"><picture><img src=\"http:\/\/cordobadirecto.com\/wp-content\/uploads\/2023\/11\/las-nietas-que-hunden-sus-manos-en-la-tierra-buscando-a-sus-abuelos-fusilados-por-el-franquismo-en-espana-1.jpg\" srcset=\"http:\/\/cordobadirecto.com\/wp-content\/uploads\/2023\/11\/las-nietas-que-hunden-sus-manos-en-la-tierra-buscando-a-sus-abuelos-fusilados-por-el-franquismo-en-espana-14.jpg 240w, http:\/\/cordobadirecto.com\/wp-content\/uploads\/2023\/11\/las-nietas-que-hunden-sus-manos-en-la-tierra-buscando-a-sus-abuelos-fusilados-por-el-franquismo-en-espana-15.jpg 320w, http:\/\/cordobadirecto.com\/wp-content\/uploads\/2023\/11\/las-nietas-que-hunden-sus-manos-en-la-tierra-buscando-a-sus-abuelos-fusilados-por-el-franquismo-en-espana-16.jpg 480w, http:\/\/cordobadirecto.com\/wp-content\/uploads\/2023\/11\/las-nietas-que-hunden-sus-manos-en-la-tierra-buscando-a-sus-abuelos-fusilados-por-el-franquismo-en-espana-17.jpg 624w, http:\/\/cordobadirecto.com\/wp-content\/uploads\/2023\/11\/las-nietas-que-hunden-sus-manos-en-la-tierra-buscando-a-sus-abuelos-fusilados-por-el-franquismo-en-espana-18.jpg 800w\" sizes=\"(min-width: 1008px) 760px, 100vw\" alt=\"Carmen Carreras y Benita Navacerrada\" loading=\"lazy\" width=\"1522\" height=\"857\" class=\"bbc-1uwua2r\"><\/picture>\n<p class=\"bbc-kaivkm\" role=\"text\"><span class=\"bbc-m04vo2\">Fuente de la imagen, <\/span><span lang=\"en-GB\">\u00c1lvaro Minguito \/ Aranzadi<\/span><\/p>\n<\/div><figcaption dir=\"ltr\" class=\"bbc-847f6b e6i104o0\" readability=\"3\"><span role=\"text\" readability=\"6\"><span class=\"bbc-m04vo2\">Pie de foto, <\/span><\/p>\n<p>Carmen Carreras, secretaria de la Asociaci\u00f3n Comisi\u00f3n de la verdad de Sanse, junto a Benita Navacerrada, hija de uno de los represaliados en Colmenar.<\/p>\n<p><\/span><\/figcaption><\/figure>\n<div dir=\"ltr\" class=\"bbc-19j92fr ebmt73l0\" readability=\"10\">\n<p dir=\"ltr\" class=\"bbc-hhl7in e17g058b0\">En 1939, cuando los golpistas triunfaron, Manuel y Facundo fueron condenados a muerte. Los trasladaron a Colmenar Viejo. <\/p>\n<\/div>\n<div dir=\"ltr\" class=\"bbc-19j92fr ebmt73l0\" readability=\"8\">\n<p dir=\"ltr\" class=\"bbc-hhl7in e17g058b0\">El improvisado tribunal que los encontr\u00f3 culpables recurri\u00f3 a denuncias espurias de vecinos que buscaban congraciarse con el nuevo r\u00e9gimen.<\/p>\n<\/div>\n<div dir=\"ltr\" class=\"bbc-19j92fr ebmt73l0\" readability=\"8\">\n<p dir=\"ltr\" class=\"bbc-hhl7in e17g058b0\">Facundo fue fusilado el 24 de mayo; Manuel, el 22 de octubre.<\/p>\n<\/div>\n<div dir=\"ltr\" class=\"bbc-19j92fr ebmt73l0\" readability=\"10\">\n<p dir=\"ltr\" class=\"bbc-hhl7in e17g058b0\">Sus cuerpos, junto con los de otras 106 v\u00edctimas, fueron enterrados en una fosa com\u00fan en el cementerio de Colmenar Viejo.<\/p>\n<\/div>\n<div dir=\"ltr\" class=\"bbc-19j92fr ebmt73l0\" readability=\"10\">\n<p dir=\"ltr\" class=\"bbc-hhl7in e17g058b0\">84 a\u00f1os despu\u00e9s, escucho esta historia en boca de Esther Mateo Cabrero y Gema L\u00f3pez Navacerrada, nietas de Manuel y Facundo. <\/p>\n<\/div>\n<div dir=\"ltr\" class=\"bbc-19j92fr ebmt73l0\" readability=\"8\">\n<p dir=\"ltr\" class=\"bbc-hhl7in e17g058b0\">A Gema y Esther las mueve un objetivo concreto: remover la tierra para recuperar los huesos de sus abuelos.<\/p>\n<\/div>\n<div dir=\"ltr\" class=\"bbc-19j92fr ebmt73l0\" readability=\"15\">\n<p dir=\"ltr\" class=\"bbc-hhl7in e17g058b0\">&#8220;Por eso estamos aqu\u00ed&#8221;, dice Esther, &#8220;para dignificar la memoria de los nuestros, porque no fueron perros, sino personas que ten\u00edan un pasado, unos padres, unos hijos. Y ahora estamos aqu\u00ed sus nietos&#8221;.<\/p>\n<\/div>\n<figure class=\"bbc-1qn0xuy\" readability=\"1.5\">\n<div class=\"bbc-sni631\" readability=\"8\"><picture><img src=\"http:\/\/cordobadirecto.com\/wp-content\/uploads\/2023\/11\/las-nietas-que-hunden-sus-manos-en-la-tierra-buscando-a-sus-abuelos-fusilados-por-el-franquismo-en-espana-2.jpg\" srcset=\"http:\/\/cordobadirecto.com\/wp-content\/uploads\/2023\/11\/las-nietas-que-hunden-sus-manos-en-la-tierra-buscando-a-sus-abuelos-fusilados-por-el-franquismo-en-espana-19.jpg 240w, http:\/\/cordobadirecto.com\/wp-content\/uploads\/2023\/11\/las-nietas-que-hunden-sus-manos-en-la-tierra-buscando-a-sus-abuelos-fusilados-por-el-franquismo-en-espana-20.jpg 320w, http:\/\/cordobadirecto.com\/wp-content\/uploads\/2023\/11\/las-nietas-que-hunden-sus-manos-en-la-tierra-buscando-a-sus-abuelos-fusilados-por-el-franquismo-en-espana-21.jpg 480w, http:\/\/cordobadirecto.com\/wp-content\/uploads\/2023\/11\/las-nietas-que-hunden-sus-manos-en-la-tierra-buscando-a-sus-abuelos-fusilados-por-el-franquismo-en-espana-22.jpg 624w, http:\/\/cordobadirecto.com\/wp-content\/uploads\/2023\/11\/las-nietas-que-hunden-sus-manos-en-la-tierra-buscando-a-sus-abuelos-fusilados-por-el-franquismo-en-espana-23.jpg 800w\" sizes=\"(min-width: 1008px) 760px, 100vw\" alt=\"Equipo de excavaci\u00f3n de Aranzadi junto a miembros de la ACVSSR\" loading=\"lazy\" width=\"1453\" height=\"817\" class=\"bbc-1uwua2r\"><\/picture>\n<p class=\"bbc-kaivkm\" role=\"text\"><span class=\"bbc-m04vo2\">Fuente de la imagen, <\/span><span lang=\"en-GB\">\u00c1lvaro Minguito \/ Aranzadi<\/span><\/p>\n<\/div><figcaption dir=\"ltr\" class=\"bbc-847f6b e6i104o0\" readability=\"1\"><span role=\"text\" readability=\"2\"><span class=\"bbc-m04vo2\">Pie de foto, <\/span><\/p>\n<p>Equipo de excavaci\u00f3n de Aranzadi junto a miembros de la ACVSSR.<\/p>\n<p><\/span><\/figcaption><\/figure>\n<div dir=\"ltr\" class=\"bbc-19j92fr ebmt73l0\" readability=\"13\">\n<p dir=\"ltr\" class=\"bbc-hhl7in e17g058b0\">Vine a Sebasti\u00e1n de los Reyes para reunirme con Gema y Esther, pero tambi\u00e9n con Luis P\u00e9rez Lara y Carmen Carreras B\u00e9jar, presidente y secretaria de la Asociaci\u00f3n Comisi\u00f3n de la Verdad de San Sebasti\u00e1n de los Reyes (ACVSSR), quienes impulsan el proyecto de exhumaci\u00f3n en el cementerio de Colmenar Viejo.<\/p>\n<\/div>\n<div dir=\"ltr\" class=\"bbc-19j92fr ebmt73l0\" readability=\"9\">\n<p dir=\"ltr\" class=\"bbc-hhl7in e17g058b0\">Nos encontramos en el centro cultural Blas de Otero, un espacio empe\u00f1ado en propiciar el encuentro comunitario en tiempos de ensimismamiento digital.<\/p>\n<\/div>\n<div dir=\"ltr\" class=\"bbc-19j92fr ebmt73l0\" readability=\"11\">\n<p dir=\"ltr\" class=\"bbc-hhl7in e17g058b0\">Luis me da la bienvenida con una sonrisa hospitalaria. Ese hombre que ha visto de frente el horror no escatima sonrisas. Varias veces, quiz\u00e1 demasiadas, exclamo que no lo puedo creer cuando me dice que tiene 87 a\u00f1os. <\/p>\n<\/div>\n<div dir=\"ltr\" class=\"bbc-19j92fr ebmt73l0\" readability=\"13\">\n<p dir=\"ltr\" class=\"bbc-hhl7in e17g058b0\">La espalda erguida, la mano fuerte, la palabra resuelta me muestran a una persona por lo menos veinte a\u00f1os menor. Si Luis fuera distante y parco, si decidiera enfrentar la vida con una mueca amarga, nadie podr\u00eda juzgarlo. Pero en cambio sonr\u00ede. <\/p>\n<\/div>\n<div dir=\"ltr\" class=\"bbc-19j92fr ebmt73l0\" readability=\"8\">\n<p dir=\"ltr\" class=\"bbc-hhl7in e17g058b0\">\u00bfDe d\u00f3nde viene esa sonrisa? \u00bfDe haber dado con la f\u00f3rmula para convertir el sufrimiento en el combustible que le permite seguir creyendo que la justicia es posible?<\/p>\n<\/div>\n<figure class=\"bbc-1qn0xuy\" readability=\"1.5\">\n<div class=\"bbc-sni631\" readability=\"8\"><picture><img src=\"http:\/\/cordobadirecto.com\/wp-content\/uploads\/2023\/11\/las-nietas-que-hunden-sus-manos-en-la-tierra-buscando-a-sus-abuelos-fusilados-por-el-franquismo-en-espana-3.jpg\" srcset=\"http:\/\/cordobadirecto.com\/wp-content\/uploads\/2023\/11\/las-nietas-que-hunden-sus-manos-en-la-tierra-buscando-a-sus-abuelos-fusilados-por-el-franquismo-en-espana-24.jpg 240w, http:\/\/cordobadirecto.com\/wp-content\/uploads\/2023\/11\/las-nietas-que-hunden-sus-manos-en-la-tierra-buscando-a-sus-abuelos-fusilados-por-el-franquismo-en-espana-25.jpg 320w, http:\/\/cordobadirecto.com\/wp-content\/uploads\/2023\/11\/las-nietas-que-hunden-sus-manos-en-la-tierra-buscando-a-sus-abuelos-fusilados-por-el-franquismo-en-espana-26.jpg 480w, http:\/\/cordobadirecto.com\/wp-content\/uploads\/2023\/11\/las-nietas-que-hunden-sus-manos-en-la-tierra-buscando-a-sus-abuelos-fusilados-por-el-franquismo-en-espana-27.jpg 624w, http:\/\/cordobadirecto.com\/wp-content\/uploads\/2023\/11\/las-nietas-que-hunden-sus-manos-en-la-tierra-buscando-a-sus-abuelos-fusilados-por-el-franquismo-en-espana-28.jpg 800w\" sizes=\"(min-width: 1008px) 760px, 100vw\" alt=\"Esther Mateo, nieta de Manuel Mateo L\u00f3pez y Gema Navacerrada\" loading=\"lazy\" width=\"2200\" height=\"1467\" class=\"bbc-1uwua2r\"><\/picture>\n<p class=\"bbc-kaivkm\" role=\"text\"><span class=\"bbc-m04vo2\">Fuente de la imagen, <\/span><span lang=\"en-GB\">\u00c1lvaro Minguito<\/span><\/p>\n<\/div><figcaption dir=\"ltr\" class=\"bbc-847f6b e6i104o0\" readability=\"4.5\"><span role=\"text\" readability=\"9\"><span class=\"bbc-m04vo2\">Pie de foto, <\/span><\/p>\n<p>Esther Mateo, nieta de Manuel Mateo L\u00f3pez, junto a Gema Navacerrada, nieta de Facundo Navacerrada, dos de los represaliados en Colmenar Viejo tras la guerra civil espa\u00f1ola, se asoman a los trabajos en la fosa com\u00fan de Colmenar Viejo.<\/p>\n<p><\/span><\/figcaption><\/figure>\n<div dir=\"ltr\" class=\"bbc-19j92fr ebmt73l0\" readability=\"10\">\n<p dir=\"ltr\" class=\"bbc-hhl7in e17g058b0\">&#8220;Se oye con mucha frecuencia&#8221;, dice Luis, &#8220;que lo que aqu\u00ed ocurri\u00f3 fue una guerra y que hubo dos bandos que cometieron barbaridades. Yo digo que eso es mentira. <\/p>\n<\/div>\n<div dir=\"ltr\" class=\"bbc-19j92fr ebmt73l0\" readability=\"12\">\n<p dir=\"ltr\" class=\"bbc-hhl7in e17g058b0\">Aqu\u00ed lo que hubo fue un golpe de Estado que trat\u00f3 de destruir la Rep\u00fablica y esta, que no era un \u2018bando\u2019, sino un gobierno elegido democr\u00e1ticamente, se defendi\u00f3. Mis padres eran comunistas los dos y se fueron al frente a defender la Rep\u00fablica. <\/p>\n<\/div>\n<div dir=\"ltr\" class=\"bbc-19j92fr ebmt73l0\" readability=\"10\">\n<p dir=\"ltr\" class=\"bbc-hhl7in e17g058b0\">A m\u00ed, de tres mesesitos, me dejaron al cuidado de mis abuelos. Durante tres a\u00f1os fui el hijo de unos h\u00e9roes. <\/p>\n<\/div>\n<div dir=\"ltr\" class=\"bbc-19j92fr ebmt73l0\" readability=\"13\">\n<p dir=\"ltr\" class=\"bbc-hhl7in e17g058b0\">Se acaban los tres a\u00f1os, triunfan los golpistas, y de un d\u00eda a otro me convierto en el hijo de unos rojos asesinos, hijos de puta. Mi padre sali\u00f3 al exilio. A los 21 a\u00f1os, viajo a Francia a conocerlo.<\/p>\n<\/div>\n<div dir=\"ltr\" class=\"bbc-19j92fr ebmt73l0\" readability=\"8\">\n<p dir=\"ltr\" class=\"bbc-hhl7in e17g058b0\">Descubro un pa\u00eds que no se parece en nada al m\u00edo. En el m\u00edo las c\u00e1rceles est\u00e1n llenas de opositores y todav\u00eda se ordenan fusilamientos. En ese momento me integro a la lucha clandestina. <\/p>\n<\/div>\n<div dir=\"ltr\" class=\"bbc-19j92fr ebmt73l0\" readability=\"10\">\n<p dir=\"ltr\" class=\"bbc-hhl7in e17g058b0\">En el a\u00f1o 68 me capturan y me sentencian a 13 a\u00f1os de c\u00e1rcel. Para justificar la sentencia, la polic\u00eda argumenta que se me encontraron octavillas que llamaban a los trabajadores a luchar por la democracia. Ese era mi delito. <\/p>\n<\/div>\n<div dir=\"ltr\" class=\"bbc-19j92fr ebmt73l0\" readability=\"7\">\n<p dir=\"ltr\" class=\"bbc-hhl7in e17g058b0\">Fui torturado por el equipo policial de Billy &#8216;El Ni\u00f1o&#8217;. Yo pas\u00e9 por sus desgraciadas manos&#8221;.<\/p>\n<\/div>\n<figure class=\"bbc-1qn0xuy\" readability=\"1.5\">\n<div class=\"bbc-sni631\" readability=\"8\"><picture><img src=\"http:\/\/cordobadirecto.com\/wp-content\/uploads\/2023\/11\/las-nietas-que-hunden-sus-manos-en-la-tierra-buscando-a-sus-abuelos-fusilados-por-el-franquismo-en-espana-4.jpg\" srcset=\"http:\/\/cordobadirecto.com\/wp-content\/uploads\/2023\/11\/las-nietas-que-hunden-sus-manos-en-la-tierra-buscando-a-sus-abuelos-fusilados-por-el-franquismo-en-espana-29.jpg 240w, http:\/\/cordobadirecto.com\/wp-content\/uploads\/2023\/11\/las-nietas-que-hunden-sus-manos-en-la-tierra-buscando-a-sus-abuelos-fusilados-por-el-franquismo-en-espana-30.jpg 320w, http:\/\/cordobadirecto.com\/wp-content\/uploads\/2023\/11\/las-nietas-que-hunden-sus-manos-en-la-tierra-buscando-a-sus-abuelos-fusilados-por-el-franquismo-en-espana-31.jpg 480w, http:\/\/cordobadirecto.com\/wp-content\/uploads\/2023\/11\/las-nietas-que-hunden-sus-manos-en-la-tierra-buscando-a-sus-abuelos-fusilados-por-el-franquismo-en-espana-32.jpg 624w, http:\/\/cordobadirecto.com\/wp-content\/uploads\/2023\/11\/las-nietas-que-hunden-sus-manos-en-la-tierra-buscando-a-sus-abuelos-fusilados-por-el-franquismo-en-espana-33.jpg 800w\" sizes=\"(min-width: 1008px) 760px, 100vw\" alt=\"Muestra de un cr\u00e1neo de una de los exhumados con un impacto de bala \" loading=\"lazy\" width=\"1536\" height=\"1024\" class=\"bbc-1uwua2r\"><\/picture>\n<p class=\"bbc-kaivkm\" role=\"text\"><span class=\"bbc-m04vo2\">Fuente de la imagen, <\/span><span lang=\"en-GB\">\u00c1lvaro Minguito \/ Aranzadi<\/span><\/p>\n<\/div><figcaption dir=\"ltr\" class=\"bbc-847f6b e6i104o0\" readability=\"1\"><span role=\"text\" readability=\"2\"><span class=\"bbc-m04vo2\">Pie de foto, <\/span><\/p>\n<p>Muestra de un cr\u00e1neo de una de los exhumados con un impacto de bala.<\/p>\n<p><\/span><\/figcaption><\/figure>\n<div dir=\"ltr\" class=\"bbc-19j92fr ebmt73l0\" readability=\"10\">\n<p dir=\"ltr\" class=\"bbc-hhl7in e17g058b0\">Carmen, secretaria y vocera de la ACVSSR, tiene la mirada escrutadora y le interesa que todo cuanto diga est\u00e9 fundamentado. <\/p>\n<\/div>\n<div dir=\"ltr\" class=\"bbc-19j92fr ebmt73l0\" readability=\"10\">\n<p dir=\"ltr\" class=\"bbc-hhl7in e17g058b0\">Su formaci\u00f3n cient\u00edfica no le impide, sin embargo, emocionarse y me muestra sin reparos el brazo escalofriado cuando la conmueve alg\u00fan episodio del relato que est\u00e1 comenzando a contarme.<\/p>\n<\/div>\n<div dir=\"ltr\" class=\"bbc-19j92fr ebmt73l0\" readability=\"8\">\n<p dir=\"ltr\" class=\"bbc-hhl7in e17g058b0\">&#8220;Este pa\u00eds nos ha mantenido con mentiras durante 40 a\u00f1os de franquismo y muchos de democracia. Yo me crie sin saber nada de esto. Apenas lo descubr\u00ed cuando fui a la universidad&#8221;.<\/p>\n<\/div>\n<div dir=\"ltr\" class=\"bbc-19j92fr ebmt73l0\" readability=\"10\">\n<p dir=\"ltr\" class=\"bbc-hhl7in e17g058b0\">A m\u00ed me ocurri\u00f3 lo mismo, le digo. No fue sino hasta que fui a la universidad que comprend\u00ed las dimensiones del horror que se hab\u00eda vivido en Guatemala, de donde vengo. <\/p>\n<\/div>\n<div dir=\"ltr\" class=\"bbc-19j92fr ebmt73l0\" readability=\"8\">\n<p dir=\"ltr\" class=\"bbc-hhl7in e17g058b0\">En Guatemala tambi\u00e9n se interrumpi\u00f3 un proceso democr\u00e1tico con la excusa de defender al pa\u00eds del comunismo. <\/p>\n<\/div>\n<div dir=\"ltr\" class=\"bbc-19j92fr ebmt73l0\" readability=\"10\">\n<p dir=\"ltr\" class=\"bbc-hhl7in e17g058b0\">En Guatemala, tambi\u00e9n, familiares de v\u00edctimas masacradas por el ej\u00e9rcito contin\u00faan cavando agujeros en la tierra con la esperanza de encontrar los restos de sus parientes.<\/p>\n<\/div>\n<figure class=\"bbc-1qn0xuy\" readability=\"1.5\">\n<div class=\"bbc-sni631\" readability=\"8\"><picture><img src=\"http:\/\/cordobadirecto.com\/wp-content\/uploads\/2023\/11\/las-nietas-que-hunden-sus-manos-en-la-tierra-buscando-a-sus-abuelos-fusilados-por-el-franquismo-en-espana-5.jpg\" srcset=\"http:\/\/cordobadirecto.com\/wp-content\/uploads\/2023\/11\/las-nietas-que-hunden-sus-manos-en-la-tierra-buscando-a-sus-abuelos-fusilados-por-el-franquismo-en-espana-34.jpg 240w, http:\/\/cordobadirecto.com\/wp-content\/uploads\/2023\/11\/las-nietas-que-hunden-sus-manos-en-la-tierra-buscando-a-sus-abuelos-fusilados-por-el-franquismo-en-espana-35.jpg 320w, http:\/\/cordobadirecto.com\/wp-content\/uploads\/2023\/11\/las-nietas-que-hunden-sus-manos-en-la-tierra-buscando-a-sus-abuelos-fusilados-por-el-franquismo-en-espana-36.jpg 480w, http:\/\/cordobadirecto.com\/wp-content\/uploads\/2023\/11\/las-nietas-que-hunden-sus-manos-en-la-tierra-buscando-a-sus-abuelos-fusilados-por-el-franquismo-en-espana-37.jpg 624w, http:\/\/cordobadirecto.com\/wp-content\/uploads\/2023\/11\/las-nietas-que-hunden-sus-manos-en-la-tierra-buscando-a-sus-abuelos-fusilados-por-el-franquismo-en-espana-38.jpg 800w\" sizes=\"(min-width: 1008px) 760px, 100vw\" alt=\"Una de las integrantes de Arazandi realizando labores de recopilaci\u00f3n \" loading=\"lazy\" width=\"1536\" height=\"1024\" class=\"bbc-1uwua2r\"><\/picture>\n<p class=\"bbc-kaivkm\" role=\"text\"><span class=\"bbc-m04vo2\">Fuente de la imagen, <\/span><span lang=\"en-GB\">\u00c1lvaro Minguito \/ Aranzadi<\/span><\/p>\n<\/div><figcaption dir=\"ltr\" class=\"bbc-847f6b e6i104o0\" readability=\"1\"><span role=\"text\" readability=\"2\"><span class=\"bbc-m04vo2\">Pie de foto, <\/span><\/p>\n<p>Una de las integrantes de Arazandi realizando labores de recopilaci\u00f3n.<\/p>\n<p><\/span><\/figcaption><\/figure>\n<div dir=\"ltr\" class=\"bbc-19j92fr ebmt73l0\" readability=\"11\">\n<p dir=\"ltr\" class=\"bbc-hhl7in e17g058b0\">&#8220;Para llevar adelante este proyecto&#8221;, dice Carmen, &#8220;nos enfrentamos al problema de que nosotros \u00e9ramos una asociaci\u00f3n local de San Sebasti\u00e1n de los Reyes y la exhumaci\u00f3n hab\u00eda que hacerla en otro municipio&#8221;.<\/p>\n<\/div>\n<div dir=\"ltr\" class=\"bbc-19j92fr ebmt73l0\" readability=\"13\">\n<p dir=\"ltr\" class=\"bbc-hhl7in e17g058b0\">La Asociaci\u00f3n, sin embargo, consigui\u00f3 que su ayuntamiento se pusiera de acuerdo con los alcaldes de los otros siete ayuntamientos, para presentar un proyecto al gobierno, amparado por la reci\u00e9n aprobada Ley de Memoria Democr\u00e1tica.<\/p>\n<\/div>\n<div dir=\"ltr\" class=\"bbc-19j92fr ebmt73l0\" readability=\"14\">\n<p dir=\"ltr\" class=\"bbc-hhl7in e17g058b0\">&#8220;Nuestra asociaci\u00f3n&#8221;, enfatiza Carmen, &#8220;se tiene que sentir orgullosa de que alcaldes del PP, del PSOE, de Ciudadanos e Independientes, se hayan puesto de acuerdo y dijeran que s\u00ed al proyecto. Hay cosas que simplemente superan los criterios partidistas&#8221;.<\/p>\n<\/div>\n<div dir=\"ltr\" class=\"bbc-19j92fr ebmt73l0\" readability=\"9\">\n<p dir=\"ltr\" class=\"bbc-hhl7in e17g058b0\">En asocio con la Sociedad de Ciencias Aranzadi, el proyecto comenz\u00f3 en 2022 y a la fecha se han recuperado m\u00e1s de la mitad de los restos de los 108 fusilados. <\/p>\n<\/div>\n<div dir=\"ltr\" class=\"bbc-19j92fr ebmt73l0\" readability=\"14\">\n<p dir=\"ltr\" class=\"bbc-hhl7in e17g058b0\">Sin embargo, hasta que finalice el proceso, la Unidad de Antropolog\u00eda F\u00edsica de la Universidad Complutense de Madrid y el laboratorio BIOMICS, de la Universidad del Pa\u00eds Vasco, no podr\u00e1n analizar las muestras de ADN para determinar cu\u00e1les restos pertenecen a Facundo Navacerrada y cu\u00e1les a Manuel Mateo.<\/p>\n<\/div>\n<figure class=\"bbc-1qn0xuy\" readability=\"1.5\">\n<div class=\"bbc-sni631\" readability=\"8\"><picture><img src=\"http:\/\/cordobadirecto.com\/wp-content\/uploads\/2023\/11\/las-nietas-que-hunden-sus-manos-en-la-tierra-buscando-a-sus-abuelos-fusilados-por-el-franquismo-en-espana-6.jpg\" srcset=\"http:\/\/cordobadirecto.com\/wp-content\/uploads\/2023\/11\/las-nietas-que-hunden-sus-manos-en-la-tierra-buscando-a-sus-abuelos-fusilados-por-el-franquismo-en-espana-39.jpg 240w, http:\/\/cordobadirecto.com\/wp-content\/uploads\/2023\/11\/las-nietas-que-hunden-sus-manos-en-la-tierra-buscando-a-sus-abuelos-fusilados-por-el-franquismo-en-espana-40.jpg 320w, http:\/\/cordobadirecto.com\/wp-content\/uploads\/2023\/11\/las-nietas-que-hunden-sus-manos-en-la-tierra-buscando-a-sus-abuelos-fusilados-por-el-franquismo-en-espana-41.jpg 480w, http:\/\/cordobadirecto.com\/wp-content\/uploads\/2023\/11\/las-nietas-que-hunden-sus-manos-en-la-tierra-buscando-a-sus-abuelos-fusilados-por-el-franquismo-en-espana-42.jpg 624w, http:\/\/cordobadirecto.com\/wp-content\/uploads\/2023\/11\/las-nietas-que-hunden-sus-manos-en-la-tierra-buscando-a-sus-abuelos-fusilados-por-el-franquismo-en-espana-43.jpg 800w\" sizes=\"(min-width: 1008px) 760px, 100vw\" alt=\"Jornada de excavaci\u00f3n\" loading=\"lazy\" width=\"1536\" height=\"1024\" class=\"bbc-1uwua2r\"><\/picture>\n<p class=\"bbc-kaivkm\" role=\"text\"><span class=\"bbc-m04vo2\">Fuente de la imagen, <\/span><span lang=\"en-GB\">\u00c1lvaro Minguito \/ Aranzadi<\/span><\/p>\n<\/div><figcaption dir=\"ltr\" class=\"bbc-847f6b e6i104o0\"><span role=\"text\"><span class=\"bbc-m04vo2\">Pie de foto, <\/span><\/p>\n<p>Jornada de excavaci\u00f3n.<\/p>\n<p><\/span><\/figcaption><\/figure>\n<div dir=\"ltr\" class=\"bbc-19j92fr ebmt73l0\" readability=\"12\">\n<p dir=\"ltr\" class=\"bbc-hhl7in e17g058b0\">Para los mayas, pueblo originario del pa\u00eds de donde vengo, los abuelos y las abuelas son quienes nos revelan lo que somos, nos proveen de un lugar en el mundo y nos consuelan frente al misterio c\u00edclico de la vida y la muerte. <\/p>\n<\/div>\n<div dir=\"ltr\" class=\"bbc-19j92fr ebmt73l0\" readability=\"7\">\n<p dir=\"ltr\" class=\"bbc-hhl7in e17g058b0\">Nos plantan como a ceibas en la tierra y en el tiempo.<\/p>\n<\/div>\n<div dir=\"ltr\" class=\"bbc-19j92fr ebmt73l0\" readability=\"9\">\n<p dir=\"ltr\" class=\"bbc-hhl7in e17g058b0\">Tengo en mis manos dos folletos editados por la Asociaci\u00f3n que honran la memoria de Facundo y Manuel. Las cubiertas muestran los retratos de ambos en blanco y negro: hombres j\u00f3venes que miran a la c\u00e1mara con orgullo. <\/p>\n<\/div>\n<div dir=\"ltr\" class=\"bbc-19j92fr ebmt73l0\" readability=\"10\">\n<p dir=\"ltr\" class=\"bbc-hhl7in e17g058b0\">Pienso primero que me est\u00e1 traicionando la imaginaci\u00f3n, pero despu\u00e9s de un par de ojeadas lo confirmo: Gema se parece mucho a Facundo, Esther se parece mucho a Manuel. <\/p>\n<\/div>\n<div dir=\"ltr\" class=\"bbc-19j92fr ebmt73l0\" readability=\"8\">\n<p dir=\"ltr\" class=\"bbc-hhl7in e17g058b0\">La gen\u00e9tica ha conseguido hacerle un doblez al tiempo y los dos hombres parecen reunirse de nuevo a trav\u00e9s de los genes de sus nietas.<\/p>\n<\/div>\n<div dir=\"ltr\" class=\"bbc-19j92fr ebmt73l0\" readability=\"12\">\n<p dir=\"ltr\" class=\"bbc-hhl7in e17g058b0\">En ese momento, Gema est\u00e1 hablando de su madre, Benita Navacerrada, que se ha convertido en s\u00edmbolo de la lucha contra el olvido y representante de una generaci\u00f3n para quienes la reivindicaci\u00f3n de la memoria y la justicia parece haber llegado demasiado tarde. <\/p>\n<\/div>\n<div dir=\"ltr\" class=\"bbc-19j92fr ebmt73l0\" readability=\"9\">\n<p dir=\"ltr\" class=\"bbc-hhl7in e17g058b0\">A sus 91 a\u00f1os, Benita Navacerrada sigue en pie y en ella se re\u00fanen las aspiraciones de miles de hombres y mujeres que murieron sin saber d\u00f3nde estaban enterrados sus padres.<\/p>\n<\/div>\n<div dir=\"ltr\" class=\"bbc-19j92fr ebmt73l0\" readability=\"7\">\n<p dir=\"ltr\" class=\"bbc-hhl7in e17g058b0\">Gema dice que su madre se acuerda de todo.<\/p>\n<\/div>\n<div dir=\"ltr\" class=\"bbc-19j92fr ebmt73l0\" readability=\"9\">\n<p dir=\"ltr\" class=\"bbc-hhl7in e17g058b0\">&#8220;Lo cual&#8221;, precisa, &#8220;es bueno y malo porque se pasa todo el d\u00eda pensando en ello&#8221;.<\/p>\n<\/div>\n<div dir=\"ltr\" class=\"bbc-19j92fr ebmt73l0\" readability=\"9\">\n<p dir=\"ltr\" class=\"bbc-hhl7in e17g058b0\">Hay un recuerdo que a Benita le causa especial sufrimiento: en San Sebasti\u00e1n de los Reyes todo el mundo dec\u00eda que a Facundo no lo fusilaron, sino lo quemaron.<\/p>\n<\/div>\n<div dir=\"ltr\" class=\"bbc-19j92fr ebmt73l0\" readability=\"11\">\n<p dir=\"ltr\" class=\"bbc-hhl7in e17g058b0\">&#8220;De hecho, mi madre sabe qui\u00e9n llev\u00f3 la gasolina. Y ese se\u00f1or, con el que ella se vio forzada a convivir en un pueblo de 1.500 habitantes, pas\u00f3 de ser un pobrecito a que le regalaran una finca&#8221;.<\/p>\n<\/div>\n<div dir=\"ltr\" class=\"bbc-19j92fr ebmt73l0\" readability=\"7\">\n<p dir=\"ltr\" class=\"bbc-hhl7in e17g058b0\">Las l\u00e1grimas asoman en los ojos de Gema.<\/p>\n<\/div>\n<div dir=\"ltr\" class=\"bbc-19j92fr ebmt73l0\" readability=\"12\">\n<p dir=\"ltr\" class=\"bbc-hhl7in e17g058b0\">&#8220;Si es verdad que lo quemaron&#8221;, contin\u00faa, &#8220;reconozco que no aparecer\u00e1 y para mi madre eso va a ser muy duro. Ella dice que lo entiende, pero cuando empecemos a entregar los restos a los familiares y ella no tenga los de su padre\u2026&#8221;.<\/p>\n<\/div>\n<div dir=\"ltr\" class=\"bbc-19j92fr ebmt73l0\" readability=\"9\">\n<p dir=\"ltr\" class=\"bbc-hhl7in e17g058b0\">&#8220;Eso no lo sabemos&#8221;, interrumpe Carmen, &#8220;yo espero que no sea cierto&#8221;.<\/p>\n<\/div>\n<div dir=\"ltr\" class=\"bbc-19j92fr ebmt73l0\" readability=\"11\">\n<p dir=\"ltr\" class=\"bbc-hhl7in e17g058b0\">Con gran sabidur\u00eda y sensibilidad simb\u00f3lica, necesarias para comprender los mecanismos sutiles del duelo, durante la primera excavaci\u00f3n surgi\u00f3 la idea de recoger montoncitos de tierra de la fosa y colocarlos en peque\u00f1os saquitos de cuero para entregar a los familiares. <\/p>\n<\/div>\n<div dir=\"ltr\" class=\"bbc-19j92fr ebmt73l0\" readability=\"7\">\n<p dir=\"ltr\" class=\"bbc-hhl7in e17g058b0\">Benita Navacerrada recibi\u00f3 uno y lo apret\u00f3 contra su pecho.<\/p>\n<\/div>\n<div dir=\"ltr\" class=\"bbc-19j92fr ebmt73l0\" readability=\"11\">\n<p dir=\"ltr\" class=\"bbc-hhl7in e17g058b0\">A Esther le hubiera gustado que su padre, hijo de Manuel, viera lo que ella est\u00e1 viendo, que protagonizara junto a Benita esta historia.<\/p>\n<\/div>\n<div dir=\"ltr\" class=\"bbc-19j92fr ebmt73l0\" readability=\"13\">\n<p dir=\"ltr\" class=\"bbc-hhl7in e17g058b0\">&#8220;Mi padre nunca lo super\u00f3. Siempre lo llev\u00f3 muy mal. Desgraciadamente, muri\u00f3 joven, con 69 a\u00f1os. Por eso me da tanta alegr\u00eda ver a Benita, que ella s\u00ed ha podido ver los homenajes que se han hecho a su padre, el poder estar all\u00ed en la fosa. Yo veo a Benita\u2026 Y veo a mi padre&#8221;.<\/p>\n<\/div>\n<div dir=\"ltr\" class=\"bbc-19j92fr ebmt73l0\" readability=\"14\">\n<p dir=\"ltr\" class=\"bbc-hhl7in e17g058b0\">Esther llora y sujeta con fuerza la mano de Gema, que llora tambi\u00e9n. Se miran a los ojos, como si encontraran, la una en la mirada de la otra, respuestas a preguntas esenciales: \u00bfqu\u00e9 har\u00e1n cuando reciban los restos de sus abuelos, cuando se vac\u00ede la tierra que ocupan? <\/p>\n<\/div>\n<div dir=\"ltr\" class=\"bbc-19j92fr ebmt73l0\" readability=\"8\">\n<p dir=\"ltr\" class=\"bbc-hhl7in e17g058b0\">\u00bfCu\u00e1nto cambiar\u00e1n sus vidas cuando termine la b\u00fasqueda y el duelo encuentre alg\u00fan alivio? \u00bfC\u00f3mo ser\u00e1 el d\u00eda despu\u00e9s de la justicia?<\/p>\n<\/div>\n<div dir=\"ltr\" class=\"bbc-19j92fr ebmt73l0\" readability=\"7.9728260869565\">\n<p dir=\"ltr\" class=\"bbc-hhl7in e17g058b0\">* <i class=\"bbc-h1y5j7 eih42320\">Esta cr\u00f3nica se public\u00f3 originalmente en el sitio de <\/i><a href=\"https:\/\/www.centroamericacuenta.com\/cuenta-centroamerica\/\" class=\"focusIndicatorReducedWidth bbc-n8oauk e1p3sufg0\" aria-label=\"Centroam\u00e9rica Cuenta, externo\"><i class=\"bbc-h1y5j7 eih42320\">Centroam\u00e9rica Cuenta<\/i><\/a><i class=\"bbc-h1y5j7 eih42320\">, y es parte de un proyecto de relatos realizados en los pa\u00edses en que se realiza el festival itinerante. <\/i><\/p>\n<\/div>\n<figure class=\"bbc-1qn0xuy\" readability=\"1.5\">\n<div class=\"bbc-sni631\" readability=\"8\"><picture><img src=\"http:\/\/cordobadirecto.com\/wp-content\/uploads\/2023\/11\/las-nietas-que-hunden-sus-manos-en-la-tierra-buscando-a-sus-abuelos-fusilados-por-el-franquismo-en-espana-7.jpg\" srcset=\"http:\/\/cordobadirecto.com\/wp-content\/uploads\/2023\/11\/las-nietas-que-hunden-sus-manos-en-la-tierra-buscando-a-sus-abuelos-fusilados-por-el-franquismo-en-espana-44.jpg 240w, http:\/\/cordobadirecto.com\/wp-content\/uploads\/2023\/11\/las-nietas-que-hunden-sus-manos-en-la-tierra-buscando-a-sus-abuelos-fusilados-por-el-franquismo-en-espana-45.jpg 320w, http:\/\/cordobadirecto.com\/wp-content\/uploads\/2023\/11\/las-nietas-que-hunden-sus-manos-en-la-tierra-buscando-a-sus-abuelos-fusilados-por-el-franquismo-en-espana-46.jpg 480w, http:\/\/cordobadirecto.com\/wp-content\/uploads\/2023\/11\/las-nietas-que-hunden-sus-manos-en-la-tierra-buscando-a-sus-abuelos-fusilados-por-el-franquismo-en-espana-47.jpg 624w, http:\/\/cordobadirecto.com\/wp-content\/uploads\/2023\/11\/las-nietas-que-hunden-sus-manos-en-la-tierra-buscando-a-sus-abuelos-fusilados-por-el-franquismo-en-espana-48.jpg 800w\" sizes=\"(min-width: 1008px) 760px, 100vw\" alt=\"Benita Navacerrada, madre de Gema e hija de Facundo Navacerrada.\" loading=\"lazy\" width=\"1536\" height=\"1024\" class=\"bbc-1uwua2r\"><\/picture>\n<p class=\"bbc-kaivkm\" role=\"text\"><span class=\"bbc-m04vo2\">Fuente de la imagen, <\/span><span lang=\"en-GB\">\u00c1lvaro Minguito \/ Aranzadi<\/span><\/p>\n<\/div><figcaption dir=\"ltr\" class=\"bbc-847f6b e6i104o0\" readability=\"1.5\"><span role=\"text\" readability=\"3\"><span class=\"bbc-m04vo2\">Pie de foto, <\/span><\/p>\n<p>Benita Navacerrada, madre de Gema e hija de Facundo Navacerrada.<\/p>\n<p><\/span><\/figcaption><\/figure>\n<figure class=\"bbc-1qn0xuy\">\n<div class=\"bbc-sni631\"><picture><img src=\"http:\/\/cordobadirecto.com\/wp-content\/uploads\/2023\/11\/las-nietas-que-hunden-sus-manos-en-la-tierra-buscando-a-sus-abuelos-fusilados-por-el-franquismo-en-espana-8.jpg\" srcset=\"http:\/\/cordobadirecto.com\/wp-content\/uploads\/2023\/11\/las-nietas-que-hunden-sus-manos-en-la-tierra-buscando-a-sus-abuelos-fusilados-por-el-franquismo-en-espana-49.jpg 240w, http:\/\/cordobadirecto.com\/wp-content\/uploads\/2023\/11\/las-nietas-que-hunden-sus-manos-en-la-tierra-buscando-a-sus-abuelos-fusilados-por-el-franquismo-en-espana-50.jpg 320w, http:\/\/cordobadirecto.com\/wp-content\/uploads\/2023\/11\/las-nietas-que-hunden-sus-manos-en-la-tierra-buscando-a-sus-abuelos-fusilados-por-el-franquismo-en-espana-51.jpg 480w, http:\/\/cordobadirecto.com\/wp-content\/uploads\/2023\/11\/las-nietas-que-hunden-sus-manos-en-la-tierra-buscando-a-sus-abuelos-fusilados-por-el-franquismo-en-espana-52.jpg 624w, http:\/\/cordobadirecto.com\/wp-content\/uploads\/2023\/11\/las-nietas-que-hunden-sus-manos-en-la-tierra-buscando-a-sus-abuelos-fusilados-por-el-franquismo-en-espana-53.jpg 800w\" sizes=\"(min-width: 1008px) 760px, 100vw\" alt=\"linea\" loading=\"lazy\" width=\"800\" height=\"100\" class=\"bbc-1uwua2r\"><\/picture><\/div>\n<\/figure>\n<div dir=\"ltr\" class=\"bbc-19j92fr ebmt73l0\" readability=\"8\">\n<p dir=\"ltr\" class=\"bbc-hhl7in e17g058b0\"><i class=\"bbc-h1y5j7 eih42320\">Recuerda que puedes recibir notificaciones de BBC News Mundo. Descarga la \u00faltima versi\u00f3n de nuestra app y act\u00edvalas para no perderte nuestro mejor contenido.<\/i><\/p>\n<\/div>\n","protected":false},"excerpt":{"rendered":"<p>Fuente de la imagen, \u00c1lvaro Minguito \/ Aranzadi Pie de foto, Parte de las excavaciones gestionadas por ACVSSR. Article information Author, Arnoldo G\u00e1lvez Su\u00e1rez | Madrid Role, Centroam\u00e9ricaCuenta@BBCMundo 3 horas Ambos nacieron en 1902 y fueron fusilados en 1939. Las fechas est\u00e1n inscritas en l\u00e1pidas inexistentes, l\u00e1pidas que les fueron negadas cuando arrojaron sus cuerpos [&hellip;]<\/p>\n","protected":false},"author":1,"featured_media":143882,"comment_status":"closed","ping_status":"closed","sticky":false,"template":"","format":"standard","meta":[],"categories":[24],"tags":[],"_links":{"self":[{"href":"http:\/\/cordobadirecto.com\/index.php\/wp-json\/wp\/v2\/posts\/143881"}],"collection":[{"href":"http:\/\/cordobadirecto.com\/index.php\/wp-json\/wp\/v2\/posts"}],"about":[{"href":"http:\/\/cordobadirecto.com\/index.php\/wp-json\/wp\/v2\/types\/post"}],"author":[{"embeddable":true,"href":"http:\/\/cordobadirecto.com\/index.php\/wp-json\/wp\/v2\/users\/1"}],"replies":[{"embeddable":true,"href":"http:\/\/cordobadirecto.com\/index.php\/wp-json\/wp\/v2\/comments?post=143881"}],"version-history":[{"count":0,"href":"http:\/\/cordobadirecto.com\/index.php\/wp-json\/wp\/v2\/posts\/143881\/revisions"}],"wp:featuredmedia":[{"embeddable":true,"href":"http:\/\/cordobadirecto.com\/index.php\/wp-json\/wp\/v2\/media\/143882"}],"wp:attachment":[{"href":"http:\/\/cordobadirecto.com\/index.php\/wp-json\/wp\/v2\/media?parent=143881"}],"wp:term":[{"taxonomy":"category","embeddable":true,"href":"http:\/\/cordobadirecto.com\/index.php\/wp-json\/wp\/v2\/categories?post=143881"},{"taxonomy":"post_tag","embeddable":true,"href":"http:\/\/cordobadirecto.com\/index.php\/wp-json\/wp\/v2\/tags?post=143881"}],"curies":[{"name":"wp","href":"https:\/\/api.w.org\/{rel}","templated":true}]}}