{"id":143927,"date":"2023-11-19T08:35:17","date_gmt":"2023-11-19T08:35:17","guid":{"rendered":"http:\/\/cordobadirecto.com\/index.php\/2023\/11\/19\/brasil-tiene-listo-el-regreso-de-gabriel-jesus-para-recibir-a-argentina\/"},"modified":"2023-11-19T08:35:17","modified_gmt":"2023-11-19T08:35:17","slug":"brasil-tiene-listo-el-regreso-de-gabriel-jesus-para-recibir-a-argentina","status":"publish","type":"post","link":"http:\/\/cordobadirecto.com\/index.php\/2023\/11\/19\/brasil-tiene-listo-el-regreso-de-gabriel-jesus-para-recibir-a-argentina\/","title":{"rendered":"Brasil tiene listo el regreso de Gabriel Jes\u00fas para recibir a Argentina"},"content":{"rendered":"<figure class=\"mb-3\"><img loading=\"lazy\" data-src=\"http:\/\/cordobadirecto.com\/wp-content\/uploads\/2023\/11\/brasil-tiene-listo-el-regreso-de-gabriel-jesus-para-recibir-a-argentina.jpg\" src=\"https:\/\/www.telam.com.ar\/assets\/img\/not_image.png\" class=\" lazy \" width=\"100%\" height=\"100%\" alt=\"Foto AFP\"><figcaption> Foto: AFP. <\/figcaption><\/figure>\n<p>El seleccionado de Brasil contar\u00e1 con la vuelta del delantero <strong>Gabriel Jes\u00fas<\/strong> para enfrentar a Argentina el martes en el estadio Maracan\u00e1 de R\u00edo de Janeiro por las Eliminatorias Sudamericanas, seg\u00fan lo ensayado este s\u00e1bado en su centro deportivo, la Granja Comary.<\/p>\n<p>El futbolista de Arsenal de Inglaterra, <strong>que no juega desde el 24 de octubre<\/strong>, no form\u00f3 parte de la delegaci\u00f3n que viaj\u00f3 a Colombia por una lesi\u00f3n muscular de la que se encuentra plenamente recuperado.<\/p>\n<p>Su vuelta al equipo -estuvo presente en los cuatro partidos anteriores de la clasificaci\u00f3n al Mundial 2026- se producir\u00e1 en lugar de <strong>Vinicius J\u00fanior<\/strong>, de Real Madrid, descartado por un desgarro que sufri\u00f3 en Barranquilla, el jueves pasado.<\/p>\n<p>Gabriel Jes\u00fas, paulista de 26 a\u00f1os, acumula 63 partidos en la &#8220;Canarinha&#8221; con un saldo de 19 goles. Uno de ellos se lo convirti\u00f3 a la Selecci\u00f3n en la victoria 2-0 por las semifinales de la Copa Am\u00e9rica Brasil 2019.<\/p>\n<p>La segunda variante que ensay\u00f3 el DT Fernando Diniz fue la inclusi\u00f3n de <strong>Carlos Augusto<\/strong>, un lateral de caracter\u00edsticas m\u00e1s defensivas, por el ex Atl\u00e9tico de Madrid Ren\u00e1n Lodi.<\/p>\n<p>La formaci\u00f3n de Brasil para recibir al seleccionado campe\u00f3n del mundo ser\u00e1 con Alisson, Emerson Royal, Marquinhos, Gabriel Magalhaes y Carlos Augusto; Andr\u00e9 y Bruno Guimaraes; Gabriel Martinelli, Gabriel Jes\u00fas, Rodrygo y Raphiha.<\/p>\n<p>Argentina se presentar\u00e1 en el Maracan\u00e1 como l\u00edder de las Eliminatorias Sudamericanas con 12 puntos, pese a perder el jueves su invicto con la derrota de local ante Uruguay.<\/p>\n<p>Brasil, quinto con siete unidades, lleva dos derrotas en fila ante Uruguay y Colombia, ambas en condici\u00f3n de visitante.<\/p>\n<div class=\"jumbotron pt-4 mt-3\" readability=\"73\">\n<h3 class=\"module-title\">Rodrygo palpita el cl\u00e1sico: &#8220;Nos vamos a respetar&#8221;<\/h3>\n<p>El delantero brasile\u00f1o del Real Madrid, <strong>Rodrygo Silva de Goes<\/strong>, comenz\u00f3 a palpitar el duelo del martes entre Brasil y Argentina por las Eliminatorias Sudamericanas y manifest\u00f3 que, la selecci\u00f3n de Lionel Scaloni, los \u201cva a respetar\u201d de la misma manera que lo har\u00e1 su equipo.<\/p>\n<p>&#8220;<strong>Creo que ellos nos van a respetar de la misma forma en que nosotros los respetamos<\/strong>: tomando todos los cuidados posibles con todos sus jugadores peligrosos. Es dif\u00edcil saber si van a presionar o esperar, todav\u00eda tenemos esa duda&#8221;, manifest\u00f3 el atacante del Real Madrid.<\/p>\n<p>Sin los lesionados Neymar y Vin\u00edcius J\u00fanior, Rodrygo dijo este s\u00e1bado que asumir\u00e1 la responsabilidad de guiar a Brasil en el cl\u00e1sico sudamericano que disputar\u00e1n contra Argentina el martes en el Maracan\u00e1: &#8220;Las responsabilidades iban a ir aumentando y yo sab\u00eda que, poco a poco, mi hora en la selecci\u00f3n iba a llegar\u201d.<\/p>\n<p>&#8220;<strong>Ahora sin Neymar ni Vini, se espera a\u00fan m\u00e1s de m\u00ed <\/strong>y espero poder retribuir de la misma forma en la que conf\u00edan en m\u00ed&#8221;, agreg\u00f3 en conferencia de prensa, luego del entrenamiento de los pentacampeones del mundo.<\/p>\n<p>El equipo del t\u00e9cnico Fernando Diniz defender\u00e1 ante la &#8220;Albiceleste&#8221; de Lionel Messi el invicto hist\u00f3rico de local en la eliminatoria sudamericana.<\/p>\n<p>\u201cBrasil-Argentina en el Maracan\u00e1 es especial. Con poca edad y teniendo una gran experiencia, va a ser uno de los 3 partidos m\u00e1s importantes de mi carrera\u201d, palpito el jugador de 22 a\u00f1os.<\/p>\n<p>&#8220;Mis caracter\u00edsticas como jugador se encajan en la forma que Diniz piensa el f\u00fatbol. \u00c9l nos pide bastante principalmente en el aspecto defensivo, para presionar, marcar siempre&#8221;, afirm\u00f3 Rodrygo, quien ante la ausencia de Neymar usa la camisa 10 frente a la Argentina.<\/p>\n<p>&#8220;No veo que todo est\u00e9 mal, como tampoco que todo est\u00e9 bien. Conf\u00edo mucho en la calidad de los jugadores que est\u00e1n aqu\u00ed. Todos tenemos que comprar la idea de Diniz&#8221;, defendi\u00f3 Rodrygo, el esfuerzo de Diniz de implementar su f\u00fatbol de autor, con el que recientemente gan\u00f3 la Copa Libertadores con Fluminense.<\/p>\n<p>El atacante, que debe liderar la ofensiva junto a Raphinha, jugador del Barcelona, Gabriel Jes\u00fas y Gabriel Martinelli, ambos del Arsenal de Inglaterra, destac\u00f3 la importancia de cuidarse de Messi, de 36 a\u00f1os, a quien considera &#8220;uno de los mejores jugadores de la historia del f\u00fatbol&#8221;.<\/p>\n<p>&#8220;Todav\u00eda puede ser muy peligroso. Vamos a tener mucho cuidado con \u00e9l&#8221;. dijo sobre el actual ganador del Bal\u00f3n de Oro.<\/p>\n<\/p><\/div>\n","protected":false},"excerpt":{"rendered":"<p>Foto: AFP. El seleccionado de Brasil contar\u00e1 con la vuelta del delantero Gabriel Jes\u00fas para enfrentar a Argentina el martes en el estadio Maracan\u00e1 de R\u00edo de Janeiro por las Eliminatorias Sudamericanas, seg\u00fan lo ensayado este s\u00e1bado en su centro deportivo, la Granja Comary. El futbolista de Arsenal de Inglaterra, que no juega desde el [&hellip;]<\/p>\n","protected":false},"author":1,"featured_media":143928,"comment_status":"closed","ping_status":"closed","sticky":false,"template":"","format":"standard","meta":[],"categories":[21],"tags":[],"_links":{"self":[{"href":"http:\/\/cordobadirecto.com\/index.php\/wp-json\/wp\/v2\/posts\/143927"}],"collection":[{"href":"http:\/\/cordobadirecto.com\/index.php\/wp-json\/wp\/v2\/posts"}],"about":[{"href":"http:\/\/cordobadirecto.com\/index.php\/wp-json\/wp\/v2\/types\/post"}],"author":[{"embeddable":true,"href":"http:\/\/cordobadirecto.com\/index.php\/wp-json\/wp\/v2\/users\/1"}],"replies":[{"embeddable":true,"href":"http:\/\/cordobadirecto.com\/index.php\/wp-json\/wp\/v2\/comments?post=143927"}],"version-history":[{"count":0,"href":"http:\/\/cordobadirecto.com\/index.php\/wp-json\/wp\/v2\/posts\/143927\/revisions"}],"wp:featuredmedia":[{"embeddable":true,"href":"http:\/\/cordobadirecto.com\/index.php\/wp-json\/wp\/v2\/media\/143928"}],"wp:attachment":[{"href":"http:\/\/cordobadirecto.com\/index.php\/wp-json\/wp\/v2\/media?parent=143927"}],"wp:term":[{"taxonomy":"category","embeddable":true,"href":"http:\/\/cordobadirecto.com\/index.php\/wp-json\/wp\/v2\/categories?post=143927"},{"taxonomy":"post_tag","embeddable":true,"href":"http:\/\/cordobadirecto.com\/index.php\/wp-json\/wp\/v2\/tags?post=143927"}],"curies":[{"name":"wp","href":"https:\/\/api.w.org\/{rel}","templated":true}]}}