{"id":143962,"date":"2023-11-19T08:35:57","date_gmt":"2023-11-19T08:35:57","guid":{"rendered":"http:\/\/cordobadirecto.com\/index.php\/2023\/11\/19\/rodrigo-de-la-serna-y-el-rapto-premiadas-en-el-festival-de-cine-de-huelva\/"},"modified":"2023-11-19T08:35:57","modified_gmt":"2023-11-19T08:35:57","slug":"rodrigo-de-la-serna-y-el-rapto-premiadas-en-el-festival-de-cine-de-huelva","status":"publish","type":"post","link":"http:\/\/cordobadirecto.com\/index.php\/2023\/11\/19\/rodrigo-de-la-serna-y-el-rapto-premiadas-en-el-festival-de-cine-de-huelva\/","title":{"rendered":"Rodrigo de la Serna y &#8220;El rapto&#8221;, premiadas en el Festival de cine de Huelva"},"content":{"rendered":"<figure class=\"mb-3\"><img loading=\"lazy\" data-src=\"http:\/\/cordobadirecto.com\/wp-content\/uploads\/2023\/11\/rodrigo-de-la-serna-y-el-rapto-premiadas-en-el-festival-de-cine-de-huelva.jpg\" src=\"https:\/\/www.telam.com.ar\/assets\/img\/not_image.png\" class=\" lazy \" width=\"100%\" height=\"100%\" alt=\"Foto Prensa\"><figcaption> Foto: Prensa. <\/figcaption><\/figure>\n<p>El actor argentino <strong>Rodrigo de la Serna<\/strong> se llev\u00f3 este s\u00e1bado el <strong>Col\u00f3n de Plata <\/strong>a la Mejor Interpretaci\u00f3n en el <strong>Festival de Huelva Cine Iberoamericano<\/strong> por su rol en <strong>&#8220;El rapto&#8221;<\/strong>, de Daniela Goggi, que tambi\u00e9n fue premiada por la Asociaci\u00f3n Periodistas Iberoamericanos de Cine.<\/p>\n<p>El jurado destac\u00f3 el trabajo de <strong>De la Serna<\/strong> &#8220;por llevar a cabo la creaci\u00f3n interpretativa de un hombre que, creyendo en el final de una de las etapas m\u00e1s oscuras de la historia argentina, acab\u00f3 engullido por las cloacas del viejo r\u00e9gimen&#8221;.<\/p>\n<p>El galard\u00f3n del actor fue recibido en su nombre por su compa\u00f1ero de reparto <strong>Jorge Marrale<\/strong>, que asegur\u00f3 sobre el premiado que &#8220;el rol que ha tenido que hacer lo pone en el lugar que est\u00e1. Es un gran actor y un gran compa\u00f1ero&#8221;.<\/p>\n<figure class=\"mb-3\"><img loading=\"lazy\" data-src=\"http:\/\/cordobadirecto.com\/wp-content\/uploads\/2023\/11\/rodrigo-de-la-serna-y-el-rapto-premiadas-en-el-festival-de-cine-de-huelva-1.jpg\" src=\"https:\/\/www.telam.com.ar\/assets\/img\/not_image.png\" class=\" lazy \" width=\"100%\" height=\"100%\" alt=\"Foto Prensa\"><figcaption> Foto: Prensa. <\/figcaption><\/figure>\n<p>En tanto, el Premio de la Asociaci\u00f3n Periodistas Iberoamericanos de Cine fue para <strong>&#8220;El rapto&#8221; <\/strong>por &#8220;sumergir al espectador en un viaje que va de la alegr\u00eda del retorno al desasosiego y angustia, subrayando el impacto de la corrupci\u00f3n pol\u00edtica que termina por asfixiar a los ciudadanos de nuestra regi\u00f3n y su efecto psicol\u00f3gico en los individuos&#8221;.<\/p>\n<p><strong>&#8220;El rapto&#8221; <\/strong>reconstruye a la Buenos Aires de la d\u00e9cada del 1980 para mostrar el regreso del exilio pol\u00edtico del personaje encarnado por <strong>De la Serna<\/strong>, quien ocupa un puesto en la gran empresa familiar cuando su hermano es secuestrado, lo que le hace descubrir las fuerzas que todav\u00eda operan detr\u00e1s de la reci\u00e9n recuperada democracia argentina.<\/p>\n<p>La pel\u00edcula mexicana &#8220;Valentina o la serenidad&#8221;, de \u00c1ngeles Cruz, se alz\u00f3 con el<strong> Col\u00f3n de Oro<\/strong> a la Mejor Pel\u00edcula de la 49 edici\u00f3n del Festival, que tambi\u00e9n tuvo la participaci\u00f3n en la competencia de largos a &#8220;Almamula&#8221;, de Juan Sebasti\u00e1n Torales e inspirada en su vida, que cuenta la historia de un adolescente homosexual que es v\u00edctima de un ataque por su condici\u00f3n y es trasladado con su familia a un peque\u00f1o pueblo conservador del norte de Argentina.<\/p>\n<figure class=\"mb-3\"><img loading=\"lazy\" data-src=\"http:\/\/cordobadirecto.com\/wp-content\/uploads\/2023\/11\/rodrigo-de-la-serna-y-el-rapto-premiadas-en-el-festival-de-cine-de-huelva-2.jpg\" src=\"https:\/\/www.telam.com.ar\/assets\/img\/not_image.png\" class=\" lazy \" width=\"100%\" height=\"100%\" alt=\"Foto Prensa\"><figcaption> Foto: Prensa. <\/figcaption><\/figure>\n<p>Otra cinta argentina en esa competencia fue<strong> &#8220;Cr\u00f3nicas de una santa errante&#8221;<\/strong>, dirigida por Tom\u00e1s G\u00f3mez Bustillo, que sigue a una campesina piadosa pero insaciablemente competitiva que descubre que escenificar un milagro podr\u00eda ser su pase a la santidad.<\/p>\n<p>En tanto, <strong>&#8220;La barbarie&#8221;<\/strong>, de Andrew Sala, estuvo en la secci\u00f3n Sismos y narra la historia de un padre y su hijo que buscan averiguar la verdad sobre las misteriosas muertes de las vacas de su estancia; mientras que &#8220;Blondi&#8221;, de Dolores Fonzi, que sigue la interacci\u00f3n de una madre inmadura con su hijo adolescente, se exhibi\u00f3 fuera de competencia en la selecci\u00f3n de largometrajes.<\/p>\n","protected":false},"excerpt":{"rendered":"<p>Foto: Prensa. El actor argentino Rodrigo de la Serna se llev\u00f3 este s\u00e1bado el Col\u00f3n de Plata a la Mejor Interpretaci\u00f3n en el Festival de Huelva Cine Iberoamericano por su rol en &#8220;El rapto&#8221;, de Daniela Goggi, que tambi\u00e9n fue premiada por la Asociaci\u00f3n Periodistas Iberoamericanos de Cine. El jurado destac\u00f3 el trabajo de De [&hellip;]<\/p>\n","protected":false},"author":1,"featured_media":143963,"comment_status":"closed","ping_status":"closed","sticky":false,"template":"","format":"standard","meta":[],"categories":[20],"tags":[],"_links":{"self":[{"href":"http:\/\/cordobadirecto.com\/index.php\/wp-json\/wp\/v2\/posts\/143962"}],"collection":[{"href":"http:\/\/cordobadirecto.com\/index.php\/wp-json\/wp\/v2\/posts"}],"about":[{"href":"http:\/\/cordobadirecto.com\/index.php\/wp-json\/wp\/v2\/types\/post"}],"author":[{"embeddable":true,"href":"http:\/\/cordobadirecto.com\/index.php\/wp-json\/wp\/v2\/users\/1"}],"replies":[{"embeddable":true,"href":"http:\/\/cordobadirecto.com\/index.php\/wp-json\/wp\/v2\/comments?post=143962"}],"version-history":[{"count":0,"href":"http:\/\/cordobadirecto.com\/index.php\/wp-json\/wp\/v2\/posts\/143962\/revisions"}],"wp:featuredmedia":[{"embeddable":true,"href":"http:\/\/cordobadirecto.com\/index.php\/wp-json\/wp\/v2\/media\/143963"}],"wp:attachment":[{"href":"http:\/\/cordobadirecto.com\/index.php\/wp-json\/wp\/v2\/media?parent=143962"}],"wp:term":[{"taxonomy":"category","embeddable":true,"href":"http:\/\/cordobadirecto.com\/index.php\/wp-json\/wp\/v2\/categories?post=143962"},{"taxonomy":"post_tag","embeddable":true,"href":"http:\/\/cordobadirecto.com\/index.php\/wp-json\/wp\/v2\/tags?post=143962"}],"curies":[{"name":"wp","href":"https:\/\/api.w.org\/{rel}","templated":true}]}}