{"id":143966,"date":"2023-11-18T21:05:57","date_gmt":"2023-11-18T21:05:57","guid":{"rendered":"https:\/\/www.ole.com.ar\/autos\/pernia_0_5APkmaE8qA.html"},"modified":"2023-11-18T21:05:57","modified_gmt":"2023-11-18T21:05:57","slug":"leonel-pernia-se-consagro-campeon-de-la-clase-3-del-turismo-nacional","status":"publish","type":"post","link":"http:\/\/cordobadirecto.com\/index.php\/2023\/11\/18\/leonel-pernia-se-consagro-campeon-de-la-clase-3-del-turismo-nacional\/","title":{"rendered":"Leonel Pern\u00eda se consagr\u00f3 campe\u00f3n de la Clase 3 del Turismo Nacional"},"content":{"rendered":"<p><time class=\"createDate\" datetime=\"2023-11-18T18:05:57-03:00\">18\/11\/2023 18:05hs.<\/time><time class=\"modificatedDate\" datetime=\"2023-11-18T18:05:57-03:00\"><\/time><\/p>\n<div id=\"storyBody\">\n<div class=\"custom-text \" readability=\"34\">\n<p><strong>Leonel Pern\u00eda<\/strong> y el Focus del MG-C Pergamino finaliz\u00f3 tercero en el Gran Premio Coronaci\u00f3n en Viedma y se consagr\u00f3 campe\u00f3n de la <strong>Clase 3<\/strong> del Campeonato Argentino R\u00edo Uruguay Seguros de <strong>Turismo Nacional<\/strong>. Facundo Chapur se qued\u00f3 con la carrera y Gast\u00f3n Iansa arrib\u00f3 en la segunda colocaci\u00f3n.<\/p>\n<\/div>\n<div class=\"sc-a7166897-0 exHLBh\" readability=\"6\">\n<section readability=\"2\"><picture><img alt=\"\u00bfC\u00f3mo qued\u00f3 la Copa de Oro a falta de una carrera para el final del TC?\" src=\"http:\/\/cordobadirecto.com\/wp-content\/uploads\/2023\/11\/leonel-pernia-se-consagro-campeon-de-la-clase-3-del-turismo-nacional.jpg\" width=\"290\" height=\"290\" decoding=\"async\" data-nimg=\"future\" loading=\"lazy\"><\/picture>\n<p><span>Mir\u00e1 tambi\u00e9n<\/span><\/p>\n<hr>\n<h3>\u00bfC\u00f3mo qued\u00f3 la Copa de Oro a falta de una carrera para el final del TC?<\/h3>\n<\/p>\n<\/section>\n<\/div>\n<div class=\"custom-text \" readability=\"39\">\n<p>En el comienzo, <strong>Chapur se hizo con la punta<\/strong> <strong>y su compa\u00f1ero Iansa se acomod\u00f3 segundo<\/strong>. Por su parte, Pern\u00eda le gan\u00f3 la tercera colocaci\u00f3n a Jos\u00e9 Manuel Urcera, mientras que Roberto Luna y Leonel Larrauri se met\u00edan en los puestos de adelante. Por su parte, Fabi\u00e1n Yannantuoni se complicaba con un despiste y Antonino Garc\u00eda deb\u00eda abandonar.<\/p>\n<\/div>\n<div class=\"custom-text \" readability=\"40\">\n<p>La competencia tuvo un tr\u00e1mite lineal en gran parte de la prueba. En la vanguardia, los pilotos del GC Competici\u00f3n marcaron el ritmo, mientras que Pern\u00eda era el tercero. Pero, <strong>el de Tandil comenz\u00f3 a tener la presi\u00f3n de Urcera, quien necesitaba superarlo para poder aspirar a la corona<\/strong>. Sin embargo, el de San Antonio Oeste empez\u00f3 a perder rendimiento en el ep\u00edlogo y cay\u00f3 en el clasificador.<\/p>\n<\/div>\n<div class=\"custom-text \" readability=\"38\">\n<p>Por su parte, <strong>Juli\u00e1n Santero no pudo avanzar en demas\u00eda y vio diluirse sus chances de consagrarse<\/strong>. Otro de los que intent\u00f3, pero tampoco logr\u00f3 su cometido era Jer\u00f3nimo Teti, quien reci\u00e9n en el cierre gan\u00f3 algunas posiciones, aunque se entrever\u00f3 en un roce con Larrauri.<\/p>\n<\/div>\n<div class=\"sc-a7166897-0 exHLBh\" readability=\"6\">\n<section readability=\"2\"><picture><img alt=\"Checo P\u00e9rez y un gui\u00f1o a la Argentina: &quot;Me encantar\u00eda...&quot;\" src=\"http:\/\/cordobadirecto.com\/wp-content\/uploads\/2023\/11\/leonel-pernia-se-consagro-campeon-de-la-clase-3-del-turismo-nacional-1.jpg\" width=\"290\" height=\"290\" decoding=\"async\" data-nimg=\"future\" loading=\"lazy\"><\/picture>\n<p><span>Mir\u00e1 tambi\u00e9n<\/span><\/p>\n<hr>\n<h3>Checo P\u00e9rez y un gui\u00f1o a la Argentina: &#8220;Me encantar\u00eda&#8230;&#8221;<\/h3>\n<\/p>\n<\/section>\n<\/div>\n<div class=\"custom-text \" readability=\"41\">\n<p>Luego de 20 vueltas, Chapur fue el vencedor y Iansa termin\u00f3 segundo. En tanto, <strong>Pern\u00eda arrib\u00f3 en el \u00faltimo escal\u00f3n del podio y consigui\u00f3 su segundo t\u00edtulo dentro de la categor\u00eda.<\/strong> M\u00e1s atr\u00e1s concluyeron Luna, Teti, Alfonso Domenech, Jonatan Castellano, Santero, Ever Franetovich y Urcera.<\/p>\n<\/div>\n<\/div>\n","protected":false},"excerpt":{"rendered":"<p>18\/11\/2023 18:05hs. Leonel Pern\u00eda y el Focus del MG-C Pergamino finaliz\u00f3 tercero en el Gran Premio Coronaci\u00f3n en Viedma y se consagr\u00f3 campe\u00f3n de la Clase 3 del Campeonato Argentino R\u00edo Uruguay Seguros de Turismo Nacional. Facundo Chapur se qued\u00f3 con la carrera y Gast\u00f3n Iansa arrib\u00f3 en la segunda colocaci\u00f3n. Mir\u00e1 tambi\u00e9n \u00bfC\u00f3mo qued\u00f3 [&hellip;]<\/p>\n","protected":false},"author":1,"featured_media":143967,"comment_status":"closed","ping_status":"closed","sticky":false,"template":"","format":"standard","meta":[],"categories":[21],"tags":[],"_links":{"self":[{"href":"http:\/\/cordobadirecto.com\/index.php\/wp-json\/wp\/v2\/posts\/143966"}],"collection":[{"href":"http:\/\/cordobadirecto.com\/index.php\/wp-json\/wp\/v2\/posts"}],"about":[{"href":"http:\/\/cordobadirecto.com\/index.php\/wp-json\/wp\/v2\/types\/post"}],"author":[{"embeddable":true,"href":"http:\/\/cordobadirecto.com\/index.php\/wp-json\/wp\/v2\/users\/1"}],"replies":[{"embeddable":true,"href":"http:\/\/cordobadirecto.com\/index.php\/wp-json\/wp\/v2\/comments?post=143966"}],"version-history":[{"count":0,"href":"http:\/\/cordobadirecto.com\/index.php\/wp-json\/wp\/v2\/posts\/143966\/revisions"}],"wp:featuredmedia":[{"embeddable":true,"href":"http:\/\/cordobadirecto.com\/index.php\/wp-json\/wp\/v2\/media\/143967"}],"wp:attachment":[{"href":"http:\/\/cordobadirecto.com\/index.php\/wp-json\/wp\/v2\/media?parent=143966"}],"wp:term":[{"taxonomy":"category","embeddable":true,"href":"http:\/\/cordobadirecto.com\/index.php\/wp-json\/wp\/v2\/categories?post=143966"},{"taxonomy":"post_tag","embeddable":true,"href":"http:\/\/cordobadirecto.com\/index.php\/wp-json\/wp\/v2\/tags?post=143966"}],"curies":[{"name":"wp","href":"https:\/\/api.w.org\/{rel}","templated":true}]}}