{"id":143970,"date":"2023-11-19T08:36:13","date_gmt":"2023-11-19T08:36:13","guid":{"rendered":"https:\/\/www.ole.com.ar\/futbol-ascenso\/b-nacional\/san-martin-san-juan-primera-nacional-ogro-fabbiani_0_clT03wXJTh.html"},"modified":"2023-11-19T08:36:13","modified_gmt":"2023-11-19T08:36:13","slug":"fabbiani-en-carpeta-para-ser-el-dt","status":"publish","type":"post","link":"http:\/\/cordobadirecto.com\/index.php\/2023\/11\/19\/fabbiani-en-carpeta-para-ser-el-dt\/","title":{"rendered":"Fabbiani en carpeta para ser el DT"},"content":{"rendered":"<p><time class=\"createDate\" datetime=\"2023-11-18T18:07:001-03:00\">18\/11\/2023 18:07hs.<\/time><time class=\"modificatedDate\" datetime=\"2023-11-18T18:07:001-03:00\"><\/time><\/p>\n<div id=\"storyBody\">\n<div class=\"custom-text \" readability=\"36.4\">\n<p>El a\u00f1o a\u00fan no termin\u00f3, pero varios clubes ya piensan en lo que vendr\u00e1 en 2024. Uno de ellos es <strong><a href=\"https:\/\/www.ole.com.ar\/tema\/san-martin-de-san-juan.html\" title=\"San Mart\u00edn de San Juan\" alt=\"San Mart\u00edn de San Juan\" class=\"slug\">San Mart\u00edn de San Juan<\/a><\/strong>, que hace menos de un mes <strong>se qued\u00f3 sin entrenador cuando se acord\u00f3 la salida de C\u00e9sar Monasterio<\/strong>, quien d\u00edas atr\u00e1s<strong> arregl\u00f3 su llegada a All Boys<\/strong>. Entonces, en Cuyo buscan t\u00e9cnico y ya hay algunos nombres en carpeta.<\/p>\n<\/div>\n<div class=\"custom-text \" readability=\"30.118811881188\">\n<p>Uno de ellos es <strong><a href=\"https:\/\/www.ole.com.ar\/tema\/cristian-fabbiani.html\" title=\"Cristian Fabbiani\" alt=\"Cristian Fabbiani\" class=\"slug\">Cristian Fabbiani<\/a><\/strong>, quien <strong>viene de salvar del descenso en la Primera B a <a href=\"https:\/\/www.ole.com.ar\/tema\/deportivo-merlo.html\" title=\"Deportivo Merlo\" alt=\"Deportivo Merlo\" class=\"slug\">Deportivo Merlo<\/a><\/strong><a href=\"https:\/\/www.ole.com.ar\/tema\/deportivo-merlo.html\" title=\"Deportivo Merlo\" alt=\"Deportivo Merlo\" class=\"slug\">,<\/a> club en el que <strong>jug\u00f3 cerca de cuatro a\u00f1os hasta su retiro en 2020 y lo quieren como a un \u00eddolo. <\/strong><\/p>\n<\/div>\n<div class=\"custom-text \" readability=\"34.720379146919\">\n<p>Ya sin jugar, el Ogro estuvo <strong>un tiempo trabajando como panelista en ESPN y luego comenz\u00f3 su carrera como entrenador<\/strong>, empezando en <strong><a href=\"https:\/\/www.ole.com.ar\/tema\/fenix.html\" title=\"F\u00e9nix\" alt=\"F\u00e9nix\" class=\"slug\">F\u00e9nix <\/a><\/strong>(Primera B) y m\u00e1s tarde con un paso por <strong><a href=\"https:\/\/www.ole.com.ar\/tema\/riestra.html\" title=\"Riestra\" alt=\"Riestra\" class=\"slug\">Riestra<\/a><\/strong>, en la Primera Nacional.<\/p>\n<\/div>\n<div class=\"custom-text \" readability=\"38\">\n<p>Goleador cuando jugaba, <strong>surgi\u00f3 de las Inferiores de Lan\u00fas<\/strong>, con recordados <strong>pasos por el f\u00fatbol chileno, Newell&#8217;s y River entre otros<\/strong>&#8230; Ahora, como DT, \u00bfvolver\u00e1 a la Primera Nacional?<\/p>\n<\/div>\n<div class=\"sc-a7166897-0 exHLBh\" readability=\"6.5\">\n<section readability=\"3\"><picture><img alt=\"Esc\u00e1ndalo en la Premier League: Manchester City y Chelsea podr\u00edan descender por una fuerte sanci\u00f3n\" src=\"http:\/\/cordobadirecto.com\/wp-content\/uploads\/2023\/11\/fabbiani-en-carpeta-para-ser-el-dt.jpg\" width=\"290\" height=\"290\" decoding=\"async\" data-nimg=\"future\" loading=\"lazy\"><\/picture>\n<p><span>Mir\u00e1 tambi\u00e9n<\/span><\/p>\n<hr>\n<h3>Esc\u00e1ndalo en la Premier League: Manchester City y Chelsea podr\u00edan descender por una fuerte sanci\u00f3n<\/h3>\n<\/p>\n<\/section>\n<\/div>\n<div class=\"sc-a7166897-0 exHLBh\" readability=\"6\">\n<section readability=\"2\"><picture><img alt=\"El predio top que inaugur\u00f3 Defensa con campeones del mundo presentes\" src=\"http:\/\/cordobadirecto.com\/wp-content\/uploads\/2023\/11\/fabbiani-en-carpeta-para-ser-el-dt-1.jpg\" width=\"290\" height=\"290\" decoding=\"async\" data-nimg=\"future\" loading=\"lazy\"><\/picture>\n<p><span>Mir\u00e1 tambi\u00e9n<\/span><\/p>\n<hr>\n<h3>El predio top que inaugur\u00f3 Defensa con campeones del mundo presentes<\/h3>\n<\/p>\n<\/section>\n<\/div>\n<div class=\"sc-a7166897-0 exHLBh\" readability=\"6.5\">\n<section readability=\"3\"><picture><img alt=\"Sonr\u00ede River: en la otra punta del mundo, Pablo Solari sigue encendido\" src=\"http:\/\/cordobadirecto.com\/wp-content\/uploads\/2023\/11\/fabbiani-en-carpeta-para-ser-el-dt-2.jpg\" width=\"290\" height=\"290\" decoding=\"async\" data-nimg=\"future\" loading=\"lazy\"><\/picture>\n<p><span>Mir\u00e1 tambi\u00e9n<\/span><\/p>\n<hr>\n<h3>Sonr\u00ede River: en la otra punta del mundo, Pablo Solari sigue encendido<\/h3>\n<\/p>\n<\/section>\n<\/div>\n<div class=\"sc-a7166897-0 exHLBh\" readability=\"6\">\n<section readability=\"2\"><picture><img alt=\"\u00bfC\u00f3mo va a estar el clima para el Brasil vs. Argentina en el Maracan\u00e1?\" src=\"http:\/\/cordobadirecto.com\/wp-content\/uploads\/2023\/11\/fabbiani-en-carpeta-para-ser-el-dt-3.jpg\" width=\"290\" height=\"290\" decoding=\"async\" data-nimg=\"future\" loading=\"lazy\"><\/picture>\n<p><span>Mir\u00e1 tambi\u00e9n<\/span><\/p>\n<hr>\n<h3>\u00bfC\u00f3mo va a estar el clima para el Brasil vs. Argentina en el Maracan\u00e1?<\/h3>\n<\/p>\n<\/section>\n<\/div>\n<div class=\"sc-a7166897-0 exHLBh\" readability=\"6.5\">\n<section readability=\"3\"><picture><img alt=\"De un lado Dar\u00edn y del otro Francella: lo que se sabe de las dos pelis sobre Argentina campe\u00f3n del mundo\" src=\"http:\/\/cordobadirecto.com\/wp-content\/uploads\/2023\/11\/fabbiani-en-carpeta-para-ser-el-dt-4.jpg\" width=\"290\" height=\"290\" decoding=\"async\" data-nimg=\"future\" loading=\"lazy\"><\/picture>\n<p><span>Mir\u00e1 tambi\u00e9n<\/span><\/p>\n<hr>\n<h3>De un lado Dar\u00edn y del otro Francella: lo que se sabe de las dos pelis sobre Argentina campe\u00f3n del mundo<\/h3>\n<\/p>\n<\/section>\n<\/div>\n<\/div>\n","protected":false},"excerpt":{"rendered":"<p>18\/11\/2023 18:07hs. El a\u00f1o a\u00fan no termin\u00f3, pero varios clubes ya piensan en lo que vendr\u00e1 en 2024. Uno de ellos es San Mart\u00edn de San Juan, que hace menos de un mes se qued\u00f3 sin entrenador cuando se acord\u00f3 la salida de C\u00e9sar Monasterio, quien d\u00edas atr\u00e1s arregl\u00f3 su llegada a All Boys. Entonces, [&hellip;]<\/p>\n","protected":false},"author":1,"featured_media":143971,"comment_status":"closed","ping_status":"closed","sticky":false,"template":"","format":"standard","meta":[],"categories":[21],"tags":[],"_links":{"self":[{"href":"http:\/\/cordobadirecto.com\/index.php\/wp-json\/wp\/v2\/posts\/143970"}],"collection":[{"href":"http:\/\/cordobadirecto.com\/index.php\/wp-json\/wp\/v2\/posts"}],"about":[{"href":"http:\/\/cordobadirecto.com\/index.php\/wp-json\/wp\/v2\/types\/post"}],"author":[{"embeddable":true,"href":"http:\/\/cordobadirecto.com\/index.php\/wp-json\/wp\/v2\/users\/1"}],"replies":[{"embeddable":true,"href":"http:\/\/cordobadirecto.com\/index.php\/wp-json\/wp\/v2\/comments?post=143970"}],"version-history":[{"count":0,"href":"http:\/\/cordobadirecto.com\/index.php\/wp-json\/wp\/v2\/posts\/143970\/revisions"}],"wp:featuredmedia":[{"embeddable":true,"href":"http:\/\/cordobadirecto.com\/index.php\/wp-json\/wp\/v2\/media\/143971"}],"wp:attachment":[{"href":"http:\/\/cordobadirecto.com\/index.php\/wp-json\/wp\/v2\/media?parent=143970"}],"wp:term":[{"taxonomy":"category","embeddable":true,"href":"http:\/\/cordobadirecto.com\/index.php\/wp-json\/wp\/v2\/categories?post=143970"},{"taxonomy":"post_tag","embeddable":true,"href":"http:\/\/cordobadirecto.com\/index.php\/wp-json\/wp\/v2\/tags?post=143970"}],"curies":[{"name":"wp","href":"https:\/\/api.w.org\/{rel}","templated":true}]}}