{"id":143986,"date":"2023-11-19T11:50:48","date_gmt":"2023-11-19T11:50:48","guid":{"rendered":"https:\/\/puntoapunto.com.ar\/?p=353262"},"modified":"2023-11-19T11:50:48","modified_gmt":"2023-11-19T11:50:48","slug":"llega-asi-retratos-de-fino-pizarro","status":"publish","type":"post","link":"http:\/\/cordobadirecto.com\/index.php\/2023\/11\/19\/llega-asi-retratos-de-fino-pizarro\/","title":{"rendered":"Llega \u00abAs\u00ed, Retratos de Fino Pizarro\u00bb"},"content":{"rendered":"<div class=\"g g-36\">\n<div class=\"g-dyn a-29 c-1\"><a class=\"gofollow\" data-track=\"MjksMzYsMSw2MA==\" href=\"https:\/\/www.harmoniechateau.com.ar\/\" target=\"_blank\" rel=\"noopener\"><img class=\"lazyload\" src=\"http:\/\/cordobadirecto.com\/wp-content\/uploads\/2023\/11\/llega-asi-retratos-de-fino-pizarro.jpg\"><\/a><\/div>\n<\/div>\n<p>&nbsp;\n<\/p>\n<p><span>Tras cuarenta a\u00f1os de trayectoria en medios locales y nacionales, como as\u00ed tambi\u00e9n en campa\u00f1as pol\u00edticas y empresariales, el fot\u00f3grafo <\/span><b>Fino Pizarro<\/b><span> re\u00fane en un vol\u00famen fotogr\u00e1fico de m\u00e1s de ciento veinte p\u00e1ginas, una serie de sus retratos m\u00e1s valiosos.&nbsp;<\/span><i><span>\u201cAs\u00ed, retratos de Fino Pizarro\u201d<\/span><\/i><span> es un trabajo consagratorio en su larga carrera fotogr\u00e1fica.&nbsp;<\/span>\n<\/p>\n<p><span>Escritores, actores, personalidades de la cultura y de la actualidad se despliegan a lo largo de las p\u00e1ginas del libro; todos ellos al amparo de un denominador com\u00fan: en su paso por C\u00f3rdoba, posaron para el lente de Fino Pizarro.&nbsp;&nbsp;<\/span>\n<\/p>\n<p><span>Este recorte fotogr\u00e1fico, que cuenta adem\u00e1s con textos del periodista espa\u00f1ol <\/span><b>Chema Forte<\/b><span>, incluye cien retratos de distintos personajes no s\u00f3lo de nuestro pa\u00eds sino tambi\u00e9n del exterior.&nbsp;<\/span>\n<\/p>\n<p><img loading=\"lazy\" decoding=\"async\" alt width=\"2560\" height=\"1280\" data-sizes=\"(max-width: 2560px) 100vw, 2560px\" class=\"alignnone size-full wp-image-353266 lazyload\" src=\"http:\/\/cordobadirecto.com\/wp-content\/uploads\/2023\/11\/llega-asi-retratos-de-fino-pizarro-1.jpg\" srcset=\"http:\/\/cordobadirecto.com\/wp-content\/uploads\/2023\/11\/llega-asi-retratos-de-fino-pizarro-1.jpg 2560w, http:\/\/cordobadirecto.com\/wp-content\/uploads\/2023\/11\/llega-asi-retratos-de-fino-pizarro-3.jpg 300w, http:\/\/cordobadirecto.com\/wp-content\/uploads\/2023\/11\/llega-asi-retratos-de-fino-pizarro-4.jpg 1024w, http:\/\/cordobadirecto.com\/wp-content\/uploads\/2023\/11\/llega-asi-retratos-de-fino-pizarro-5.jpg 768w, http:\/\/cordobadirecto.com\/wp-content\/uploads\/2023\/11\/llega-asi-retratos-de-fino-pizarro-6.jpg 1536w, http:\/\/cordobadirecto.com\/wp-content\/uploads\/2023\/11\/llega-asi-retratos-de-fino-pizarro-7.jpg 2048w, http:\/\/cordobadirecto.com\/wp-content\/uploads\/2023\/11\/llega-asi-retratos-de-fino-pizarro-8.jpg 360w, http:\/\/cordobadirecto.com\/wp-content\/uploads\/2023\/11\/llega-asi-retratos-de-fino-pizarro-9.jpg 750w, http:\/\/cordobadirecto.com\/wp-content\/uploads\/2023\/11\/llega-asi-retratos-de-fino-pizarro-10.jpg 1140w\"><\/p>\n<p><span>A trav\u00e9s de sus p\u00e1ginas se descubren retratos de <\/span><b>Muhammad Yunus<\/b><span>, que recibi\u00f3 en 2006 el Premio Nobel de la Paz o de la escritora <\/span><b>Mar\u00eda Teresa Andruetto<\/b><span>, que en 2019 dio el discurso de clausura del VIII Congreso Internacional de la Lengua Espa\u00f1ola en C\u00f3rdoba.<\/span>\n<\/p>\n<p><span>Sus p\u00e1ginas cobijan adem\u00e1s personajes muy nuestros como <\/span><b>Carlos \u00abLa Mona\u00bb Jim\u00e9nez<\/b><span> y el boxeador mendocino <\/span><b>Nicolino Locche<\/b><span>, ganador del campeonato mundial de peso superligero en Tokio en 1968.&nbsp;<\/span>\n<\/p>\n<p><span>\u00ab<\/span><i><span>La obra de Fino Pizarro, un innegable referente de la fotograf\u00eda cordobesa, tiene la sutileza del ojo que ve lo genuino en el instante de su registro. La vocaci\u00f3n period\u00edstica de su trabajo, aunada a una convicci\u00f3n est\u00e9tica innegable, nos devuelve una documentaci\u00f3n extraordinaria que no sacrifica belleza y que potencia la profundidad social a la que refiere<\/span><\/i><span>\u00ab, se\u00f1ala en el pr\u00f3logo del libro <\/span><b>Ra\u00fal Sansica<\/b><span>, presidente de la <\/span><b>Agencia C\u00f3rdoba Cultura<\/b><span>.<strong>&nbsp;<\/strong><\/span><strong>El libro estar\u00e1 en librer\u00edas a partir del mes de diciembre.&nbsp;<\/strong>\n<\/p>\n<h4><b>Sobre Fino Pizarro<\/b><\/h4>\n<p><span>Fot\u00f3grafo argentino, nacido en C\u00f3rdoba, desarrolla su actividad en el fotoperiodismo hace m\u00e1s de 40 a\u00f1os. Ha publicado en diarios, revistas, agencias de noticias a nivel local y nacional, tambi\u00e9n lo hace en publicidad, campa\u00f1as pol\u00edticas y empresariales. Ha participado en muestras colectivas de ARGRA, y sus trabajos fueron portadas de libros, CD\u2019s y gr\u00e1fica callejera.<\/span>\n<\/p>\n<p><span>Posee un archivo fotogr\u00e1fico con contenidos diversos, pero su especialidad es el retrato.&nbsp;<\/span>\n<\/p>\n<p><span>En 2015 y luego de 40 a\u00f1os de trayectoria, colg\u00f3 su propia muestra \u201cLos Rostros de Fino\u201d en el Cabildo Hist\u00f3rico de nuestra ciudad, con 50 fotograf\u00edas in\u00e9ditas de personajes del mundo del deporte, la cultura, la m\u00fasica y las empresas.<\/span>\n<\/p>\n<p><span>La muestra fue presentada en varias ciudades del interior de nuestra provincia.<\/span>\n<\/p>\n<p><span><strong>En 2016 public\u00f3 junto con el periodista espa\u00f1ol Jos\u00e9 Mar\u00eda \u201cChema\u201d Forte<\/strong> \u201cCasas Museo de C\u00f3rdoba\u201d, un libro con m\u00e1s de 150 p\u00e1ginas cuyo contenido es un recorrido de 14 casas museo por donde pasaron grandes personalidades del mundo de la cultura, el arte, la m\u00fasica y la pol\u00edtica.<\/span>\n<\/p>\n<p><strong>En 2018 fue distinguido con el Premio Jer\u00f3nimo de la ciudad de C\u00f3rdoba por su compromiso con la cultura y su trayectoria profesional.<\/strong>\n<\/p>\n<p><span>La Legislatura de la Provincia de C\u00f3rdoba lo distingui\u00f3 por su labor como fotorreportero en los a\u00f1os de pandemia. Tambi\u00e9n lo reconoci\u00f3 por su compromiso social y cultural como fot\u00f3grafo.&nbsp;<\/span>\n<\/p>\n<figure id=\"attachment_353267\" aria-describedby=\"caption-attachment-353267\" class=\"wp-caption alignnone\"><img loading=\"lazy\" decoding=\"async\" alt=\"Tras 40 a\u00f1os de trayectoria, el fot\u00f3grafo Fino Pizarro re\u00fane sus retratos en un libro\" width=\"2560\" height=\"1700\" data-sizes=\"(max-width: 2560px) 100vw, 2560px\" class=\"wp-image-353267 size-full lazyload\" src=\"http:\/\/cordobadirecto.com\/wp-content\/uploads\/2023\/11\/llega-asi-retratos-de-fino-pizarro-2.jpg\" srcset=\"http:\/\/cordobadirecto.com\/wp-content\/uploads\/2023\/11\/llega-asi-retratos-de-fino-pizarro-2.jpg 2560w, http:\/\/cordobadirecto.com\/wp-content\/uploads\/2023\/11\/llega-asi-retratos-de-fino-pizarro-11.jpg 300w, http:\/\/cordobadirecto.com\/wp-content\/uploads\/2023\/11\/llega-asi-retratos-de-fino-pizarro-12.jpg 1024w, http:\/\/cordobadirecto.com\/wp-content\/uploads\/2023\/11\/llega-asi-retratos-de-fino-pizarro-13.jpg 768w, http:\/\/cordobadirecto.com\/wp-content\/uploads\/2023\/11\/llega-asi-retratos-de-fino-pizarro-14.jpg 1536w, http:\/\/cordobadirecto.com\/wp-content\/uploads\/2023\/11\/llega-asi-retratos-de-fino-pizarro-15.jpg 2048w, http:\/\/cordobadirecto.com\/wp-content\/uploads\/2023\/11\/llega-asi-retratos-de-fino-pizarro-16.jpg 750w, http:\/\/cordobadirecto.com\/wp-content\/uploads\/2023\/11\/llega-asi-retratos-de-fino-pizarro-17.jpg 1140w\"><figcaption id=\"caption-attachment-353267\" class=\"wp-caption-text\">Tras 40 a\u00f1os de trayectoria, el fot\u00f3grafo Fino Pizarro re\u00fane sus retratos en un libro<\/figcaption><\/figure>\n<div class=\"g g-38\">\n<div class=\"g-dyn a-12 c-1\"><a class=\"gofollow\" data-track=\"MTIsMzgsMSw2MA==\" href=\"https:\/\/hospitalprivado.com.ar\/landing-trasplante.html\" target=\"_blank\" rel=\"noopener\"><img class=\"lazyload\" src=\"http:\/\/cordobadirecto.com\/wp-content\/uploads\/2023\/11\/llega-asi-retratos-de-fino-pizarro.gif\"><\/a><\/div>\n<\/div>\n","protected":false},"excerpt":{"rendered":"<p>&nbsp; Tras cuarenta a\u00f1os de trayectoria en medios locales y nacionales, como as\u00ed tambi\u00e9n en campa\u00f1as pol\u00edticas y empresariales, el fot\u00f3grafo Fino Pizarro re\u00fane en un vol\u00famen fotogr\u00e1fico de m\u00e1s de ciento veinte p\u00e1ginas, una serie de sus retratos m\u00e1s valiosos.&nbsp;\u201cAs\u00ed, retratos de Fino Pizarro\u201d es un trabajo consagratorio en su larga carrera fotogr\u00e1fica.&nbsp; Escritores, [&hellip;]<\/p>\n","protected":false},"author":1,"featured_media":143987,"comment_status":"closed","ping_status":"closed","sticky":false,"template":"","format":"standard","meta":[],"categories":[25],"tags":[],"_links":{"self":[{"href":"http:\/\/cordobadirecto.com\/index.php\/wp-json\/wp\/v2\/posts\/143986"}],"collection":[{"href":"http:\/\/cordobadirecto.com\/index.php\/wp-json\/wp\/v2\/posts"}],"about":[{"href":"http:\/\/cordobadirecto.com\/index.php\/wp-json\/wp\/v2\/types\/post"}],"author":[{"embeddable":true,"href":"http:\/\/cordobadirecto.com\/index.php\/wp-json\/wp\/v2\/users\/1"}],"replies":[{"embeddable":true,"href":"http:\/\/cordobadirecto.com\/index.php\/wp-json\/wp\/v2\/comments?post=143986"}],"version-history":[{"count":0,"href":"http:\/\/cordobadirecto.com\/index.php\/wp-json\/wp\/v2\/posts\/143986\/revisions"}],"wp:featuredmedia":[{"embeddable":true,"href":"http:\/\/cordobadirecto.com\/index.php\/wp-json\/wp\/v2\/media\/143987"}],"wp:attachment":[{"href":"http:\/\/cordobadirecto.com\/index.php\/wp-json\/wp\/v2\/media?parent=143986"}],"wp:term":[{"taxonomy":"category","embeddable":true,"href":"http:\/\/cordobadirecto.com\/index.php\/wp-json\/wp\/v2\/categories?post=143986"},{"taxonomy":"post_tag","embeddable":true,"href":"http:\/\/cordobadirecto.com\/index.php\/wp-json\/wp\/v2\/tags?post=143986"}],"curies":[{"name":"wp","href":"https:\/\/api.w.org\/{rel}","templated":true}]}}