{"id":144003,"date":"2023-11-20T06:21:30","date_gmt":"2023-11-20T06:21:30","guid":{"rendered":"https:\/\/puntoapunto.com.ar\/?p=353362"},"modified":"2023-11-20T06:21:30","modified_gmt":"2023-11-20T06:21:30","slug":"para-facilitar-la-transicion-massa-pediria-licencia","status":"publish","type":"post","link":"http:\/\/cordobadirecto.com\/index.php\/2023\/11\/20\/para-facilitar-la-transicion-massa-pediria-licencia\/","title":{"rendered":"Para facilitar la transici\u00f3n Massa pedir\u00eda licencia"},"content":{"rendered":"<div class=\"g g-36\">\n<div class=\"g-dyn a-29 c-1\"><a class=\"gofollow\" data-track=\"MjksMzYsMSw2MA==\" href=\"https:\/\/www.harmoniechateau.com.ar\/\" target=\"_blank\" rel=\"noopener\"><img class=\"lazyload\" src=\"http:\/\/cordobadirecto.com\/wp-content\/uploads\/2023\/11\/para-facilitar-la-transicion-massa-pediria-licencia.jpg\"><\/a><\/div>\n<\/div>\n<p>&nbsp;\n<\/p>\n<p>El ministro de Econom\u00eda y ex candidato presidencial de Uni\u00f3n por la Patria,&nbsp;<strong>Sergio Masa, se tomar\u00eda licencia en el Palacio de Hacienda<\/strong>&nbsp;para&nbsp;<strong>\u00abfacilitar la transici\u00f3n\u00bb<\/strong>&nbsp;con el presidente electo&nbsp;<strong>Javier Milei.<\/strong>\n<\/p>\n<p>De acuerdo a <em><strong>Noticias Argentinas<\/strong><\/em>, la transici\u00f3n quedar\u00e1 a cargo de&nbsp;<strong>Ra\u00fal Rigo<\/strong>&nbsp;y del presidente del Banco Central,&nbsp;<strong>Miguel Pesce.<\/strong>\n<\/p>\n<p><em>Noticia en desarrollo<\/em><\/p>\n<div class=\"g g-38\">\n<div class=\"g-dyn a-12 c-1\"><a class=\"gofollow\" data-track=\"MTIsMzgsMSw2MA==\" href=\"https:\/\/hospitalprivado.com.ar\/landing-trasplante.html\" target=\"_blank\" rel=\"noopener\"><img class=\"lazyload\" src=\"http:\/\/cordobadirecto.com\/wp-content\/uploads\/2023\/11\/para-facilitar-la-transicion-massa-pediria-licencia.gif\"><\/a><\/div>\n<\/div>\n","protected":false},"excerpt":{"rendered":"<p>&nbsp; El ministro de Econom\u00eda y ex candidato presidencial de Uni\u00f3n por la Patria,&nbsp;Sergio Masa, se tomar\u00eda licencia en el Palacio de Hacienda&nbsp;para&nbsp;\u00abfacilitar la transici\u00f3n\u00bb&nbsp;con el presidente electo&nbsp;Javier Milei. De acuerdo a Noticias Argentinas, la transici\u00f3n quedar\u00e1 a cargo de&nbsp;Ra\u00fal Rigo&nbsp;y del presidente del Banco Central,&nbsp;Miguel Pesce. Noticia en desarrollo<\/p>\n","protected":false},"author":1,"featured_media":144004,"comment_status":"closed","ping_status":"closed","sticky":false,"template":"","format":"standard","meta":[],"categories":[23,25,1],"tags":[],"_links":{"self":[{"href":"http:\/\/cordobadirecto.com\/index.php\/wp-json\/wp\/v2\/posts\/144003"}],"collection":[{"href":"http:\/\/cordobadirecto.com\/index.php\/wp-json\/wp\/v2\/posts"}],"about":[{"href":"http:\/\/cordobadirecto.com\/index.php\/wp-json\/wp\/v2\/types\/post"}],"author":[{"embeddable":true,"href":"http:\/\/cordobadirecto.com\/index.php\/wp-json\/wp\/v2\/users\/1"}],"replies":[{"embeddable":true,"href":"http:\/\/cordobadirecto.com\/index.php\/wp-json\/wp\/v2\/comments?post=144003"}],"version-history":[{"count":0,"href":"http:\/\/cordobadirecto.com\/index.php\/wp-json\/wp\/v2\/posts\/144003\/revisions"}],"wp:featuredmedia":[{"embeddable":true,"href":"http:\/\/cordobadirecto.com\/index.php\/wp-json\/wp\/v2\/media\/144004"}],"wp:attachment":[{"href":"http:\/\/cordobadirecto.com\/index.php\/wp-json\/wp\/v2\/media?parent=144003"}],"wp:term":[{"taxonomy":"category","embeddable":true,"href":"http:\/\/cordobadirecto.com\/index.php\/wp-json\/wp\/v2\/categories?post=144003"},{"taxonomy":"post_tag","embeddable":true,"href":"http:\/\/cordobadirecto.com\/index.php\/wp-json\/wp\/v2\/tags?post=144003"}],"curies":[{"name":"wp","href":"https:\/\/api.w.org\/{rel}","templated":true}]}}