{"id":14404,"date":"2021-08-17T20:39:34","date_gmt":"2021-08-17T20:39:34","guid":{"rendered":"https:\/\/www.cordoba.gob.ar\/?p=12200"},"modified":"2021-08-17T20:39:34","modified_gmt":"2021-08-17T20:39:34","slug":"nuevo-postitulo-en-actualizacion-academica-en-educacion-de-nivel-primario-para-jovenes-y-adultos","status":"publish","type":"post","link":"http:\/\/cordobadirecto.com\/index.php\/2021\/08\/17\/nuevo-postitulo-en-actualizacion-academica-en-educacion-de-nivel-primario-para-jovenes-y-adultos\/","title":{"rendered":"Nuevo post\u00edtulo en \u201cActualizaci\u00f3n Acad\u00e9mica en Educaci\u00f3n de Nivel Primario para J\u00f3venes y Adultos\u201d"},"content":{"rendered":"<div><img src=\"http:\/\/cordobadirecto.com\/wp-content\/uploads\/2021\/08\/nuevo-postitulo-en-actualizacion-academica-en-educacion-de-nivel-primario-para-jovenes-y-adultos.jpg\" class=\"ff-og-image-inserted\"><\/div>\n<p><strong>\u2022 La propuesta tendr\u00e1 por objetivo acercar a los docentes municipales saberes acad\u00e9micos y estrategias de ense\u00f1anza innovadoras y significativas para la modalidad de Educaci\u00f3n para J\u00f3venes y Adultos.<\/strong><\/p>\n<hr>\n<p>El post\u00edtulo \u201cActualizaci\u00f3n Acad\u00e9mica en Educaci\u00f3n de Nivel Primario para J\u00f3venes y Adultos\u201d estar\u00e1 a cargo del Instituto de Educaci\u00f3n Superior Ren\u00e9 Trettel, de la Direcci\u00f3n General de Educaci\u00f3n Superior, del Ministerio de Educaci\u00f3n de la Provincia de C\u00f3rdoba y ser\u00e1 ofrecido por la Direcci\u00f3n de Aprendizaje y Desarrollo Profesional y la Direcci\u00f3n de Fortalecimiento Socio educativo, ambas dependientes de la Secretar\u00eda de Educaci\u00f3n.<\/p>\n<p>La propuesta est\u00e1 destinada a aquellos docentes que desempe\u00f1en funciones en la modalidad, como titulares o suplentes. Adem\u00e1s tendr\u00e1n que estar en el listado de orden de m\u00e9rito vigente correspondiente a la b\u00fasqueda interna para cubrir cargos en la modalidad, cumplir con los requisitos de la b\u00fasqueda interna para cubrir cargos en la modalidad educaci\u00f3n de j\u00f3venes y adultos y est\u00e9n en condiciones de participar de la misma.<\/p>\n<p>La invitaci\u00f3n de actualizaci\u00f3n acad\u00e9mica est\u00e1 compuesta de siete m\u00f3dulos y un trabajo final integrador, donde se trabajar\u00e1n diversos contenidos que van desde el abordaje de las principales caracter\u00edsticas de los sistemas y programas de educaci\u00f3n para j\u00f3venes y adultos, hasta cuestiones espec\u00edficas referidas al dise\u00f1o de propuestas curriculares destinadas al desarrollo de las capacidades fundamentales.<\/p>\n<p>Las actividades tendr\u00e1n comienzo el 30 de agosto, y se desarrollar\u00e1n bajo la modalidad semipresencial, a trav\u00e9s de encuentros sincr\u00f3nicos virtuales y, por otro lado, de la interacci\u00f3n e intercambio entre docentes y tutores. Durante la participaci\u00f3n de los encuentros sincr\u00f3nicos los cursantes podr\u00e1n interactuar con los docentes. Del mismo modo, durante las actividades no presenciales podr\u00e1n efectuar consultas mediante correo electr\u00f3nico con los tutores, quienes atender\u00e1n las dudas y\/o preguntas sobre cuestiones relacionadas con diferentes aspectos de la oferta de actualizaci\u00f3n.<\/p>\n<p>Al respecto, el Secretario de Educaci\u00f3n afirm\u00f3 que esta propuesta, que cuenta con el reconocimiento oficial del Ministerio de Educaci\u00f3n, \u201c<em>se suma a otras que estamos desarrollando desde la Secretaria, vinculadas con la educaci\u00f3n inicial, digital programaci\u00f3n y rob\u00f3tica, ingl\u00e9s, integraci\u00f3n y profundizaci\u00f3n de saberes, desarrollo sostenible, con el objetivo de que nuestros docente se actualicen, como sostiene nuestro Intendente Martin Llaryora, para transformar y de esa manera ayudar a nuestros estudiantes a aprender en su ciudad, con la mirada puesta en el presente y el futuro<\/em>.\u201d<\/p>\n<p>La educaci\u00f3n de nivel primario con modalidad de j\u00f3venes y adultos es un componente central en el Sistema Educativo Municipal,&nbsp; est\u00e1 integrado por 27 centros de los que participan m\u00e1s de 600 estudiantes. Esta capacitaci\u00f3n, sostuvo Alicia Olmos Directora de Aprendizaje y desarrollo profesional \u201capunta a fortalecer las trayectorias escolares de las y los estudiantes pertenecientes a esta modalidad, garantizando su continuidad hasta el egreso\u201d.<\/p>\n<p>La oferta acad\u00e9mica acreditar\u00e1 200 horas reloj, y para obtener la debida certificaci\u00f3n se necesitar\u00e1 la aprobaci\u00f3n de todas las instancias evaluativas y la asistencia a los encuentros sincr\u00f3nicos.<\/p>\n<p>La fecha l\u00edmite de inscripci\u00f3n es el 20 de agosto, y los interesados deber\u00e1n hacerlo ingresando al siguiente <a href=\"https:\/\/forms.gle\/dP9BYzYqQyWtaykJ8,\">link<\/a> , a los fines de ser registrado en las bases de la Direcci\u00f3n de Aprendizaje y Desarrollo Profesional, Direcci\u00f3n General de Educaci\u00f3n , Secretaria de Educaci\u00f3n.<\/p>\n<p>Para acceder a m\u00e1s informaci\u00f3n sobre el post\u00edtulo ingresar<a href=\"https:\/\/educacion.cordoba.gob.ar\/wp-content\/uploads\/sites\/28\/2021\/08\/convocatoria-postitulo-jya.pdf\"> aqu\u00ed<\/a><\/p>\n","protected":false},"excerpt":{"rendered":"<p>\u2022 La propuesta tendr\u00e1 por objetivo acercar a los docentes municipales saberes acad\u00e9micos y estrategias de ense\u00f1anza innovadoras y significativas para la modalidad de Educaci\u00f3n para J\u00f3venes y Adultos. El post\u00edtulo \u201cActualizaci\u00f3n Acad\u00e9mica en Educaci\u00f3n de Nivel Primario para J\u00f3venes y Adultos\u201d estar\u00e1 a cargo del Instituto de Educaci\u00f3n Superior Ren\u00e9 Trettel, de la Direcci\u00f3n [&hellip;]<\/p>\n","protected":false},"author":1,"featured_media":14405,"comment_status":"closed","ping_status":"closed","sticky":false,"template":"","format":"standard","meta":[],"categories":[44],"tags":[],"_links":{"self":[{"href":"http:\/\/cordobadirecto.com\/index.php\/wp-json\/wp\/v2\/posts\/14404"}],"collection":[{"href":"http:\/\/cordobadirecto.com\/index.php\/wp-json\/wp\/v2\/posts"}],"about":[{"href":"http:\/\/cordobadirecto.com\/index.php\/wp-json\/wp\/v2\/types\/post"}],"author":[{"embeddable":true,"href":"http:\/\/cordobadirecto.com\/index.php\/wp-json\/wp\/v2\/users\/1"}],"replies":[{"embeddable":true,"href":"http:\/\/cordobadirecto.com\/index.php\/wp-json\/wp\/v2\/comments?post=14404"}],"version-history":[{"count":0,"href":"http:\/\/cordobadirecto.com\/index.php\/wp-json\/wp\/v2\/posts\/14404\/revisions"}],"wp:featuredmedia":[{"embeddable":true,"href":"http:\/\/cordobadirecto.com\/index.php\/wp-json\/wp\/v2\/media\/14405"}],"wp:attachment":[{"href":"http:\/\/cordobadirecto.com\/index.php\/wp-json\/wp\/v2\/media?parent=14404"}],"wp:term":[{"taxonomy":"category","embeddable":true,"href":"http:\/\/cordobadirecto.com\/index.php\/wp-json\/wp\/v2\/categories?post=14404"},{"taxonomy":"post_tag","embeddable":true,"href":"http:\/\/cordobadirecto.com\/index.php\/wp-json\/wp\/v2\/tags?post=14404"}],"curies":[{"name":"wp","href":"https:\/\/api.w.org\/{rel}","templated":true}]}}