{"id":14406,"date":"2021-08-17T20:04:06","date_gmt":"2021-08-17T20:04:06","guid":{"rendered":"https:\/\/cordoba.gob.ar\/?p=12191"},"modified":"2021-08-17T20:04:06","modified_gmt":"2021-08-17T20:04:06","slug":"el-municipio-anuncia-la-creacion-de-un-nuevo-paseo-en-villa-el-libertador","status":"publish","type":"post","link":"http:\/\/cordobadirecto.com\/index.php\/2021\/08\/17\/el-municipio-anuncia-la-creacion-de-un-nuevo-paseo-en-villa-el-libertador\/","title":{"rendered":"El Municipio anuncia la creaci\u00f3n de un nuevo paseo en Villa El Libertador"},"content":{"rendered":"<div><img src=\"http:\/\/cordobadirecto.com\/wp-content\/uploads\/2021\/08\/el-municipio-anuncia-la-creacion-de-un-nuevo-paseo-en-villa-el-libertador.jpg\" class=\"ff-og-image-inserted\"><\/div>\n<ul>\n<li><strong>Se llamar\u00e1 \u201cPaseo El Libertador\u201d y se ubicar\u00e1 en la plaza 12 de Octubre, la cual se revalorizar\u00e1 con una inversi\u00f3n superior a los $50 millones.<\/strong><\/li>\n<\/ul>\n<hr>\n<p>En el marco de un nuevo aniversario del barrio Villa El Libertador, la Municipalidad de C\u00f3rdoba present\u00f3 el proyecto \u201cPaseo El Libertador\u201d junto a la recuperaci\u00f3n y puesta en valor de la m\u00edtica Plaza 12 de Octubre.<\/p>\n<p>La intervenci\u00f3n alcanzar\u00e1 un \u00e1rea total de 7.000 metros cuadrados, con una inversi\u00f3n de $54.233.682.<\/p>\n<p><em>\u201cA todas las obras que estamos haciendo en la sur, hoy le sumamos el Paseo El Libertador en la plaza 12 de Octubre. Realmente, va a ser una de las mejores plazas de la ciudad, y es lo que se merece Villa El Libertador, una barriada que hace a\u00f1os el Estado abandon\u00f3 y que paso a paso vamos a poner de pie\u201d<\/em>, expres\u00f3 el secretario de Gobierno, Miguel Siciliano.<\/p>\n<p>Los trabajos comprenden la mejora de la infraestructura existente, la instalaci\u00f3n de nuevo mobiliario urbano y la forestaci\u00f3n de todo el espacio, generando cuatro \u00e1reas bien definidas: de ejercicios, infantil, de permanencia y anfiteatro.<\/p>\n<p>El sector deportivo estar\u00e1 dotado de una cancha de b\u00e1squet, calistenia y una estaci\u00f3n para ejercicio f\u00edsico; el \u00e1rea para ni\u00f1os tendr\u00e1 calesita y juegos infantiles con piso de caucho reciclado, mientras que la zona de permanencia estar\u00e1 equipada con nuevas mesas y bancos de hormig\u00f3n.<\/p>\n<p>En el cuarto sector correspondiente al anfiteatro, se pondr\u00e1n en valor las gradas y los sanitarios y se sumar\u00e1 el techado del escenario.<\/p>\n<p><em>\u201cCon la obra de puesta en valor y remodelaci\u00f3n de la plaza 12 de octubre se busc\u00f3 valorizar la vida que tiene, ordenarla y se respetuoso con la estructura existente, adem\u00e1s de darle un car\u00e1cter ambiental con la reforestaci\u00f3n de la plaza y de accesibilidad\u201d<\/em>, fueron las palabras de la directora de Arquitectura, Ana Mendoza.<\/p>\n<p>Adem\u00e1s, el Paseo reunir\u00e1 a trabajadores de la Econom\u00eda Popular del barrio y alrededores.<\/p>\n<p>Al respecto, el secretario de Pol\u00edticas Sociales, Inclusi\u00f3n y Convivencia, Ra\u00fal La Cava, destac\u00f3: <em>\u201cten\u00edamos que llegar de la mano de Mart\u00edn para que esto empiece a cambiar, d\u00e1ndole a los feriantes el permiso, el lugar y la dignidad que va de la mano de recursos tan simples que necesita cada trabajador, como un ba\u00f1o y un espacio\u201d.<\/em><\/p>\n<p>El proyecto se enmarca en el Plan de Revitalizaci\u00f3n de la Zona Sur que lleva adelante la Mesa Pueblo Sur, un espacio integrado por distintas \u00e1reas de la Municipalidad de C\u00f3rdoba, vecinos e instituciones del sector que busca recuperar la identidad, la cultura y las costumbres de cada barrio, propiciando procesos de participaci\u00f3n ciudadana.<\/p>\n<p><em>\u201cLa zona sur fue olvidada por mucho tiempo, porque los gobernantes no vieron que siempre necesit\u00f3 la presencia del estado en la planificaci\u00f3n. Y as\u00ed naci\u00f3 este plan que tiene varios ejes, para traer la soluci\u00f3n definitiva a la comunidad que tanto ha sufrido dolor y tragedia en esta zona\u201d<\/em>, expres\u00f3 el director de la Unidad Ejecutora Zona Sur (UEZS).<\/p>\n<p>Cabe recordar que el municipio viene desarrollando diferentes programas y obras para recuperar y mejorar el sector: la reciente inauguraci\u00f3n de puesta en valor de la Plaza de Barrio Comercial, la ejecuci\u00f3n de la segunda etapa de obras de cloacas, recuperaci\u00f3n de espacios verdes y m\u00e1s de seis plazas, la colocaci\u00f3n de luces LED y recuperaci\u00f3n de calles de asfalto, entre muchas otras.<\/p>\n","protected":false},"excerpt":{"rendered":"<p>Se llamar\u00e1 \u201cPaseo El Libertador\u201d y se ubicar\u00e1 en la plaza 12 de Octubre, la cual se revalorizar\u00e1 con una inversi\u00f3n superior a los $50 millones. En el marco de un nuevo aniversario del barrio Villa El Libertador, la Municipalidad de C\u00f3rdoba present\u00f3 el proyecto \u201cPaseo El Libertador\u201d junto a la recuperaci\u00f3n y puesta en [&hellip;]<\/p>\n","protected":false},"author":1,"featured_media":14407,"comment_status":"closed","ping_status":"closed","sticky":false,"template":"","format":"standard","meta":[],"categories":[44],"tags":[],"_links":{"self":[{"href":"http:\/\/cordobadirecto.com\/index.php\/wp-json\/wp\/v2\/posts\/14406"}],"collection":[{"href":"http:\/\/cordobadirecto.com\/index.php\/wp-json\/wp\/v2\/posts"}],"about":[{"href":"http:\/\/cordobadirecto.com\/index.php\/wp-json\/wp\/v2\/types\/post"}],"author":[{"embeddable":true,"href":"http:\/\/cordobadirecto.com\/index.php\/wp-json\/wp\/v2\/users\/1"}],"replies":[{"embeddable":true,"href":"http:\/\/cordobadirecto.com\/index.php\/wp-json\/wp\/v2\/comments?post=14406"}],"version-history":[{"count":0,"href":"http:\/\/cordobadirecto.com\/index.php\/wp-json\/wp\/v2\/posts\/14406\/revisions"}],"wp:featuredmedia":[{"embeddable":true,"href":"http:\/\/cordobadirecto.com\/index.php\/wp-json\/wp\/v2\/media\/14407"}],"wp:attachment":[{"href":"http:\/\/cordobadirecto.com\/index.php\/wp-json\/wp\/v2\/media?parent=14406"}],"wp:term":[{"taxonomy":"category","embeddable":true,"href":"http:\/\/cordobadirecto.com\/index.php\/wp-json\/wp\/v2\/categories?post=14406"},{"taxonomy":"post_tag","embeddable":true,"href":"http:\/\/cordobadirecto.com\/index.php\/wp-json\/wp\/v2\/tags?post=14406"}],"curies":[{"name":"wp","href":"https:\/\/api.w.org\/{rel}","templated":true}]}}