{"id":144089,"date":"2023-11-20T08:55:04","date_gmt":"2023-11-20T08:55:04","guid":{"rendered":"http:\/\/cordobadirecto.com\/index.php\/2023\/11\/20\/arjona-cerrara-su-exitosa-gira-blanco-y-negro-en-el-estadio-de-velez\/"},"modified":"2023-11-20T08:55:04","modified_gmt":"2023-11-20T08:55:04","slug":"arjona-cerrara-su-exitosa-gira-blanco-y-negro-en-el-estadio-de-velez","status":"publish","type":"post","link":"http:\/\/cordobadirecto.com\/index.php\/2023\/11\/20\/arjona-cerrara-su-exitosa-gira-blanco-y-negro-en-el-estadio-de-velez\/","title":{"rendered":"Arjona cerrar\u00e1 su exitosa gira &#8220;Blanco y negro&#8221; en el estadio de V\u00e9lez"},"content":{"rendered":"<figure class=\"mb-3\"><img loading=\"lazy\" data-src=\"http:\/\/cordobadirecto.com\/wp-content\/uploads\/2023\/11\/arjona-cerrara-su-exitosa-gira-blanco-y-negro-en-el-estadio-de-velez.jpg\" src=\"https:\/\/www.telam.com.ar\/assets\/img\/not_image.png\" class=\" lazy \" width=\"100%\" height=\"100%\" alt=\"Ricardo Arjona se pone al da con sus fans de Argentina con la realizacin de dos conciertos postergados Foto Prensa\"><figcaption> Ricardo Arjona se pone al d\u00eda con sus fans de Argentina con la realizaci\u00f3n de dos conciertos postergados \/ Foto: Prensa. <\/figcaption><\/figure>\n<p><strong>El cantante y compositor guatemalteco Ricardo Arjona cerrar\u00e1 su gira&nbsp;<\/strong>latinoamericana \u201cBlanco y negro\u201d, que lo llev\u00f3 a recorrer 110 ciudades del&nbsp;mundo, y se presentar\u00e1 el jueves 30 de noviembre y el viernes 1 de&nbsp;diciembre en el estadio V\u00e9lez Sarsfield.<\/p>\n<p>Se trata de los conciertos <strong>que el int\u00e9rprete ten\u00eda previsto realizar&nbsp;inicialmente el 15 y 16 de septiembre pasado<\/strong> y que tuvo que reprogramar a&nbsp;ra\u00edz de una complicaci\u00f3n de salud en la columna vertebral.<\/p>\n<p>Con una imponente puesta en escena, el cantante promete dos noches&nbsp;inolvidables en la que se podr\u00e1 disfrutar de <strong>su trayectoria musical de m\u00e1s&nbsp;de 30 a\u00f1os<\/strong> y ser\u00e1 la \u00faltima oportunidad para que el p\u00fablico argentino viva&nbsp;este concierto especial para despedir este hist\u00f3rico tour.<\/p>\n<p><strong>En dos a\u00f1os de gira con 160 conciertos en 110 ciudades de Latinoam\u00e9rica,&nbsp;Europa y Estados Unidos<\/strong>, Arjona tuvo dos &#8220;sold out&#8221; en el Madison Square&nbsp;Garden y ostenta el r\u00e9cord por sus ocho funciones en el Movistar Arena.<\/p>\n","protected":false},"excerpt":{"rendered":"<p>Ricardo Arjona se pone al d\u00eda con sus fans de Argentina con la realizaci\u00f3n de dos conciertos postergados \/ Foto: Prensa. El cantante y compositor guatemalteco Ricardo Arjona cerrar\u00e1 su gira&nbsp;latinoamericana \u201cBlanco y negro\u201d, que lo llev\u00f3 a recorrer 110 ciudades del&nbsp;mundo, y se presentar\u00e1 el jueves 30 de noviembre y el viernes 1 de&nbsp;diciembre [&hellip;]<\/p>\n","protected":false},"author":1,"featured_media":144090,"comment_status":"closed","ping_status":"closed","sticky":false,"template":"","format":"standard","meta":[],"categories":[20],"tags":[],"_links":{"self":[{"href":"http:\/\/cordobadirecto.com\/index.php\/wp-json\/wp\/v2\/posts\/144089"}],"collection":[{"href":"http:\/\/cordobadirecto.com\/index.php\/wp-json\/wp\/v2\/posts"}],"about":[{"href":"http:\/\/cordobadirecto.com\/index.php\/wp-json\/wp\/v2\/types\/post"}],"author":[{"embeddable":true,"href":"http:\/\/cordobadirecto.com\/index.php\/wp-json\/wp\/v2\/users\/1"}],"replies":[{"embeddable":true,"href":"http:\/\/cordobadirecto.com\/index.php\/wp-json\/wp\/v2\/comments?post=144089"}],"version-history":[{"count":0,"href":"http:\/\/cordobadirecto.com\/index.php\/wp-json\/wp\/v2\/posts\/144089\/revisions"}],"wp:featuredmedia":[{"embeddable":true,"href":"http:\/\/cordobadirecto.com\/index.php\/wp-json\/wp\/v2\/media\/144090"}],"wp:attachment":[{"href":"http:\/\/cordobadirecto.com\/index.php\/wp-json\/wp\/v2\/media?parent=144089"}],"wp:term":[{"taxonomy":"category","embeddable":true,"href":"http:\/\/cordobadirecto.com\/index.php\/wp-json\/wp\/v2\/categories?post=144089"},{"taxonomy":"post_tag","embeddable":true,"href":"http:\/\/cordobadirecto.com\/index.php\/wp-json\/wp\/v2\/tags?post=144089"}],"curies":[{"name":"wp","href":"https:\/\/api.w.org\/{rel}","templated":true}]}}