{"id":144127,"date":"2023-11-20T22:40:06","date_gmt":"2023-11-20T22:40:06","guid":{"rendered":"https:\/\/www.bbc.com\/mundo\/articles\/cxw1jlmrdp7o"},"modified":"2023-11-20T22:40:06","modified_gmt":"2023-11-20T22:40:06","slug":"4-hitos-que-marcaron-la-vida-del-presidente-electo-javier-milei","status":"publish","type":"post","link":"http:\/\/cordobadirecto.com\/index.php\/2023\/11\/20\/4-hitos-que-marcaron-la-vida-del-presidente-electo-javier-milei\/","title":{"rendered":"4 hitos que marcaron la vida del presidente electo Javier Milei"},"content":{"rendered":"<figure class=\"bbc-1qn0xuy\" readability=\"1.5\">\n<div class=\"bbc-sni631\" readability=\"8\"><picture><img loading=\"lazy\" src=\"http:\/\/cordobadirecto.com\/wp-content\/uploads\/2023\/11\/4-hitos-que-marcaron-la-vida-del-presidente-electo-javier-milei.jpg\" srcset=\"http:\/\/cordobadirecto.com\/wp-content\/uploads\/2023\/11\/4-hitos-que-marcaron-la-vida-del-presidente-electo-javier-milei-8.jpg 240w, http:\/\/cordobadirecto.com\/wp-content\/uploads\/2023\/11\/4-hitos-que-marcaron-la-vida-del-presidente-electo-javier-milei-9.jpg 320w, http:\/\/cordobadirecto.com\/wp-content\/uploads\/2023\/11\/4-hitos-que-marcaron-la-vida-del-presidente-electo-javier-milei-10.jpg 480w, http:\/\/cordobadirecto.com\/wp-content\/uploads\/2023\/11\/4-hitos-que-marcaron-la-vida-del-presidente-electo-javier-milei-11.jpg 624w, http:\/\/cordobadirecto.com\/wp-content\/uploads\/2023\/11\/4-hitos-que-marcaron-la-vida-del-presidente-electo-javier-milei-12.jpg 707w\" sizes=\"(min-width: 1008px) 760px, 100vw\" alt=\"Milei\" width=\"707\" height=\"398\" class=\"bbc-1uwua2r\"><\/picture>\n<p class=\"bbc-kaivkm\" role=\"text\"><span class=\"bbc-m04vo2\">Fuente de la imagen, <\/span><span lang=\"en-GB\">Reuters<\/span><\/p>\n<\/div>\n<\/figure>\n<section role=\"region\" aria-labelledby=\"article-byline\" class=\"bbc-1vjaf6b\"><strong id=\"article-byline\" aria-hidden=\"true\" class=\"bbc-m04vo2\">Article information<\/strong><\/p>\n<ul role=\"list\" class=\"bbc-1rvtlej\">\n<li><span role=\"text\"><span class=\"bbc-m04vo2\">Author, <\/span><span class=\"bbc-1ypcc2\">Redacci\u00f3n<\/span><\/span><\/li>\n<li><span role=\"text\"><span class=\"bbc-m04vo2\">Role, <!-- --> <\/span><span class=\"bbc-1y5sx98\">BBC News Mundo<\/span><\/span><\/li>\n<li class=\"bbc-v8pmqw\">\n<p><time datetime=\"2023-11-20\" class=\"bbc-1dafq0j e1mklfmt0\">20 noviembre 2023<\/time><\/p>\n<\/li>\n<\/ul>\n<\/section>\n<div dir=\"ltr\" class=\"bbc-19j92fr ebmt73l0\" readability=\"7\">\n<p dir=\"ltr\" class=\"bbc-hhl7in e17g058b0\"><b>Las ansias de cambio de los argentinos se impusieron al miedo a lo desconocido.<\/b><\/p>\n<\/div>\n<div dir=\"ltr\" class=\"bbc-19j92fr ebmt73l0\" readability=\"9\">\n<p dir=\"ltr\" class=\"bbc-hhl7in e17g058b0\">El economista libertario Javier Gerardo Milei gan\u00f3 las elecciones de este domingo y el pr\u00f3ximo 10 de diciembre se convertir\u00e1 en el 12\u00ba presidente de Argentina desde la restauraci\u00f3n de la democracia en 1983.<\/p>\n<\/div>\n<div dir=\"ltr\" class=\"bbc-19j92fr ebmt73l0\" readability=\"15\">\n<p dir=\"ltr\" class=\"bbc-hhl7in e17g058b0\">Pese a sus controvertidas promesas de sacar a los pol\u00edticos a patadas, recortar el gasto, dolarizar la econom\u00eda y dinamitar el Banco Central, el extravagante y pol\u00e9mico <i class=\"bbc-h1y5j7 eih42320\">outsider<\/i> consigui\u00f3 <b>el respaldo del 55,7% de los electores<\/b> frente al 44,3% cosechado por su rival, el peronista Sergio Massa.<\/p>\n<\/div>\n<div dir=\"ltr\" class=\"bbc-19j92fr ebmt73l0\" readability=\"9\">\n<p dir=\"ltr\" class=\"bbc-hhl7in e17g058b0\">Pero qu\u00e9 se sabe del futuro mandatario, de d\u00f3nde viene y qui\u00e9nes son sus confidentes m\u00e1s cercanos. Estas y otras inc\u00f3gnitas las respondemos a continuaci\u00f3n.<\/p>\n<\/div>\n<p><h2 id=\"1-Entre-golpes-y-menosprecio\" tabindex=\"-1\" class=\"bbc-1f03ibc eglt09e0\">1. Entre golpes y menosprecio<\/h2>\n<\/p>\n<figure class=\"bbc-1qn0xuy\" readability=\"1.5\">\n<div class=\"bbc-sni631\" readability=\"8\"><picture><img src=\"http:\/\/cordobadirecto.com\/wp-content\/uploads\/2023\/11\/4-hitos-que-marcaron-la-vida-del-presidente-electo-javier-milei-1.jpg\" srcset=\"http:\/\/cordobadirecto.com\/wp-content\/uploads\/2023\/11\/4-hitos-que-marcaron-la-vida-del-presidente-electo-javier-milei-13.jpg 240w, http:\/\/cordobadirecto.com\/wp-content\/uploads\/2023\/11\/4-hitos-que-marcaron-la-vida-del-presidente-electo-javier-milei-14.jpg 320w, http:\/\/cordobadirecto.com\/wp-content\/uploads\/2023\/11\/4-hitos-que-marcaron-la-vida-del-presidente-electo-javier-milei-15.jpg 480w, http:\/\/cordobadirecto.com\/wp-content\/uploads\/2023\/11\/4-hitos-que-marcaron-la-vida-del-presidente-electo-javier-milei-16.jpg 624w, http:\/\/cordobadirecto.com\/wp-content\/uploads\/2023\/11\/4-hitos-que-marcaron-la-vida-del-presidente-electo-javier-milei-17.jpg 800w\" sizes=\"(min-width: 1008px) 760px, 100vw\" alt=\"Retrato del padre de Milei\" loading=\"lazy\" width=\"1024\" height=\"683\" class=\"bbc-1uwua2r\"><\/picture>\n<p class=\"bbc-kaivkm\" role=\"text\"><span class=\"bbc-m04vo2\">Fuente de la imagen, <\/span><span lang=\"en-GB\">Getty Images<\/span><\/p>\n<\/div><figcaption dir=\"ltr\" class=\"bbc-847f6b e6i104o0\" readability=\"1.5\"><span role=\"text\" readability=\"3\"><span class=\"bbc-m04vo2\">Pie de foto, <\/span><\/p>\n<p>Pese a que lo ha acusado de maltratarlo en su infancia, Milei parece haberse acercado a su padre.<\/p>\n<p><\/span><\/figcaption><\/figure>\n<div dir=\"ltr\" class=\"bbc-19j92fr ebmt73l0\" readability=\"8\">\n<p dir=\"ltr\" class=\"bbc-hhl7in e17g058b0\">Milei naci\u00f3 el 22 de octubre de 1970 en la ciudad de Buenos Aires y se crio en el barrio porte\u00f1o de Villa Devoto en el seno de una familia de clase media.<\/p>\n<\/div>\n<div dir=\"ltr\" class=\"bbc-19j92fr ebmt73l0\" readability=\"16\">\n<p dir=\"ltr\" class=\"bbc-hhl7in e17g058b0\">Su padre, Norberto Horacio Milei, de 78 a\u00f1os, fue conductor de autobuses y luego se hizo con la propiedad de siete l\u00edneas de transporte. Por su parte, su madre, Alicia Luj\u00e1n Lucich, de 73 a\u00f1os, es ama de casa.<\/p>\n<\/div>\n<div dir=\"ltr\" class=\"bbc-19j92fr ebmt73l0\" readability=\"11\">\n<p dir=\"ltr\" class=\"bbc-hhl7in e17g058b0\">Desde muy joven el hoy presidente electo se labr\u00f3 fama de exc\u00e9ntrico y prueba de ello es que sus compa\u00f1eros del colegio Cardenal Copello comenzaron a apodarlo El Loco, por <b>c\u00f3mo vest\u00eda, lo que dec\u00eda y c\u00f3mo se comportaba<\/b>. Este mote lo acompa\u00f1a desde entonces.<\/p>\n<\/div>\n<div dir=\"ltr\" class=\"bbc-19j92fr ebmt73l0\" readability=\"11\">\n<p dir=\"ltr\" class=\"bbc-hhl7in e17g058b0\">Al igual que buena parte de sus compatriotas, Milei es aficionado al f\u00fatbol, llegando a jugar como portero en el Club Atl\u00e9tico Chacarita Juniors, de la segunda divisi\u00f3n.<\/p>\n<\/div>\n<div dir=\"ltr\" class=\"bbc-19j92fr ebmt73l0\" readability=\"10\">\n<p dir=\"ltr\" class=\"bbc-hhl7in e17g058b0\">Sin embargo, lo que realmente marc\u00f3 su infancia fueron los malos tratos que recibi\u00f3 de sus padres, como \u00e9l mismo admiti\u00f3.<\/p>\n<\/div>\n<figure class=\"bbc-1qn0xuy\" readability=\"1.5\">\n<div class=\"bbc-sni631\" readability=\"8\"><picture><img src=\"http:\/\/cordobadirecto.com\/wp-content\/uploads\/2023\/11\/4-hitos-que-marcaron-la-vida-del-presidente-electo-javier-milei-2.jpg\" srcset=\"http:\/\/cordobadirecto.com\/wp-content\/uploads\/2023\/11\/4-hitos-que-marcaron-la-vida-del-presidente-electo-javier-milei-18.jpg 240w, http:\/\/cordobadirecto.com\/wp-content\/uploads\/2023\/11\/4-hitos-que-marcaron-la-vida-del-presidente-electo-javier-milei-19.jpg 320w, http:\/\/cordobadirecto.com\/wp-content\/uploads\/2023\/11\/4-hitos-que-marcaron-la-vida-del-presidente-electo-javier-milei-20.jpg 480w, http:\/\/cordobadirecto.com\/wp-content\/uploads\/2023\/11\/4-hitos-que-marcaron-la-vida-del-presidente-electo-javier-milei-21.jpg 624w, http:\/\/cordobadirecto.com\/wp-content\/uploads\/2023\/11\/4-hitos-que-marcaron-la-vida-del-presidente-electo-javier-milei-22.jpg 800w\" sizes=\"(min-width: 1008px) 760px, 100vw\" alt=\"La madre de Milei rodeada por seguidores de su hijo.\" loading=\"lazy\" width=\"1024\" height=\"683\" class=\"bbc-1uwua2r\"><\/picture>\n<p class=\"bbc-kaivkm\" role=\"text\"><span class=\"bbc-m04vo2\">Fuente de la imagen, <\/span><span lang=\"en-GB\">Getty Images<\/span><\/p>\n<\/div><figcaption dir=\"ltr\" class=\"bbc-847f6b e6i104o0\" readability=\"2\"><span role=\"text\" readability=\"4\"><span class=\"bbc-m04vo2\">Pie de foto, <\/span><\/p>\n<p>La madre de Milei tambi\u00e9n se dej\u00f3 ver en las celebraciones por la victoria de su hijo, pese a que no tienen una relaci\u00f3n cercana.<\/p>\n<p><\/span><\/figcaption><\/figure>\n<div dir=\"ltr\" class=\"bbc-19j92fr ebmt73l0\" readability=\"12\">\n<p dir=\"ltr\" class=\"bbc-hhl7in e17g058b0\">Seg\u00fan \u00e9l, todo comenz\u00f3 el 2 de abril de 1982, mientras miraba por televisi\u00f3n c\u00f3mo el presidente de facto Leopoldo Galtieri anunciaba el desembarco de tropas argentinas en las Islas Malvinas\/Falklands, bajo control de Reino Unido.<\/p>\n<\/div>\n<div dir=\"ltr\" class=\"bbc-19j92fr ebmt73l0\" readability=\"10\">\n<p dir=\"ltr\" class=\"bbc-hhl7in e17g058b0\">Milei, quien para la \u00e9poca ten\u00eda 11 a\u00f1os, le dijo a su padre que cre\u00eda que era <b>un \u201cdelirio\u201d la decisi\u00f3n del gobierno militar<\/b> por la relaci\u00f3n desigual de fuerzas entre un ej\u00e9rcito y otro.<\/p>\n<\/div>\n<div dir=\"ltr\" class=\"bbc-19j92fr ebmt73l0\" readability=\"9\">\n<p dir=\"ltr\" class=\"bbc-hhl7in e17g058b0\">&#8220;A mi padre le agarr\u00f3 un ataque de furia. Empez\u00f3 a pegarme trompadas y patadas. Me fue pateando a lo largo de toda la cocina&#8221;, record\u00f3 Milei en una entrevista hace cinco a\u00f1os.<\/p>\n<\/div>\n<div dir=\"ltr\" class=\"bbc-19j92fr ebmt73l0\" readability=\"12\">\n<p dir=\"ltr\" class=\"bbc-hhl7in e17g058b0\">El incidente, sin embargo, no fue un hecho aislado, aunque con el paso del tiempo ir\u00eda cambiando, relat\u00f3 el hoy presidente electo. <\/p>\n<\/div>\n<div dir=\"ltr\" class=\"bbc-19j92fr ebmt73l0\" readability=\"10\">\n<p dir=\"ltr\" class=\"bbc-hhl7in e17g058b0\">&#8220;De grande [mi padre] dej\u00f3 de pegarme para infligir violencia psicol\u00f3gica. <b>Siempre me dijo que era una basura, que me iba a morir de hambre<\/b>\u201d, coment\u00f3.<\/p>\n<\/div>\n<div dir=\"ltr\" class=\"bbc-19j92fr ebmt73l0\" readability=\"7\">\n<p dir=\"ltr\" class=\"bbc-hhl7in e17g058b0\">El trato que su madre le dio no fue mucho mejor. <\/p>\n<\/div>\n<div dir=\"ltr\" class=\"bbc-19j92fr ebmt73l0\" readability=\"12\">\n<p dir=\"ltr\" class=\"bbc-hhl7in e17g058b0\">\u201c<b>Tu hermana est\u00e1 as\u00ed por culpa tuya<\/b>, si se muere es culpa tuya\u201d, asegur\u00f3 que le dijo su progenitora en una ocasi\u00f3n, debido a que su hermana Karina sufri\u00f3 un shock al presenciar una de las palizas que recib\u00eda de su padre. <\/p>\n<\/div>\n<div dir=\"ltr\" class=\"bbc-19j92fr ebmt73l0\" readability=\"7\">\n<p dir=\"ltr\" class=\"bbc-hhl7in e17g058b0\">Milei asever\u00f3 que estos vej\u00e1menes hicieron que hoy \u201cno le tenga miedo a nada\u201d.<\/p>\n<\/div>\n<p><h2 id=\"2-Su-hermana-su-principal-apoyo\" tabindex=\"-1\" class=\"bbc-1f03ibc eglt09e0\">2. Su hermana, su principal apoyo<\/h2>\n<\/p>\n<figure class=\"bbc-1qn0xuy\" readability=\"1.5\">\n<div class=\"bbc-sni631\" readability=\"8\"><picture><img src=\"http:\/\/cordobadirecto.com\/wp-content\/uploads\/2023\/11\/4-hitos-que-marcaron-la-vida-del-presidente-electo-javier-milei-3.jpg\" srcset=\"http:\/\/cordobadirecto.com\/wp-content\/uploads\/2023\/11\/4-hitos-que-marcaron-la-vida-del-presidente-electo-javier-milei-23.jpg 240w, http:\/\/cordobadirecto.com\/wp-content\/uploads\/2023\/11\/4-hitos-que-marcaron-la-vida-del-presidente-electo-javier-milei-24.jpg 320w, http:\/\/cordobadirecto.com\/wp-content\/uploads\/2023\/11\/4-hitos-que-marcaron-la-vida-del-presidente-electo-javier-milei-25.jpg 480w, http:\/\/cordobadirecto.com\/wp-content\/uploads\/2023\/11\/4-hitos-que-marcaron-la-vida-del-presidente-electo-javier-milei-26.jpg 624w, http:\/\/cordobadirecto.com\/wp-content\/uploads\/2023\/11\/4-hitos-que-marcaron-la-vida-del-presidente-electo-javier-milei-27.jpg 800w\" sizes=\"(min-width: 1008px) 760px, 100vw\" alt=\"Milei con su hermana Karina\" loading=\"lazy\" width=\"1024\" height=\"683\" class=\"bbc-1uwua2r\"><\/picture>\n<p class=\"bbc-kaivkm\" role=\"text\"><span class=\"bbc-m04vo2\">Fuente de la imagen, <\/span><span lang=\"en-GB\">Getty Images<\/span><\/p>\n<\/div><figcaption dir=\"ltr\" class=\"bbc-847f6b e6i104o0\" readability=\"2.5\"><span role=\"text\" readability=\"5\"><span class=\"bbc-m04vo2\">Pie de foto, <\/span><\/p>\n<p>Karina Milei, a quien apodan El Jefe, es considerada como el apoyo m\u00e1s importante del nuevo mandatario electo.<\/p>\n<p><\/span><\/figcaption><\/figure>\n<div dir=\"ltr\" class=\"bbc-19j92fr ebmt73l0\" readability=\"12\">\n<p dir=\"ltr\" class=\"bbc-hhl7in e17g058b0\">Pese a la mala relaci\u00f3n con sus padres, Milei mantiene un estrecho v\u00ednculo con su hermana menor, Karina Milei, a quien los cercanos al mandatario electo apodan como El Jefe, en masculino.<\/p>\n<\/div>\n<div dir=\"ltr\" class=\"bbc-19j92fr ebmt73l0\" readability=\"10\">\n<p dir=\"ltr\" class=\"bbc-hhl7in e17g058b0\"><b>\u201cSin ella nada de esto hubiera sido posible\u201d<\/b>, declar\u00f3 en su primer discurso nada m\u00e1s conocer su victoria en las urnas, en el cual le agradeci\u00f3 por todo su apoyo.<\/p>\n<\/div>\n<div dir=\"ltr\" class=\"bbc-19j92fr ebmt73l0\" readability=\"8\">\n<p dir=\"ltr\" class=\"bbc-hhl7in e17g058b0\">El mandatario electo ha comparado el v\u00ednculo que lo une con Karina con el del profeta Mois\u00e9s y su hermano Aar\u00f3n:<\/p>\n<\/div>\n<div dir=\"ltr\" class=\"bbc-19j92fr ebmt73l0\" readability=\"9\">\n<p dir=\"ltr\" class=\"bbc-hhl7in e17g058b0\">&#8220;Mois\u00e9s era un gran l\u00edder, pero no un gran divulgador. Dios le mand\u00f3 a Aar\u00f3n para que se comunicara. Yo soy a Kari lo que Aar\u00f3n es a Mois\u00e9s&#8221;.<\/p>\n<\/div>\n<div dir=\"ltr\" class=\"bbc-19j92fr ebmt73l0\" readability=\"10\">\n<p dir=\"ltr\" class=\"bbc-hhl7in e17g058b0\">Aunque se define como cat\u00f3lico, Milei ha arremetido contra el papa Francisco, al que llam\u00f3 &#8220;el representante del maligno en la Tierra&#8221; que &#8220;tiene afinidad por los comunistas asesinos&#8221;.<\/p>\n<\/div>\n<div dir=\"ltr\" class=\"bbc-19j92fr ebmt73l0\" readability=\"10\">\n<p dir=\"ltr\" class=\"bbc-hhl7in e17g058b0\">De su vida personal, se sabe que <b>es amante del rock <\/b>y lider\u00f3 la banda \u201cEverest\u201d, que se dedicaba a versionar temas de The Rolling Stones. Tambi\u00e9n dice que es apasionado de la \u00f3pera.<\/p>\n<\/div>\n<figure class=\"bbc-1qn0xuy\" readability=\"1.5\">\n<div class=\"bbc-sni631\" readability=\"8\"><picture><img src=\"http:\/\/cordobadirecto.com\/wp-content\/uploads\/2023\/11\/4-hitos-que-marcaron-la-vida-del-presidente-electo-javier-milei-4.jpg\" srcset=\"http:\/\/cordobadirecto.com\/wp-content\/uploads\/2023\/11\/4-hitos-que-marcaron-la-vida-del-presidente-electo-javier-milei-28.jpg 240w, http:\/\/cordobadirecto.com\/wp-content\/uploads\/2023\/11\/4-hitos-que-marcaron-la-vida-del-presidente-electo-javier-milei-29.jpg 320w, http:\/\/cordobadirecto.com\/wp-content\/uploads\/2023\/11\/4-hitos-que-marcaron-la-vida-del-presidente-electo-javier-milei-30.jpg 480w, http:\/\/cordobadirecto.com\/wp-content\/uploads\/2023\/11\/4-hitos-que-marcaron-la-vida-del-presidente-electo-javier-milei-31.jpg 624w, http:\/\/cordobadirecto.com\/wp-content\/uploads\/2023\/11\/4-hitos-que-marcaron-la-vida-del-presidente-electo-javier-milei-32.jpg 800w\" sizes=\"(min-width: 1008px) 760px, 100vw\" alt=\"Milei besa a Fl\u00f3rez\" loading=\"lazy\" width=\"1024\" height=\"751\" class=\"bbc-1uwua2r\"><\/picture>\n<p class=\"bbc-kaivkm\" role=\"text\"><span class=\"bbc-m04vo2\">Fuente de la imagen, <\/span><span lang=\"en-GB\">Getty Images<\/span><\/p>\n<\/div><figcaption dir=\"ltr\" class=\"bbc-847f6b e6i104o0\" readability=\"1\"><span role=\"text\" readability=\"2\"><span class=\"bbc-m04vo2\">Pie de foto, <\/span><\/p>\n<p>El presidente electo anunci\u00f3 que tiene una relaci\u00f3n con la humorista argentina F\u00e1tima Fl\u00f3rez.<\/p>\n<p><\/span><\/figcaption><\/figure>\n<div dir=\"ltr\" class=\"bbc-19j92fr ebmt73l0\" readability=\"14\">\n<p dir=\"ltr\" class=\"bbc-hhl7in e17g058b0\">Est\u00e1 soltero y no tiene hijos, aunque considera como tales a sus perros: Murray, Milton, Robert y Lucas, a los cuales bautiz\u00f3 en honor a los economistas liberales Murray Rothbard, Milton Friedman y Robert Lucas.<\/p>\n<\/div>\n<div dir=\"ltr\" class=\"bbc-19j92fr ebmt73l0\" readability=\"11\">\n<p dir=\"ltr\" class=\"bbc-hhl7in e17g058b0\"><b>\u201cLes agradezco el triunfo a mis hijitos de cuatro patas\u201d<\/b>, dijo tras ganar las primarias de agosto en referencia a sus mastines, copias de un perro llamado Conan creados en un laboratorio del norte del estado de Nueva York.<\/p>\n<\/div>\n<div dir=\"ltr\" class=\"bbc-19j92fr ebmt73l0\" readability=\"12\">\n<p dir=\"ltr\" class=\"bbc-hhl7in e17g058b0\">La relaci\u00f3n de Milei con sus perros ha dado de qu\u00e9 hablar. El bi\u00f3grafo no autorizado del mandatario, Juan Luis Gonz\u00e1lez, en su libro \u201cEl Loco\u201d, asegura que Milei mantiene comunicaci\u00f3n con su fallecida mascota<b> a trav\u00e9s de una m\u00e9dium<\/b>.<\/p>\n<\/div>\n<div dir=\"ltr\" class=\"bbc-19j92fr ebmt73l0\" readability=\"11\">\n<p dir=\"ltr\" class=\"bbc-hhl7in e17g058b0\">Las dos \u00fanicas novias que se le conocen son figuras del mundo del espect\u00e1culo: la cantante Daniela Noem\u00ed P\u00e9rez, y la humorista F\u00e1tima Fl\u00f3rez, que salt\u00f3 a la fama por sus imitaciones de la saliente vicepresidenta <b>Cristina Fern\u00e1ndez de Kirchner<\/b>.<\/p>\n<\/div>\n<div dir=\"ltr\" class=\"bbc-19j92fr ebmt73l0\" readability=\"7\">\n<p dir=\"ltr\" class=\"bbc-hhl7in e17g058b0\">La prensa asegura que esta \u00faltima fue quien lo bautiz\u00f3 como el Rey.<\/p>\n<\/div>\n<p><h2 id=\"3-De-la-TV-a-las-instituciones\" tabindex=\"-1\" class=\"bbc-1f03ibc eglt09e0\">3. De la TV a las instituciones<\/h2>\n<\/p>\n<figure class=\"bbc-1qn0xuy\" readability=\"1.5\">\n<div class=\"bbc-sni631\" readability=\"8\"><picture><img src=\"http:\/\/cordobadirecto.com\/wp-content\/uploads\/2023\/11\/4-hitos-que-marcaron-la-vida-del-presidente-electo-javier-milei-5.jpg\" srcset=\"http:\/\/cordobadirecto.com\/wp-content\/uploads\/2023\/11\/4-hitos-que-marcaron-la-vida-del-presidente-electo-javier-milei-33.jpg 240w, http:\/\/cordobadirecto.com\/wp-content\/uploads\/2023\/11\/4-hitos-que-marcaron-la-vida-del-presidente-electo-javier-milei-34.jpg 320w, http:\/\/cordobadirecto.com\/wp-content\/uploads\/2023\/11\/4-hitos-que-marcaron-la-vida-del-presidente-electo-javier-milei-35.jpg 480w, http:\/\/cordobadirecto.com\/wp-content\/uploads\/2023\/11\/4-hitos-que-marcaron-la-vida-del-presidente-electo-javier-milei-36.jpg 624w, http:\/\/cordobadirecto.com\/wp-content\/uploads\/2023\/11\/4-hitos-que-marcaron-la-vida-del-presidente-electo-javier-milei-37.jpg 800w\" sizes=\"(min-width: 1008px) 760px, 100vw\" alt=\"Milei en el Congreso argentino.\" loading=\"lazy\" width=\"1024\" height=\"683\" class=\"bbc-1uwua2r\"><\/picture>\n<p class=\"bbc-kaivkm\" role=\"text\"><span class=\"bbc-m04vo2\">Fuente de la imagen, <\/span><span lang=\"en-GB\">Getty Images<\/span><\/p>\n<\/div><figcaption dir=\"ltr\" class=\"bbc-847f6b e6i104o0\" readability=\"2.5\"><span role=\"text\" readability=\"5\"><span class=\"bbc-m04vo2\">Pie de foto, <\/span><\/p>\n<p>El ahora presidente electo obtuvo su primer cargo p\u00fablico en 2021, cuando fue elegido diputado, pero inici\u00f3 su carrera pol\u00edtica en las tertulias televisivas.<\/p>\n<p><\/span><\/figcaption><\/figure>\n<div dir=\"ltr\" class=\"bbc-19j92fr ebmt73l0\" readability=\"12\">\n<p dir=\"ltr\" class=\"bbc-hhl7in e17g058b0\">En 2021 Milei logr\u00f3 su primer cargo p\u00fablico al ser elegido diputado. Sin embargo, ya ten\u00eda tiempo en el mundo de la pol\u00edtica, aunque sus andanzas no comenzaron en el seno de un partido, sino en los escenarios televisivos.<\/p>\n<\/div>\n<div dir=\"ltr\" class=\"bbc-19j92fr ebmt73l0\" readability=\"10\">\n<p dir=\"ltr\" class=\"bbc-hhl7in e17g058b0\">El periodista argentino Roberto Garc\u00eda, uno de los primeros en llevarlo a un programa de televisi\u00f3n, not\u00f3 que era un hombre que dec\u00eda <b>&#8220;cosas diferentes al resto de los economistas&#8221;<\/b>.<\/p>\n<\/div>\n<div dir=\"ltr\" class=\"bbc-19j92fr ebmt73l0\" readability=\"11\">\n<p dir=\"ltr\" class=\"bbc-hhl7in e17g058b0\">En aquel momento, el que era director period\u00edstico del diario \u00c1mbito Financiero, lo invit\u00f3 a su programa para hablar sobre econom\u00eda y r\u00e1pidamente identific\u00f3 que Milei ten\u00eda la habilidad de mantener atenta a la audiencia gracias a su tono volc\u00e1nico.<\/p>\n<\/div>\n<div dir=\"ltr\" class=\"bbc-19j92fr ebmt73l0\" readability=\"12\">\n<p dir=\"ltr\" class=\"bbc-hhl7in e17g058b0\">&#8220;<b>Milei es una <\/b><i class=\"bbc-h1y5j7 eih42320\"><b>rara avis<\/b><\/i>. No solo es una persona que sabe de lo que habla, sino que parece saber&#8221;, le cont\u00f3 Garc\u00eda a BBC Mundo, quien asegur\u00f3 que hace 15 a\u00f1os a nadie se le pod\u00eda ocurrir que algunas de las ideas de Milei pudieran ser aceptadas por la sociedad argentina.<\/p>\n<\/div>\n<div dir=\"ltr\" class=\"bbc-19j92fr ebmt73l0\" readability=\"10\">\n<p dir=\"ltr\" class=\"bbc-hhl7in e17g058b0\">El economista comenz\u00f3 a promover lo que llam\u00f3 &#8220;la batalla cultural&#8221;, a trav\u00e9s de la cual abog\u00f3 por la dolarizaci\u00f3n y lanz\u00f3 cr\u00edticas al consenso alcanzado en materia de derechos humanos tras el gobierno militar de las d\u00e9cadas de los 70 y 80.<\/p>\n<\/div>\n<div dir=\"ltr\" class=\"bbc-19j92fr ebmt73l0\" readability=\"8\">\n<p dir=\"ltr\" class=\"bbc-hhl7in e17g058b0\">Desde la televisi\u00f3n el profesor de Econom\u00eda de distintas universidades argentinas construy\u00f3 una figura que supo conectar con la ansiedad econ\u00f3mica de los ciudadanos \u00e1vidos de cambio.<\/p>\n<\/div>\n<p><h2 id=\"4-Un-libertario-convencido\" tabindex=\"-1\" class=\"bbc-1f03ibc eglt09e0\">4. Un libertario convencido<\/h2>\n<\/p>\n<figure class=\"bbc-1qn0xuy\" readability=\"1.5\">\n<div class=\"bbc-sni631\" readability=\"8\"><picture><img src=\"http:\/\/cordobadirecto.com\/wp-content\/uploads\/2023\/11\/4-hitos-que-marcaron-la-vida-del-presidente-electo-javier-milei-6.jpg\" srcset=\"http:\/\/cordobadirecto.com\/wp-content\/uploads\/2023\/11\/4-hitos-que-marcaron-la-vida-del-presidente-electo-javier-milei-38.jpg 240w, http:\/\/cordobadirecto.com\/wp-content\/uploads\/2023\/11\/4-hitos-que-marcaron-la-vida-del-presidente-electo-javier-milei-39.jpg 320w, http:\/\/cordobadirecto.com\/wp-content\/uploads\/2023\/11\/4-hitos-que-marcaron-la-vida-del-presidente-electo-javier-milei-40.jpg 480w, http:\/\/cordobadirecto.com\/wp-content\/uploads\/2023\/11\/4-hitos-que-marcaron-la-vida-del-presidente-electo-javier-milei-41.jpg 624w, http:\/\/cordobadirecto.com\/wp-content\/uploads\/2023\/11\/4-hitos-que-marcaron-la-vida-del-presidente-electo-javier-milei-42.jpg 800w\" sizes=\"(min-width: 1008px) 760px, 100vw\" alt=\"Un hombre disfrazado de motosierra.\" loading=\"lazy\" width=\"1024\" height=\"683\" class=\"bbc-1uwua2r\"><\/picture>\n<p class=\"bbc-kaivkm\" role=\"text\"><span class=\"bbc-m04vo2\">Fuente de la imagen, <\/span><span lang=\"en-GB\">Getty Images<\/span><\/p>\n<\/div><figcaption dir=\"ltr\" class=\"bbc-847f6b e6i104o0\" readability=\"1.5\"><span role=\"text\" readability=\"3\"><span class=\"bbc-m04vo2\">Pie de foto, <\/span><\/p>\n<p>El mandatario electo ha prometido que acabar\u00e1 con el modelo econ\u00f3mico que ha imperado en las \u00faltimas d\u00e9cadas en Argentina.<\/p>\n<p><\/span><\/figcaption><\/figure>\n<div dir=\"ltr\" class=\"bbc-19j92fr ebmt73l0\" readability=\"9\">\n<p dir=\"ltr\" class=\"bbc-hhl7in e17g058b0\">\u201cYo soy un liberal libertario. Filos\u00f3ficamente, soy un anarquista de mercado\u201d. As\u00ed se defini\u00f3 en 2021 el hoy presidente electo de Argentina.<\/p>\n<\/div>\n<div dir=\"ltr\" class=\"bbc-19j92fr ebmt73l0\" readability=\"13\">\n<p dir=\"ltr\" class=\"bbc-hhl7in e17g058b0\">Sin embargo, su pensamiento ha ido evolucionando. En los primeros a\u00f1os de su carrera como estudiante de Econom\u00eda de la Universidad de Belgrano, as\u00ed como en el tiempo en las maestr\u00edas que realiz\u00f3 en el Instituto de Desarrollo Econ\u00f3mico y Social (IDES) y la Universidad Torcuato Di Tella (UTDT), s<b>e consideraba un &#8220;liberal cl\u00e1sico&#8221;<\/b>.<\/p>\n<\/div>\n<div dir=\"ltr\" class=\"bbc-19j92fr ebmt73l0\" readability=\"9\">\n<p dir=\"ltr\" class=\"bbc-hhl7in e17g058b0\">No obstante, con el pasar de los a\u00f1os ha ido movi\u00e9ndose hacia posiciones m\u00e1s radicales y en 2014 se adhiri\u00f3 al mundo de la Escuela de Austria.<\/p>\n<\/div>\n<div dir=\"ltr\" class=\"bbc-19j92fr ebmt73l0\" readability=\"10\">\n<p dir=\"ltr\" class=\"bbc-hhl7in e17g058b0\">\u201c<b>Yo considero al Estado como un enemigo<\/b>; los impuestos son una r\u00e9mora de la esclavitud. El liberalismo fue creado para liberar a las personas de la opresi\u00f3n de los monarcas; en este caso ser\u00eda del Estado\u201d, declar\u00f3 antes de iniciar su carrera por la silla de la Casa Rosada.<\/p>\n<\/div>\n<div dir=\"ltr\" class=\"bbc-19j92fr ebmt73l0\" readability=\"8\">\n<p dir=\"ltr\" class=\"bbc-hhl7in e17g058b0\">En sus primeras declaraciones tras la victoria ha prometido \u201cun gobierno limitado\u201d y \u201crespeto a la propiedad privada y al comercio libre\u201d.<\/p>\n<\/div>\n<div dir=\"ltr\" class=\"bbc-19j92fr ebmt73l0\" readability=\"13\">\n<p dir=\"ltr\" class=\"bbc-hhl7in e17g058b0\">\u201cNo venimos a inventar nada. Venimos a hacer las cosas que la historia demuestra que funcionan. Venimos a hacer lo mismo que hicimos en el siglo XIX en nuestro pa\u00eds, lo mismo que hicieron pa\u00edses como Irlanda hace no tanto tiempo. <b>Venimos a abrazar las ideas de la libertad, que son aquellas que garantizan la prosperidad de los argentinos<\/b>\u201d, remat\u00f3. <\/p>\n<\/div>\n<div dir=\"ltr\" class=\"bbc-19j92fr ebmt73l0\" readability=\"11\">\n<p dir=\"ltr\" class=\"bbc-hhl7in e17g058b0\">Sin embargo, su postura contraria al aborto hace que muchos duden en calificarlo como un libertario a carta cabal. \u00bfLa raz\u00f3n? El libertarismo no s\u00f3lo defiende la desregulaci\u00f3n institucional y econ\u00f3mica, sino tambi\u00e9n aquella relacionada con la esfera m\u00e1s individual y personal.<\/p>\n<\/div>\n<figure class=\"bbc-1qn0xuy\">\n<div class=\"bbc-sni631\"><picture><img src=\"http:\/\/cordobadirecto.com\/wp-content\/uploads\/2023\/11\/4-hitos-que-marcaron-la-vida-del-presidente-electo-javier-milei-7.jpg\" srcset=\"http:\/\/cordobadirecto.com\/wp-content\/uploads\/2023\/11\/4-hitos-que-marcaron-la-vida-del-presidente-electo-javier-milei-43.jpg 240w, http:\/\/cordobadirecto.com\/wp-content\/uploads\/2023\/11\/4-hitos-que-marcaron-la-vida-del-presidente-electo-javier-milei-44.jpg 320w, http:\/\/cordobadirecto.com\/wp-content\/uploads\/2023\/11\/4-hitos-que-marcaron-la-vida-del-presidente-electo-javier-milei-45.jpg 480w, http:\/\/cordobadirecto.com\/wp-content\/uploads\/2023\/11\/4-hitos-que-marcaron-la-vida-del-presidente-electo-javier-milei-46.jpg 624w, http:\/\/cordobadirecto.com\/wp-content\/uploads\/2023\/11\/4-hitos-que-marcaron-la-vida-del-presidente-electo-javier-milei-47.jpg 800w\" sizes=\"(min-width: 1008px) 760px, 100vw\" alt=\"Raya gris\" loading=\"lazy\" width=\"800\" height=\"100\" class=\"bbc-1uwua2r\"><\/picture><\/div>\n<\/figure>\n<div dir=\"ltr\" class=\"bbc-19j92fr ebmt73l0\" readability=\"8\">\n<p dir=\"ltr\" class=\"bbc-hhl7in e17g058b0\"><i class=\"bbc-h1y5j7 eih42320\">Recuerda que puedes recibir notificaciones de BBC News Mundo. Descarga la \u00faltima versi\u00f3n de nuestra app y act\u00edvalas para no perderte nuestro mejor contenido.<\/i><\/p>\n<\/div>\n","protected":false},"excerpt":{"rendered":"<p>Fuente de la imagen, Reuters Article information Author, Redacci\u00f3n Role, BBC News Mundo 20 noviembre 2023 Las ansias de cambio de los argentinos se impusieron al miedo a lo desconocido. El economista libertario Javier Gerardo Milei gan\u00f3 las elecciones de este domingo y el pr\u00f3ximo 10 de diciembre se convertir\u00e1 en el 12\u00ba presidente de [&hellip;]<\/p>\n","protected":false},"author":1,"featured_media":144128,"comment_status":"closed","ping_status":"closed","sticky":false,"template":"","format":"standard","meta":[],"categories":[24],"tags":[],"_links":{"self":[{"href":"http:\/\/cordobadirecto.com\/index.php\/wp-json\/wp\/v2\/posts\/144127"}],"collection":[{"href":"http:\/\/cordobadirecto.com\/index.php\/wp-json\/wp\/v2\/posts"}],"about":[{"href":"http:\/\/cordobadirecto.com\/index.php\/wp-json\/wp\/v2\/types\/post"}],"author":[{"embeddable":true,"href":"http:\/\/cordobadirecto.com\/index.php\/wp-json\/wp\/v2\/users\/1"}],"replies":[{"embeddable":true,"href":"http:\/\/cordobadirecto.com\/index.php\/wp-json\/wp\/v2\/comments?post=144127"}],"version-history":[{"count":0,"href":"http:\/\/cordobadirecto.com\/index.php\/wp-json\/wp\/v2\/posts\/144127\/revisions"}],"wp:featuredmedia":[{"embeddable":true,"href":"http:\/\/cordobadirecto.com\/index.php\/wp-json\/wp\/v2\/media\/144128"}],"wp:attachment":[{"href":"http:\/\/cordobadirecto.com\/index.php\/wp-json\/wp\/v2\/media?parent=144127"}],"wp:term":[{"taxonomy":"category","embeddable":true,"href":"http:\/\/cordobadirecto.com\/index.php\/wp-json\/wp\/v2\/categories?post=144127"},{"taxonomy":"post_tag","embeddable":true,"href":"http:\/\/cordobadirecto.com\/index.php\/wp-json\/wp\/v2\/tags?post=144127"}],"curies":[{"name":"wp","href":"https:\/\/api.w.org\/{rel}","templated":true}]}}