{"id":144159,"date":"2023-11-21T09:02:03","date_gmt":"2023-11-21T09:02:03","guid":{"rendered":"http:\/\/cordobadirecto.com\/index.php\/2023\/11\/21\/argentina-tuvo-una-recepcion-mundialista-a-su-llegada-a-rio-de-janeiro\/"},"modified":"2023-11-21T09:02:03","modified_gmt":"2023-11-21T09:02:03","slug":"argentina-tuvo-una-recepcion-mundialista-a-su-llegada-a-rio-de-janeiro","status":"publish","type":"post","link":"http:\/\/cordobadirecto.com\/index.php\/2023\/11\/21\/argentina-tuvo-una-recepcion-mundialista-a-su-llegada-a-rio-de-janeiro\/","title":{"rendered":"Argentina tuvo una recepci\u00f3n &#8220;mundialista&#8221; a su llegada a R\u00edo de Janeiro"},"content":{"rendered":"<figure class=\"mb-3\"><img loading=\"lazy\" data-src=\"http:\/\/cordobadirecto.com\/wp-content\/uploads\/2023\/11\/argentina-tuvo-una-recepcion-mundialista-a-su-llegada-a-rio-de-janeiro.jpg\" src=\"https:\/\/www.telam.com.ar\/assets\/img\/not_image.png\" class=\" lazy \" width=\"100%\" height=\"100%\" alt=\"Foto Alfredo Luna\"><figcaption> Foto: Alfredo Luna. <\/figcaption><\/figure>\n<p>El seleccionado argentino lleg\u00f3 este lunes por la noche, alrededor de las 22, al hotel que constituir\u00e1 por unas pocas horas su alojamiento en R\u00edo de Janeiro, y all\u00ed fue recibido por unos 200 simpatizantes ataviados con camisetas argentinas, algunos paraguas para protegerse de la lluvia intermitente que abarc\u00f3 toda la jornada carioca, y ejecutando c\u00e1nticos referidos a la obtenci\u00f3n del pasado Mundial de Qatar.<\/p>\n<p>En una jornada en la que los medios brasile\u00f1os volvieron a tom\u00e1rsela con el entrenador de su seleccionado, Fernando Diniz, por llegar al entrenamiento en Teres\u00f3pilos, a unos 60 kil\u00f3metros de R\u00edo de Janeiro, a bordo de un helic\u00f3ptero propiedad del ahora lesionado Neymar, en vez de hacerlo en uno que puede disponer para \u00e9l la Confederaci\u00f3n Brasile\u00f1a de F\u00fatbol (CBF), la selecci\u00f3n conducido por Lionel Scaloni arrib\u00f3 a esta ciudad.<\/p>\n<figure class=\"mb-3\"><img loading=\"lazy\" data-src=\"http:\/\/cordobadirecto.com\/wp-content\/uploads\/2023\/11\/argentina-tuvo-una-recepcion-mundialista-a-su-llegada-a-rio-de-janeiro-1.jpg\" src=\"https:\/\/www.telam.com.ar\/assets\/img\/not_image.png\" class=\" lazy \" width=\"100%\" height=\"100%\" alt=\"Foto Alfredo Luna\"><figcaption> Foto: Alfredo Luna. <\/figcaption><\/figure>\n<p>Y a diferencia de la polvareda que levant\u00f3 su colega brasile\u00f1o, y no precisamente por el giro de las aspas del helic\u00f3ptero,<strong> Scaloni y sus dirigidos llegaron con absolutamente calma<\/strong>, tal como es habitual, a este equipo desde que lleg\u00f3 el t\u00e9cnico de Pujato a su direcci\u00f3n t\u00e9cnica.<\/p>\n<p>Los que remontaron vuelo en cambio frente al hotel Windsor, de la exclusiva zona de Barra de Tijuca, a unos 10 kil\u00f3metros del centro de R\u00edo de Janeiro, fueron esos aproximadamente 200 hinchas argentinos que tambi\u00e9n colgaron una bandera argentina con la imagen de Diego Maradona sobre el vallado de contenci\u00f3n tras el cual ingresaron los futbolistas argentinos a su lugar de concentraci\u00f3n.<\/p>\n<figure class=\"mb-3\"><img loading=\"lazy\" data-src=\"http:\/\/cordobadirecto.com\/wp-content\/uploads\/2023\/11\/argentina-tuvo-una-recepcion-mundialista-a-su-llegada-a-rio-de-janeiro-2.jpg\" src=\"https:\/\/www.telam.com.ar\/assets\/img\/not_image.png\" class=\" lazy \" width=\"100%\" height=\"100%\" alt=\"Foto Alfredo Luna\"><figcaption> Foto: Alfredo Luna. <\/figcaption><\/figure>\n<p>Con la idea de permanecer el menor tiempo posible en R\u00edo de Janeiro, ya que luego del partido de este martes a las 21.30 en el estadio Maracan\u00e1 los jugadores regresar\u00e1n inmediatamente a sus lugares de origen, el plantel lleg\u00f3 al hotel directamente para cenar y luego pernoctar, ingresando con premura al mismo haciendo saludos con las manos a los asistentes.<\/p>\n<p>Pero despu\u00e9s que los capitaneados por Lionel Messi desaparecieron por la puerta de acceso al hotel, los aficionados siguieron all\u00ed, mostrando con orgullo esa larga bandera argentina con la cara de Diego mencionada, y una inscripci\u00f3n que lo dice todo, m\u00e1xime en suelo brasile\u00f1o; &#8220;Hincha argentino&#8221;. <\/p>\n","protected":false},"excerpt":{"rendered":"<p>Foto: Alfredo Luna. El seleccionado argentino lleg\u00f3 este lunes por la noche, alrededor de las 22, al hotel que constituir\u00e1 por unas pocas horas su alojamiento en R\u00edo de Janeiro, y all\u00ed fue recibido por unos 200 simpatizantes ataviados con camisetas argentinas, algunos paraguas para protegerse de la lluvia intermitente que abarc\u00f3 toda la jornada [&hellip;]<\/p>\n","protected":false},"author":1,"featured_media":144160,"comment_status":"closed","ping_status":"closed","sticky":false,"template":"","format":"standard","meta":[],"categories":[21],"tags":[],"_links":{"self":[{"href":"http:\/\/cordobadirecto.com\/index.php\/wp-json\/wp\/v2\/posts\/144159"}],"collection":[{"href":"http:\/\/cordobadirecto.com\/index.php\/wp-json\/wp\/v2\/posts"}],"about":[{"href":"http:\/\/cordobadirecto.com\/index.php\/wp-json\/wp\/v2\/types\/post"}],"author":[{"embeddable":true,"href":"http:\/\/cordobadirecto.com\/index.php\/wp-json\/wp\/v2\/users\/1"}],"replies":[{"embeddable":true,"href":"http:\/\/cordobadirecto.com\/index.php\/wp-json\/wp\/v2\/comments?post=144159"}],"version-history":[{"count":0,"href":"http:\/\/cordobadirecto.com\/index.php\/wp-json\/wp\/v2\/posts\/144159\/revisions"}],"wp:featuredmedia":[{"embeddable":true,"href":"http:\/\/cordobadirecto.com\/index.php\/wp-json\/wp\/v2\/media\/144160"}],"wp:attachment":[{"href":"http:\/\/cordobadirecto.com\/index.php\/wp-json\/wp\/v2\/media?parent=144159"}],"wp:term":[{"taxonomy":"category","embeddable":true,"href":"http:\/\/cordobadirecto.com\/index.php\/wp-json\/wp\/v2\/categories?post=144159"},{"taxonomy":"post_tag","embeddable":true,"href":"http:\/\/cordobadirecto.com\/index.php\/wp-json\/wp\/v2\/tags?post=144159"}],"curies":[{"name":"wp","href":"https:\/\/api.w.org\/{rel}","templated":true}]}}