{"id":144195,"date":"2023-11-21T09:02:42","date_gmt":"2023-11-21T09:02:42","guid":{"rendered":"http:\/\/cordobadirecto.com\/index.php\/2023\/11\/21\/presentan-libro-digital-de-partituras-sobre-el-musico-riojano-camilo-matta\/"},"modified":"2023-11-21T09:02:42","modified_gmt":"2023-11-21T09:02:42","slug":"presentan-libro-digital-de-partituras-sobre-el-musico-riojano-camilo-matta","status":"publish","type":"post","link":"http:\/\/cordobadirecto.com\/index.php\/2023\/11\/21\/presentan-libro-digital-de-partituras-sobre-el-musico-riojano-camilo-matta\/","title":{"rendered":"Presentan libro digital de partituras sobre el m\u00fasico riojano Camilo Matta"},"content":{"rendered":"<figure class=\"mb-3\"><img loading=\"lazy\" data-src=\"http:\/\/cordobadirecto.com\/wp-content\/uploads\/2023\/11\/presentan-libro-digital-de-partituras-sobre-el-musico-riojano-camilo-matta.jpg\" src=\"https:\/\/www.telam.com.ar\/assets\/img\/not_image.png\" class=\" lazy \" width=\"100%\" height=\"100%\" alt=\"Camilo Matta Foto Facebook\"><figcaption> Camilo Matta. Foto: Facebook. <\/figcaption><\/figure>\n<p>El <strong>Instituto Nacional de la M\u00fasica<\/strong> (Inamu) junto a la Secretar\u00eda de Culturas de La Rioja presentar\u00e1n este martes en el D\u00eda de La M\u00fasica y lanzar\u00e1n en formato digital <strong>&#8220;Coraz\u00f3n de Febrero&#8221;<\/strong>, libro que difunde las composiciones de <strong>Camilo Matta<\/strong>, artista fundamental de la m\u00fasica y cultura riojanas.<\/p>\n<p>Esta publicaci\u00f3n contiene partituras y cancionero, labor realizada por <strong>Viviana Bognar, Luis Chazarreta <\/strong>y<strong> Leonel Guzm\u00e1n<\/strong>, quienes trabajado en la transcripci\u00f3n, cifrado y diagramas para guitarra.<\/p>\n<p>Esta tarea se debe principalmente a la iniciativa de Bognar (m\u00fasica, gestora y compa\u00f1era en vida de Camilo Matta) quien generosamente cedi\u00f3 las letras, melod\u00edas y composiciones para que toda la Argentina pueda interpretar la obra de este entra\u00f1able artista que dedic\u00f3 gran parte de su vida a jerarquizar y difundir la m\u00fasica argentina de ra\u00edz folcl\u00f3rica, coloc\u00e1ndola al servicio del arte vocal.<\/p>\n<p>&#8220;Coraz\u00f3n de Febrero&#8221; tambi\u00e9n incorpora testimonios y reflexiones de colegas, fotograf\u00edas y material escrito sobre la obra de Matta.<\/p>\n<p>Estos elementos aportan una mayor profundidad a la hora de comprender la calidad de su obra, su identidad musical y cultural, as\u00ed como su respeto por la m\u00fasica popular, preservaci\u00f3n y difusi\u00f3n. Este es un reconocimiento a la prol\u00edfica trayectoria de Matta y a una creatividad sin l\u00edmites.<\/p>\n<p>El libro digital estar\u00e1 disponible para su descarga gratuita y servir\u00e1 como material did\u00e1ctico para int\u00e9rpretes musicales, docentes, escuelas, bibliotecas y el p\u00fablico en general interesado en conocer y apreciar la obra de este destacado m\u00fasico.<\/p>\n<p>Este martes tendr\u00e1 su presentaci\u00f3n a las 11 en Caf\u00e9 Literario (Paseo Cultural) y a las 21.30 en Quincho Cultural, ambos ubicados en la ciudad de Ciudad de La Rioja. <\/p>\n","protected":false},"excerpt":{"rendered":"<p>Camilo Matta. Foto: Facebook. El Instituto Nacional de la M\u00fasica (Inamu) junto a la Secretar\u00eda de Culturas de La Rioja presentar\u00e1n este martes en el D\u00eda de La M\u00fasica y lanzar\u00e1n en formato digital &#8220;Coraz\u00f3n de Febrero&#8221;, libro que difunde las composiciones de Camilo Matta, artista fundamental de la m\u00fasica y cultura riojanas. Esta publicaci\u00f3n [&hellip;]<\/p>\n","protected":false},"author":1,"featured_media":144196,"comment_status":"closed","ping_status":"closed","sticky":false,"template":"","format":"standard","meta":[],"categories":[20],"tags":[],"_links":{"self":[{"href":"http:\/\/cordobadirecto.com\/index.php\/wp-json\/wp\/v2\/posts\/144195"}],"collection":[{"href":"http:\/\/cordobadirecto.com\/index.php\/wp-json\/wp\/v2\/posts"}],"about":[{"href":"http:\/\/cordobadirecto.com\/index.php\/wp-json\/wp\/v2\/types\/post"}],"author":[{"embeddable":true,"href":"http:\/\/cordobadirecto.com\/index.php\/wp-json\/wp\/v2\/users\/1"}],"replies":[{"embeddable":true,"href":"http:\/\/cordobadirecto.com\/index.php\/wp-json\/wp\/v2\/comments?post=144195"}],"version-history":[{"count":0,"href":"http:\/\/cordobadirecto.com\/index.php\/wp-json\/wp\/v2\/posts\/144195\/revisions"}],"wp:featuredmedia":[{"embeddable":true,"href":"http:\/\/cordobadirecto.com\/index.php\/wp-json\/wp\/v2\/media\/144196"}],"wp:attachment":[{"href":"http:\/\/cordobadirecto.com\/index.php\/wp-json\/wp\/v2\/media?parent=144195"}],"wp:term":[{"taxonomy":"category","embeddable":true,"href":"http:\/\/cordobadirecto.com\/index.php\/wp-json\/wp\/v2\/categories?post=144195"},{"taxonomy":"post_tag","embeddable":true,"href":"http:\/\/cordobadirecto.com\/index.php\/wp-json\/wp\/v2\/tags?post=144195"}],"curies":[{"name":"wp","href":"https:\/\/api.w.org\/{rel}","templated":true}]}}