{"id":144199,"date":"2023-11-20T14:16:09","date_gmt":"2023-11-20T14:16:09","guid":{"rendered":"https:\/\/www.ole.com.ar\/autos\/colapinto_0_XRzrX5d5Do.html"},"modified":"2023-11-20T14:16:09","modified_gmt":"2023-11-20T14:16:09","slug":"colapinto-correra-la-ultima-fecha-de-la-f2-en-abu-dhabi-como-sera-el-cronograma-del-argentino","status":"publish","type":"post","link":"http:\/\/cordobadirecto.com\/index.php\/2023\/11\/20\/colapinto-correra-la-ultima-fecha-de-la-f2-en-abu-dhabi-como-sera-el-cronograma-del-argentino\/","title":{"rendered":"Colapinto correr\u00e1 la \u00faltima fecha de la F2 en Abu Dhabi: \u00bfC\u00f3mo ser\u00e1 el cronograma del argentino?"},"content":{"rendered":"<div><img src=\"http:\/\/cordobadirecto.com\/wp-content\/uploads\/2023\/11\/colapinto-correra-la-ultima-fecha-de-la-f2-en-abu-dhabi-como-sera-el-cronograma-del-argentino.jpg\" class=\"ff-og-image-inserted\"><\/div>\n<div readability=\"36\">\n<p><strong><em>Semanas atr\u00e1s se confirm\u00f3 que Franco Colapinto ser\u00e1 piloto de F\u00f3mula 2 durante el 2024<\/em><\/strong>, algo realmente motivador y gratificante para el j\u00f3ven argentino, quien ven\u00eda trabajando intensamente junto a su equipo para que eso suceda. <\/p>\n<\/div>\n<div readability=\"35\">\n<p><strong><em>Esto conlleva a que tambi\u00e9n dispute la \u00faltima fecha de la temporada de la categor\u00eda en el Circuito de Yas Marina<\/em><\/strong>, con el equipo MP Motorsport, el fin de semana del 25 y 26 de noviembre.<\/p>\n<\/div>\n<div readability=\"35\">\n<p>Luego, como si esto fuera poco, <strong><em>la Escuder\u00eda Williams de F\u00f3rmula 1 anunci\u00f3 que el representante argentino se subira al FW45 para ser parte de los Rookie Test<\/em><\/strong> de la &#8220;m\u00e1xima&#8221; el pr\u00f3ximo martes 28.<\/p>\n<\/div>\n<div readability=\"40\">\n<p>Pero, adem\u00e1s de todo lo que remarcamos, que obviamente es algo altamente positivo, faltaba un cap\u00edtulo m\u00e1s: <strong><em>Colapinto tambi\u00e9n estar\u00e1 realizando las pruebas post temporada de F\u00f3rmula 2<\/em><\/strong>, en el mismo escenario, los d\u00edas mi\u00e9rcoles 29, jueves 30\/11 y el viernes 1\/12.<\/p>\n<\/div>\n<div readability=\"32\">\n<p><strong><em><u>LOS HORARIOS PARA SEGUIR A COLAPINTO<\/u><\/em><\/strong><\/p>\n<\/div>\n","protected":false},"excerpt":{"rendered":"<p>Semanas atr\u00e1s se confirm\u00f3 que Franco Colapinto ser\u00e1 piloto de F\u00f3mula 2 durante el 2024, algo realmente motivador y gratificante para el j\u00f3ven argentino, quien ven\u00eda trabajando intensamente junto a su equipo para que eso suceda. Esto conlleva a que tambi\u00e9n dispute la \u00faltima fecha de la temporada de la categor\u00eda en el Circuito de [&hellip;]<\/p>\n","protected":false},"author":1,"featured_media":144200,"comment_status":"closed","ping_status":"closed","sticky":false,"template":"","format":"standard","meta":[],"categories":[21],"tags":[],"_links":{"self":[{"href":"http:\/\/cordobadirecto.com\/index.php\/wp-json\/wp\/v2\/posts\/144199"}],"collection":[{"href":"http:\/\/cordobadirecto.com\/index.php\/wp-json\/wp\/v2\/posts"}],"about":[{"href":"http:\/\/cordobadirecto.com\/index.php\/wp-json\/wp\/v2\/types\/post"}],"author":[{"embeddable":true,"href":"http:\/\/cordobadirecto.com\/index.php\/wp-json\/wp\/v2\/users\/1"}],"replies":[{"embeddable":true,"href":"http:\/\/cordobadirecto.com\/index.php\/wp-json\/wp\/v2\/comments?post=144199"}],"version-history":[{"count":0,"href":"http:\/\/cordobadirecto.com\/index.php\/wp-json\/wp\/v2\/posts\/144199\/revisions"}],"wp:featuredmedia":[{"embeddable":true,"href":"http:\/\/cordobadirecto.com\/index.php\/wp-json\/wp\/v2\/media\/144200"}],"wp:attachment":[{"href":"http:\/\/cordobadirecto.com\/index.php\/wp-json\/wp\/v2\/media?parent=144199"}],"wp:term":[{"taxonomy":"category","embeddable":true,"href":"http:\/\/cordobadirecto.com\/index.php\/wp-json\/wp\/v2\/categories?post=144199"},{"taxonomy":"post_tag","embeddable":true,"href":"http:\/\/cordobadirecto.com\/index.php\/wp-json\/wp\/v2\/tags?post=144199"}],"curies":[{"name":"wp","href":"https:\/\/api.w.org\/{rel}","templated":true}]}}