{"id":144207,"date":"2023-11-21T11:43:40","date_gmt":"2023-11-21T11:43:40","guid":{"rendered":"http:\/\/cordobadirecto.com\/index.php\/2023\/11\/21\/massa-seguira-como-ministro-de-economia-y-designo-equipo-para-la-transicion\/"},"modified":"2023-11-21T11:43:40","modified_gmt":"2023-11-21T11:43:40","slug":"massa-seguira-como-ministro-de-economia-y-designo-equipo-para-la-transicion","status":"publish","type":"post","link":"http:\/\/cordobadirecto.com\/index.php\/2023\/11\/21\/massa-seguira-como-ministro-de-economia-y-designo-equipo-para-la-transicion\/","title":{"rendered":"Massa seguir\u00e1 como ministro de <b>Econom\u00eda<\/b> y design\u00f3 equipo para la transici\u00f3n"},"content":{"rendered":"<p>Dijo que seguir\u00e1 hasta el 10 de diciembre, d\u00eda en que asuma el <b>nuevo<\/b> &#8230; Legislatura <b>C\u00f3rdoba<\/b>ActualidadAmbienteColumnas ResaltadasNoticias <b>C\u00f3rdoba<\/b>Pueblos&nbsp;&#8230; <\/p>\n","protected":false},"excerpt":{"rendered":"<p>Dijo que seguir\u00e1 hasta el 10 de diciembre, d\u00eda en que asuma el nuevo &#8230; Legislatura C\u00f3rdobaActualidadAmbienteColumnas ResaltadasNoticias C\u00f3rdobaPueblos&nbsp;&#8230;<\/p>\n","protected":false},"author":1,"featured_media":0,"comment_status":"closed","ping_status":"closed","sticky":false,"template":"","format":"standard","meta":[],"categories":[40],"tags":[],"_links":{"self":[{"href":"http:\/\/cordobadirecto.com\/index.php\/wp-json\/wp\/v2\/posts\/144207"}],"collection":[{"href":"http:\/\/cordobadirecto.com\/index.php\/wp-json\/wp\/v2\/posts"}],"about":[{"href":"http:\/\/cordobadirecto.com\/index.php\/wp-json\/wp\/v2\/types\/post"}],"author":[{"embeddable":true,"href":"http:\/\/cordobadirecto.com\/index.php\/wp-json\/wp\/v2\/users\/1"}],"replies":[{"embeddable":true,"href":"http:\/\/cordobadirecto.com\/index.php\/wp-json\/wp\/v2\/comments?post=144207"}],"version-history":[{"count":0,"href":"http:\/\/cordobadirecto.com\/index.php\/wp-json\/wp\/v2\/posts\/144207\/revisions"}],"wp:attachment":[{"href":"http:\/\/cordobadirecto.com\/index.php\/wp-json\/wp\/v2\/media?parent=144207"}],"wp:term":[{"taxonomy":"category","embeddable":true,"href":"http:\/\/cordobadirecto.com\/index.php\/wp-json\/wp\/v2\/categories?post=144207"},{"taxonomy":"post_tag","embeddable":true,"href":"http:\/\/cordobadirecto.com\/index.php\/wp-json\/wp\/v2\/tags?post=144207"}],"curies":[{"name":"wp","href":"https:\/\/api.w.org\/{rel}","templated":true}]}}