{"id":14432,"date":"2021-08-17T22:40:00","date_gmt":"2021-08-17T22:40:00","guid":{"rendered":"http:\/\/cordobadirecto.com\/index.php\/2021\/08\/17\/los-talibanes-se-quedaron-con-una-buena-cantidad-de-las-armas-de-eeuu\/"},"modified":"2021-08-17T22:40:00","modified_gmt":"2021-08-17T22:40:00","slug":"los-talibanes-se-quedaron-con-una-buena-cantidad-de-las-armas-de-eeuu","status":"publish","type":"post","link":"http:\/\/cordobadirecto.com\/index.php\/2021\/08\/17\/los-talibanes-se-quedaron-con-una-buena-cantidad-de-las-armas-de-eeuu\/","title":{"rendered":"Los talibanes se quedaron con &#8220;una buena cantidad&#8221; de las armas de EEUU"},"content":{"rendered":"<div class=\"image\" id=\"image\" readability=\"7\"> <img src=\"http:\/\/cordobadirecto.com\/wp-content\/uploads\/2021\/08\/los-talibanes-se-quedaron-con-una-buena-cantidad-de-las-armas-de-eeuu.jpg\" alt=\"Los talibanes tomaron Kabul al poco del tiempo de que EEUU retirara sus tropas de Afganist\u00e1n\" title=\"Los talibanes tomaron Kabul al poco del tiempo de que EEUU retirara sus tropas de Afganist\u00e1n\"><\/p>\n<p>Los talibanes tomaron Kabul al poco del tiempo de que EEUU retirara sus tropas de Afganist\u00e1n<\/p>\n<\/div>\n<p>La Casa Blanca inform\u00f3 este martes que gran parte de las armas estadounidenses entregadas a las fuerzas armadas afganas se encuentran ahora en poder de los talibanes y que el presidente Joe Biden no ha hablado con ninguno otro l\u00edder mundial desde que el movimiento islamista tom\u00f3 el poder del pa\u00eds.<\/p>\n<p>&#8220;Todav\u00eda no ha hablado con ning\u00fan otro l\u00edder mundial&#8221;, comunic\u00f3 este martes <strong>Jake Sullivan, asesor de seguridad nacional, en una conferencia de prensa desde la Casa Blanca, en la que adem\u00e1s inform\u00f3 que ya termin\u00f3 la evacuaci\u00f3n del personal diplom\u00e1tico<\/strong> estadounidense.<\/p>\n<p>&#8220;Yo mismo, el secretario (Antony) Blinken y varios otros miembros de alto nivel del equipo hemos estado en contacto de forma regular con hom\u00f3logos extranjeros y tenemos la intenci\u00f3n de hacerlo en los pr\u00f3ximos d\u00edas&#8221;, anticip\u00f3, citado por la agencia de noticias AFP.<\/p>\n<p>En la misma l\u00ednea, <strong>Sullivan declar\u00f3 que una buena cantidad de armas estadounidenses entregadas a las fuerzas armadas afganas ahora est\u00e1n en poder de los talibanes, luego de que tomaran el control de Afganist\u00e1n<\/strong> tras dos d\u00e9cadas de guerra con Estados Unidos.<\/p>\n<p>Fotos y videos muestran a los talibanes con armas de fuego y veh\u00edculos que usaron las tropas del Pent\u00e1gono o que proveyeron a las fuerzas de seguridad nacional afganas, as\u00ed como con avanzados helic\u00f3ptero UH-60 Black Hawk y otros equipos en el aeropuerto de Kandahar.<\/p>\n<p><strong>&#8220;No tenemos una idea completa, obviamente, de d\u00f3nde ha ido a parar cada art\u00edculo de material de defensa, pero ciertamente una buena cantidad ha ca\u00eddo en manos de los talibanes y, obviamente, no creemos que nos las van a entregar f\u00e1cilmente en el aeropuerto&#8221;<\/strong>, declar\u00f3, citado por la agencia de noticias Sputnik.<\/p>\n<p>Sullivan argument\u00f3 que la p\u00e9rdida del control de suministros militares de millones de d\u00f3lares a manos de un actor pol\u00edtico-militar al que hace d\u00e9cadas consideran como un enemigo es un ejemplo de &#8220;la dif\u00edcil decisi\u00f3n que enfrenta el presidente en el contexto del fin de una guerra de 20 a\u00f1os&#8221;.<\/p>\n<p>Tambi\u00e9n intent\u00f3 transmitir tranquilidad descartando la posibilidad de que los talibanes establezcan una relaci\u00f3n &#8220;simbi\u00f3tica&#8221; con el Estado Isl\u00e1mico (EI).<\/p>\n<div class=\"image\" id=\"image\" readability=\"8\"> <img src=\"http:\/\/cordobadirecto.com\/wp-content\/uploads\/2021\/08\/los-talibanes-se-quedaron-con-una-buena-cantidad-de-las-armas-de-eeuu-1.jpg\" alt=\"Fotos y videos muestran a los talibanes con armas de fuego y veh\u00edculos que usaron las tropas del Pent\u00e1gono\" title=\"Fotos y videos muestran a los talibanes con armas de fuego y veh\u00edculos que usaron las tropas del Pent\u00e1gono\"><\/p>\n<p>Fotos y videos muestran a los talibanes con armas de fuego y veh\u00edculos que usaron las tropas del Pent\u00e1gono<\/p>\n<\/div>\n<p><br open><br \/>\n<strong>&#8220;Est\u00e1 bastante bien documentado que los talibanes y el ISIS-K (EI) luchan entre s\u00ed, as\u00ed que no preveo una relaci\u00f3n simbi\u00f3tica all\u00ed, aunque estos son escenarios din\u00e1micos, por lo que tendremos que ver c\u00f3mo evoluciona&#8221;<\/strong>, analiz\u00f3.<\/p>\n<p>Los talibanes iniciaron su ofensiva en mayo, luego que Biden anunciara la salida de las tropas estadounidenses para finales de este mes, y tras tomar casi todo el pa\u00eds en los \u00faltimos diez d\u00edas, entraron en Kabul el domingo pasado y provocaron la huida del presidente Ashraf Ghani.<\/p>\n<p><strong>Las fuerzas gubernamentales, que hab\u00edan sido respaldadas por las tropas estadounidenses desde 2001 <\/strong>hasta el anuncio de su repliegue tres meses atr\u00e1s, <strong>sucumbieron r\u00e1pidamente ante la insurgencia islamista <\/strong>y cedieron el control de grandes almacenes de armamento.<\/p>\n<p>La repentina carrera para sacar a los extranjeros de Afganist\u00e1n tras la victoria de los talibanes agarr\u00f3 desprevenida a la Casa Blanca y despert\u00f3 preocupaci\u00f3n en Europa por la posible llegada masiva de refugiados.<\/p>\n<p>Luego de horas de tensi\u00f3n por las aglomeraciones desencadenadas por los miles de ciudadanos afganos y diplom\u00e1ticos que se agolparon ayer en el aeropuerto de Kabul en un intento desesperado por salir de Afganist\u00e1n, que desemboc\u00f3 en el cierre del establecimiento por problemas de seguridad, esta madrugada el Pent\u00e1gono anunci\u00f3 la reanudaci\u00f3n de las operaciones de evacuaci\u00f3n.<\/p>\n<p>Este martes, el vocero del Departamento de Estado, Ned Price, inform\u00f3 que si bien ya se hab\u00eda concluido con el retiro de su principal presencia diplom\u00e1tica, parte del personal de la embajada permanec\u00eda en Afganist\u00e1n para ayudar en los esfuerzos de evacuaci\u00f3n en el aeropuerto.<\/p>\n<p><strong>&#8220;Ahora hemos completado nuestra reducci\u00f3n de la presencia diplom\u00e1tica y en este momento ya no necesitamos facilitar las salidas para nuestro personal de la embajada&#8221;, asever\u00f3 Price<\/strong>, en conferencia de prensa.<\/p>\n<p>La salida definitiva del ej\u00e9rcito estadounidense de Afganist\u00e1n, que hab\u00eda sido acordada por el expresidente Donald Trump (2017-2021) y los talibanes, se concretar\u00e1 en las pr\u00f3ximas semanas; una decisi\u00f3n defendida por Biden ya que, seg\u00fan \u00e9l, los estadounidenses &#8220;no deben morir en una guerra que los afganos no est\u00e1n dispuestos a luchar por s\u00ed mismos&#8221;.<\/p>\n<p>Actualmente, seg\u00fan la vocera de la Casa Blanca, Jen Psaki, la atenci\u00f3n del Gobierno se centra en el tenso proceso de evacuaci\u00f3n de miles de estadounidenses y aliados afganos de Kabul, lo que implica &#8220;una coordinaci\u00f3n a un nivel inferior al de los l\u00edderes y jefes de Estado&#8221;.<\/p>\n<p>Sullivan afirm\u00f3 hoy que los talibanes les prometieron &#8220;un pase seguro&#8221; para los civiles que quieran abandonar el pa\u00eds. <\/p>\n","protected":false},"excerpt":{"rendered":"<p>Los talibanes tomaron Kabul al poco del tiempo de que EEUU retirara sus tropas de Afganist\u00e1n La Casa Blanca inform\u00f3 este martes que gran parte de las armas estadounidenses entregadas a las fuerzas armadas afganas se encuentran ahora en poder de los talibanes y que el presidente Joe Biden no ha hablado con ninguno otro [&hellip;]<\/p>\n","protected":false},"author":1,"featured_media":14433,"comment_status":"closed","ping_status":"closed","sticky":false,"template":"","format":"standard","meta":[],"categories":[24],"tags":[],"_links":{"self":[{"href":"http:\/\/cordobadirecto.com\/index.php\/wp-json\/wp\/v2\/posts\/14432"}],"collection":[{"href":"http:\/\/cordobadirecto.com\/index.php\/wp-json\/wp\/v2\/posts"}],"about":[{"href":"http:\/\/cordobadirecto.com\/index.php\/wp-json\/wp\/v2\/types\/post"}],"author":[{"embeddable":true,"href":"http:\/\/cordobadirecto.com\/index.php\/wp-json\/wp\/v2\/users\/1"}],"replies":[{"embeddable":true,"href":"http:\/\/cordobadirecto.com\/index.php\/wp-json\/wp\/v2\/comments?post=14432"}],"version-history":[{"count":0,"href":"http:\/\/cordobadirecto.com\/index.php\/wp-json\/wp\/v2\/posts\/14432\/revisions"}],"wp:featuredmedia":[{"embeddable":true,"href":"http:\/\/cordobadirecto.com\/index.php\/wp-json\/wp\/v2\/media\/14433"}],"wp:attachment":[{"href":"http:\/\/cordobadirecto.com\/index.php\/wp-json\/wp\/v2\/media?parent=14432"}],"wp:term":[{"taxonomy":"category","embeddable":true,"href":"http:\/\/cordobadirecto.com\/index.php\/wp-json\/wp\/v2\/categories?post=14432"},{"taxonomy":"post_tag","embeddable":true,"href":"http:\/\/cordobadirecto.com\/index.php\/wp-json\/wp\/v2\/tags?post=14432"}],"curies":[{"name":"wp","href":"https:\/\/api.w.org\/{rel}","templated":true}]}}